{"id":4770,"date":"2025-04-02T09:38:42","date_gmt":"2025-04-02T12:38:42","guid":{"rendered":"https:\/\/utfpr.curitiba.br\/dagee\/?p=4770"},"modified":"2025-04-02T09:38:44","modified_gmt":"2025-04-02T12:38:44","slug":"inscricoes-abertas-para-dupla-diplomacao","status":"publish","type":"post","link":"https:\/\/utfpr.curitiba.br\/dagee\/inscricoes-abertas-para-dupla-diplomacao\/","title":{"rendered":"Inscri\u00e7\u00f5es abertas para Dupla Diploma\u00e7\u00e3o!"},"content":{"rendered":"\n<hr class=\"wp-block-separator has-alpha-channel-opacity\" \/>\n\n\n\n<p><strong>EDITAL 8\/2025 &#8211; DIRGRAD &#8211; Curitiba &#8211; PROGRAMA DE DUPLA DIPLOMA\u00c7\u00c3O ENTRE O CURSO DE ADMINISTRA\u00c7\u00c3O- UTFPR CAMPUS CURITIBA &#8211; BRASIL E O INSTITUTO POLIT\u00c9CNICO DE BRAGAN\u00c7A (IPB) &#8211; PORTUGAL<\/strong><\/p>\n\n\n\n<hr class=\"wp-block-separator has-alpha-channel-opacity\" \/>\n\n\n\n<p>A Diretoria de Gradua\u00e7\u00e3o e Educa\u00e7\u00e3o Profissional da Universidade Tecnol\u00f3gica Federal do Paran\u00e1 (UTFPR) \u2013 Campus Curitiba, no uso de suas atribui\u00e7\u00f5es estatut\u00e1rias e regimentais, torna p\u00fablico que est\u00e3o abertas as inscri\u00e7\u00f5es para sele\u00e7\u00e3o de estudantes ao Programa de Dupla Diploma\u00e7\u00e3o com o Instituto Polit\u00e9cnico de Bragan\u00e7a (IPB) \u2010 Portugal, de acordo com o que estabelece o presente Edital.<\/p>\n\n\n\n<p>O in\u00edcio previsto para as atividades de Dupla Diploma\u00e7\u00e3o no IPB ser\u00e1 em<strong> setembro de 2025<\/strong>.<\/p>\n\n\n\n<p><strong>DOS PR\u00c9-REQUISITOS PARA INSCRI\u00c7\u00c3O<\/strong>:<\/p>\n\n\n\n<p>1 &#8211; Estar matriculado no curso da UTFPR Campus Curitiba, cursando, no m\u00ednimo,\u00a0o 7\u00ba\u00a0per\u00edodo na data do fechamento das inscri\u00e7\u00f5es.<\/p>\n\n\n\n<p>2 &#8211; Possuir coeficiente de rendimento (CR) absoluto m\u00ednimo de 0,70 no ato da inscri\u00e7\u00e3o.<\/p>\n\n\n\n<p>3 &#8211; Ter a possibilidade de morar em Portugal por pelo menos dois semestres letivos do IPB.<\/p>\n\n\n\n<p>4 &#8211; N\u00e3o ter impedimentos para participar de eventuais atividades acad\u00eamicas aos s\u00e1bados, domingos e feriados.<\/p>\n\n\n\n<p>Leia o edital na \u00edntegra e fique atento para n\u00e3o perder nada!<\/p>\n\n\n\n<p>Link para o edital: <a href=\"https:\/\/sei.utfpr.edu.br\/sei\/publicacoes\/controlador_publicacoes.php?acao=publicacao_visualizar&amp;id_documento=5247676&amp;id_orgao_publicacao=0\">https:\/\/sei.utfpr.edu.br\/sei\/publicacoes\/controlador_publicacoes.php?acao=publicacao_visualizar&amp;id_documento=5247676&amp;id_orgao_publicacao=0<\/a><\/p>\n\n\n\n<p>Documento com o edital e formul\u00e1rios na \u00edntegra para baixar:<\/p>\n\n\n\n<div data-wp-interactive=\"core\/file\" class=\"wp-block-file\"><object data-wp-bind--hidden=\"!state.hasPdfPreview\" hidden class=\"wp-block-file__embed\" data=\"https:\/\/utfpr-ct-static-content.s3.amazonaws.com\/utfpr.curitiba.br\/wp-content\/uploads\/sites\/64\/2025\/04\/SEI_4804438_Graduacao__Edital___DIRGRAD_8.pdf\" type=\"application\/pdf\" style=\"width:100%;height:400px\" aria-label=\"Incorporado de SEI_4804438_Graduacao__Edital___DIRGRAD_8.\"><\/object><a id=\"wp-block-file--media-b520522b-2b1d-4e0b-a6b6-0a73c7f3515a\" href=\"https:\/\/utfpr-ct-static-content.s3.amazonaws.com\/utfpr.curitiba.br\/wp-content\/uploads\/sites\/64\/2025\/04\/SEI_4804438_Graduacao__Edital___DIRGRAD_8.pdf\" target=\"_blank\" rel=\"noreferrer noopener\">SEI_4804438_Graduacao__Edital___DIRGRAD_8<\/a><a href=\"https:\/\/utfpr-ct-static-content.s3.amazonaws.com\/utfpr.curitiba.br\/wp-content\/uploads\/sites\/64\/2025\/04\/SEI_4804438_Graduacao__Edital___DIRGRAD_8.pdf\" class=\"wp-block-file__button wp-element-button\" download aria-describedby=\"wp-block-file--media-b520522b-2b1d-4e0b-a6b6-0a73c7f3515a\">Baixar<\/a><\/div>\n","protected":false},"excerpt":{"rendered":"<p>EDITAL 8\/2025 &#8211; DIRGRAD &#8211; Curitiba &#8211; PROGRAMA DE DUPLA DIPLOMA\u00c7\u00c3O ENTRE O CURSO DE ADMINISTRA\u00c7\u00c3O- UTFPR CAMPUS CURITIBA &#8211; BRASIL E O INSTITUTO POLIT\u00c9CNICO DE BRAGAN\u00c7A (IPB) &#8211; PORTUGAL A Diretoria de Gradua\u00e7\u00e3o e Educa\u00e7\u00e3o Profissional da Universidade Tecnol\u00f3gica Federal do Paran\u00e1 (UTFPR) \u2013 Campus Curitiba, no uso de suas atribui\u00e7\u00f5es estatut\u00e1rias e regimentais, &hellip; <\/p>\n<p class=\"link-more\"><a href=\"https:\/\/utfpr.curitiba.br\/dagee\/inscricoes-abertas-para-dupla-diplomacao\/\" class=\"more-link\">Continue lendo<span class=\"screen-reader-text\"> &#8220;Inscri\u00e7\u00f5es abertas para Dupla Diploma\u00e7\u00e3o!&#8221;<\/span><\/a><\/p>\n","protected":false},"author":319,"featured_media":0,"comment_status":"closed","ping_status":"closed","sticky":false,"template":"","format":"standard","meta":{"footnotes":""},"categories":[1],"tags":[],"class_list":["post-4770","post","type-post","status-publish","format-standard","hentry","category-sem-categoria"],"_links":{"self":[{"href":"https:\/\/utfpr.curitiba.br\/dagee\/wp-json\/wp\/v2\/posts\/4770","targetHints":{"allow":["GET"]}}],"collection":[{"href":"https:\/\/utfpr.curitiba.br\/dagee\/wp-json\/wp\/v2\/posts"}],"about":[{"href":"https:\/\/utfpr.curitiba.br\/dagee\/wp-json\/wp\/v2\/types\/post"}],"author":[{"embeddable":true,"href":"https:\/\/utfpr.curitiba.br\/dagee\/wp-json\/wp\/v2\/users\/319"}],"replies":[{"embeddable":true,"href":"https:\/\/utfpr.curitiba.br\/dagee\/wp-json\/wp\/v2\/comments?post=4770"}],"version-history":[{"count":1,"href":"https:\/\/utfpr.curitiba.br\/dagee\/wp-json\/wp\/v2\/posts\/4770\/revisions"}],"predecessor-version":[{"id":4772,"href":"https:\/\/utfpr.curitiba.br\/dagee\/wp-json\/wp\/v2\/posts\/4770\/revisions\/4772"}],"wp:attachment":[{"href":"https:\/\/utfpr.curitiba.br\/dagee\/wp-json\/wp\/v2\/media?parent=4770"}],"wp:term":[{"taxonomy":"category","embeddable":true,"href":"https:\/\/utfpr.curitiba.br\/dagee\/wp-json\/wp\/v2\/categories?post=4770"},{"taxonomy":"post_tag","embeddable":true,"href":"https:\/\/utfpr.curitiba.br\/dagee\/wp-json\/wp\/v2\/tags?post=4770"}],"curies":[{"name":"wp","href":"https:\/\/api.w.org\/{rel}","templated":true}]}}