{"id":4705,"date":"2025-03-07T17:32:54","date_gmt":"2025-03-07T20:32:54","guid":{"rendered":"https:\/\/utfpr.curitiba.br\/dagee\/?p=4705"},"modified":"2025-03-07T17:41:15","modified_gmt":"2025-03-07T20:41:15","slug":"disciplina-de-gestao-de-projetos-do-curso-de-administracao-da-utfpr-realiza-acao-em-parceria-com-a-ong-minha-vida-mudou","status":"publish","type":"post","link":"https:\/\/utfpr.curitiba.br\/dagee\/disciplina-de-gestao-de-projetos-do-curso-de-administracao-da-utfpr-realiza-acao-em-parceria-com-a-ong-minha-vida-mudou\/","title":{"rendered":"Disciplina de Gest\u00e3o de Projetos do curso de Administra\u00e7\u00e3o da UTFPR realiza a\u00e7\u00e3o em parceria com a ONG \u201cMinha Vida Mudou\u201d."},"content":{"rendered":"\n<figure class=\"wp-block-image size-large\"><img fetchpriority=\"high\" decoding=\"async\" width=\"1024\" height=\"768\" src=\"https:\/\/utfpr-ct-static-content.s3.amazonaws.com\/utfpr.curitiba.br\/wp-content\/uploads\/sites\/64\/2025\/03\/WhatsApp-Image-2025-02-17-at-10.13.18-1-2-1024x768.jpeg\" alt=\"\" class=\"wp-image-4746\" srcset=\"https:\/\/utfpr-ct-static-content.s3.amazonaws.com\/utfpr.curitiba.br\/wp-content\/uploads\/sites\/64\/2025\/03\/WhatsApp-Image-2025-02-17-at-10.13.18-1-2-1024x768.jpeg 1024w, https:\/\/utfpr-ct-static-content.s3.amazonaws.com\/utfpr.curitiba.br\/wp-content\/uploads\/sites\/64\/2025\/03\/WhatsApp-Image-2025-02-17-at-10.13.18-1-2-300x225.jpeg 300w, https:\/\/utfpr-ct-static-content.s3.amazonaws.com\/utfpr.curitiba.br\/wp-content\/uploads\/sites\/64\/2025\/03\/WhatsApp-Image-2025-02-17-at-10.13.18-1-2-768x576.jpeg 768w, https:\/\/utfpr-ct-static-content.s3.amazonaws.com\/utfpr.curitiba.br\/wp-content\/uploads\/sites\/64\/2025\/03\/WhatsApp-Image-2025-02-17-at-10.13.18-1-2-1536x1152.jpeg 1536w, https:\/\/utfpr-ct-static-content.s3.amazonaws.com\/utfpr.curitiba.br\/wp-content\/uploads\/sites\/64\/2025\/03\/WhatsApp-Image-2025-02-17-at-10.13.18-1-2.jpeg 1600w\" sizes=\"(max-width: 706px) 89vw, (max-width: 767px) 82vw, 740px\" \/><\/figure>\n\n\n\n<p>Em 15 de fevereiro a turma de Gest\u00e3o de Projetos do curso de Administra\u00e7\u00e3o da UTFPR realizou uma a\u00e7\u00e3o em parceria com a ONG \u201cMinha Vida Mudou\u201d.<br>O professor do Dagee Higor Leite, respons\u00e1vel pela iniciativa, prop\u00f5e todo semestre uma avalia\u00e7\u00e3o pr\u00e1tica em que os alunos da disciplina, com seu aux\u00edlio, colocam em a\u00e7\u00e3o os conhecimentos te\u00f3ricos adquiridos.<\/p>\n\n\n\n<p>Este ano a a\u00e7\u00e3o escolhida foi auxiliar com a renova\u00e7\u00e3o e pintura do espa\u00e7o da ONG \u201cMinha Vida Mudou\u201d. \u00a0Dentro do escopo da disciplina, os estudantes s\u00e3o respons\u00e1veis por todo o planejamento e arrecada\u00e7\u00e3o do valor necess\u00e1rio para realizar o projeto. Nesta edi\u00e7\u00e3o, o valor arrecadado pelos alunos foi de R$3.668,00!<\/p>\n\n\n\n<p>Objetivando entender um pouco mais sobre a a\u00e7\u00e3o e o modo como ela foi planejada, entrevistamos dois alunos que participaram da a\u00e7\u00e3o e a presidente da ONG parceira. Elaboramos algumas perguntas para nortear os entrevistados, que concordaram em publicar seus depoimentos, os questionamentos foram os seguintes:<\/p>\n\n\n\n<p>1 &#8211; Gostaria de saber um pouquinho sobre a iniciativa de modo geral e como foi viver essa experi\u00eancia dentro de uma disciplina do curso de Administra\u00e7\u00e3o.<\/p>\n\n\n\n<p>2 &#8211; Como foi o processo de organiza\u00e7\u00e3o para levantar os fundos necess\u00e1rios para realizar a pintura e como foi a escolha e o contato com a ONG contemplada? O calend\u00e1rio acad\u00eamico gerou alguma complica\u00e7\u00e3o para as etapas da obra?<\/p>\n\n\n\n<p>3 &#8211; Para finalizar, gostaria que voc\u00ea falasse um pouco mais sobre a sua participa\u00e7\u00e3o e sobre o impacto desta a\u00e7\u00e3o na sua forma\u00e7\u00e3o profissional, compartilhando suas impress\u00f5es gerais.<\/p>\n\n\n\n<p>Confira a seguir os depoimentos dos envolvidos:<\/p>\n\n\n\n<div class=\"wp-block-columns is-layout-flex wp-container-core-columns-is-layout-9d6595d7 wp-block-columns-is-layout-flex\">\n<div class=\"wp-block-column is-layout-flow wp-block-column-is-layout-flow\" style=\"flex-basis:33.33%\">\n<figure class=\"wp-block-image size-large is-style-rounded\"><img decoding=\"async\" width=\"682\" height=\"1024\" src=\"https:\/\/utfpr-ct-static-content.s3.amazonaws.com\/utfpr.curitiba.br\/wp-content\/uploads\/sites\/64\/2025\/03\/WhatsApp-Image-2025-03-07-at-10.48.26-2-682x1024.jpeg\" alt=\"\" class=\"wp-image-4714\" srcset=\"https:\/\/utfpr-ct-static-content.s3.amazonaws.com\/utfpr.curitiba.br\/wp-content\/uploads\/sites\/64\/2025\/03\/WhatsApp-Image-2025-03-07-at-10.48.26-2-682x1024.jpeg 682w, https:\/\/utfpr-ct-static-content.s3.amazonaws.com\/utfpr.curitiba.br\/wp-content\/uploads\/sites\/64\/2025\/03\/WhatsApp-Image-2025-03-07-at-10.48.26-2-200x300.jpeg 200w, https:\/\/utfpr-ct-static-content.s3.amazonaws.com\/utfpr.curitiba.br\/wp-content\/uploads\/sites\/64\/2025\/03\/WhatsApp-Image-2025-03-07-at-10.48.26-2-768x1152.jpeg 768w, https:\/\/utfpr-ct-static-content.s3.amazonaws.com\/utfpr.curitiba.br\/wp-content\/uploads\/sites\/64\/2025\/03\/WhatsApp-Image-2025-03-07-at-10.48.26-2.jpeg 853w\" sizes=\"(max-width: 682px) 100vw, 682px\" \/><\/figure>\n<\/div>\n\n\n\n<div class=\"wp-block-column is-layout-flow wp-block-column-is-layout-flow\" style=\"flex-basis:66.66%\">\n<p><\/p>\n\n\n\n<p><\/p>\n\n\n\n<p><strong>Depoimento 01: <\/strong><\/p>\n\n\n\n<p>Joice Vieira,  27 anos<\/p>\n\n\n\n<p> 8\u00b0 per\u00edodo do Curso de Administra\u00e7\u00e3o da UTFPR<\/p>\n<\/div>\n\n\n\n<div class=\"wp-block-column is-layout-flow wp-block-column-is-layout-flow\"><\/div>\n<\/div>\n\n\n\n<p>&#8220;1 &#8211; A iniciativa foi sugerida pelo professor Higor, da disciplina de elabora\u00e7\u00e3o e gest\u00e3o de projetos, como parte de nossa avalia\u00e7\u00e3o, o que foi incr\u00edvel, pois pela primeira vez em 3 anos e meio de curso, realizamos uma atividade externa com cunho social.<br>A realiza\u00e7\u00e3o do projeto, al\u00e9m de ter sido integrador, no quesito de compreender custos, prazos e demandas necess\u00e1rias, tamb\u00e9m refor\u00e7ou um dos pilares nos quais a universidade \u00e9 pautada: EXTENS\u00c3O, levando servi\u00e7os para fora das paredes da academia.<\/p>\n\n\n\n<p>2 &#8211; A organiza\u00e7\u00e3o foi sugerida pelo professor, onde a turma foi dividida em grupos, e cada um deles deveria criar uma estrat\u00e9gia para a arrecada\u00e7\u00e3o de fundos.<br>Em meu grupo, tivemos a ideia de vender brownies, que foram feitos pelo Mauricio, um de nossos integrantes. Nos intervalos entre aulas, sa\u00edmos pelo p\u00e1tio oferecendo a outros alunos, al\u00e9m de termos feito sucesso no DAGEE com os doces.<br>A ong escolhida, MINHA VIDA MUDOU, foi contato direto do professor Higor, que j\u00e1 atua na mesma como professor volunt\u00e1rio, e o pintor que nos auxiliou, tamb\u00e9m \u00e9 volunt\u00e1rio no mesmo lugar.<\/p>\n\n\n\n<p>3 &#8211; Para mim, como pessoa e profissional, a experi\u00eancia de ter participado desse projeto foi de extrema import\u00e2ncia, visto o impacto da realiza\u00e7\u00e3o de todas as etapas para compreender a elabora\u00e7\u00e3o e a gest\u00e3o de um projeto real, em que os resultados gerar\u00e3o tamb\u00e9m impactos na vida das crian\u00e7as que s\u00e3o beneficiadas pelo projeto, que oferta modalidades esportivas na regi\u00e3o do CIC.<br>Lidar com as diferen\u00e7as entre or\u00e7amentos, os reajustes de pre\u00e7os na virada do ano, e a necessidade de arrecadar mais dinheiro do que o previsto inicialmente foram pontos desafiadores, que exigiram a\u00e7\u00f5es r\u00e1pidas, e que com certeza influenciar\u00e3o positivamente os pr\u00f3ximos projetos nos quais eu for envolvida em meu trabalho ou vida pessoal.&#8221;<\/p>\n\n\n\n<div class=\"wp-block-columns is-layout-flex wp-container-core-columns-is-layout-9d6595d7 wp-block-columns-is-layout-flex\">\n<div class=\"wp-block-column is-layout-flow wp-block-column-is-layout-flow\" style=\"flex-basis:33.33%\">\n<figure class=\"wp-block-image size-large is-style-rounded\"><img decoding=\"async\" width=\"768\" height=\"1024\" src=\"https:\/\/utfpr-ct-static-content.s3.amazonaws.com\/utfpr.curitiba.br\/wp-content\/uploads\/sites\/64\/2025\/03\/WhatsApp-Image-2025-02-20-at-09.34.28-768x1024.jpeg\" alt=\"\" class=\"wp-image-4715\" srcset=\"https:\/\/utfpr-ct-static-content.s3.amazonaws.com\/utfpr.curitiba.br\/wp-content\/uploads\/sites\/64\/2025\/03\/WhatsApp-Image-2025-02-20-at-09.34.28-768x1024.jpeg 768w, https:\/\/utfpr-ct-static-content.s3.amazonaws.com\/utfpr.curitiba.br\/wp-content\/uploads\/sites\/64\/2025\/03\/WhatsApp-Image-2025-02-20-at-09.34.28-225x300.jpeg 225w, https:\/\/utfpr-ct-static-content.s3.amazonaws.com\/utfpr.curitiba.br\/wp-content\/uploads\/sites\/64\/2025\/03\/WhatsApp-Image-2025-02-20-at-09.34.28.jpeg 813w\" sizes=\"(max-width: 706px) 89vw, (max-width: 767px) 82vw, 740px\" \/><\/figure>\n<\/div>\n\n\n\n<div class=\"wp-block-column is-layout-flow wp-block-column-is-layout-flow\" style=\"flex-basis:66.66%\">\n<p><\/p>\n\n\n\n<p><\/p>\n\n\n\n<p><strong>Depoimento 02: <\/strong><\/p>\n\n\n\n<p>Davi Cruzeta de Moura, 21 anos<\/p>\n\n\n\n<p>7\u00b0 per\u00edodo do Curso de Administra\u00e7\u00e3o da UTFPR<\/p>\n<\/div>\n\n\n\n<div class=\"wp-block-column is-layout-flow wp-block-column-is-layout-flow\"><\/div>\n<\/div>\n\n\n\n<p>&#8220;Participar do projeto na ONG Minha Vida Mudou, atrav\u00e9s da disciplina de Gest\u00e3o de Projetos, foi realmente uma experi\u00eancia muito boa! Pudemos combinar a pr\u00e1tica da mat\u00e9ria em si com a pr\u00e1tica do voluntariado, de amar o pr\u00f3ximo, que pra mim \u00e9 fundamental nas nossas vidas. Agrade\u00e7o o Professor Higor por nos proporcionar esse momento e nos permitir, como turma, realizar uma a\u00e7\u00e3o que impacta outras vidas atrav\u00e9s dos nossos conhecimentos acad\u00eamicos. Toda a organiza\u00e7\u00e3o e planejamento foram cruciais para conseguirmos realizar o trabalho l\u00e1, ent\u00e3o desde o levantamento dos recursos, que minha equipe realizou vendendo brownies, at\u00e9 a organiza\u00e7\u00e3o das tarefas no dia foram primordiais para que o projeto pudesse acontecer. Sa\u00edmos dessa mat\u00e9ria entendendo isso: um projeto precisa de planejamento. E com essa oportunidade, pudemos planejar, captar recursos, repensar os custos, dividir tarefas, definir pessoas respons\u00e1veis, enfim, muita coisa que aprendemos em sala de aula e pudemos ver acontecendo na pr\u00e1tica. Um desafio foi o calend\u00e1rio acad\u00eamico, que iniciou em um ano e terminou em outro. Ficamos receosos sobre os or\u00e7amentos aumentarem muito com a virada do ano, mas gra\u00e7as a Deus, a equipe envolvida e aos fornecedores, pudemos manter o valor que foi or\u00e7ado em Dezembro no projeto de Fevereiro! Mas enfim, a participa\u00e7\u00e3o nesse projeto foi gratificante, saio com o sentimento de que cumprimos o trabalho, de que fizemos nosso melhor tanto no aspecto acad\u00eamico quanto na execu\u00e7\u00e3o do trabalho social ali.&#8221;<\/p>\n\n\n\n<p><\/p>\n\n\n\n<div class=\"wp-block-columns is-layout-flex wp-container-core-columns-is-layout-9d6595d7 wp-block-columns-is-layout-flex\">\n<div class=\"wp-block-column is-layout-flow wp-block-column-is-layout-flow\" style=\"flex-basis:33.33%\">\n<figure class=\"wp-block-image size-full is-style-rounded\"><img loading=\"lazy\" decoding=\"async\" width=\"531\" height=\"512\" src=\"https:\/\/utfpr-ct-static-content.s3.amazonaws.com\/utfpr.curitiba.br\/wp-content\/uploads\/sites\/64\/2025\/03\/logo-ong-minha-vida-mudou.png\" alt=\"\" class=\"wp-image-4716\" srcset=\"https:\/\/utfpr-ct-static-content.s3.amazonaws.com\/utfpr.curitiba.br\/wp-content\/uploads\/sites\/64\/2025\/03\/logo-ong-minha-vida-mudou.png 531w, https:\/\/utfpr-ct-static-content.s3.amazonaws.com\/utfpr.curitiba.br\/wp-content\/uploads\/sites\/64\/2025\/03\/logo-ong-minha-vida-mudou-300x289.png 300w\" sizes=\"(max-width: 531px) 100vw, 531px\" \/><\/figure>\n<\/div>\n\n\n\n<div class=\"wp-block-column is-layout-flow wp-block-column-is-layout-flow\" style=\"flex-basis:66.66%\">\n<p><\/p>\n\n\n\n<p><strong>Depoimento 03: <\/strong><\/p>\n\n\n\n<p>Rita de Cassia Dalbello<\/p>\n\n\n\n<p>Presiente da ONG Minha Vida Mudou<\/p>\n<\/div>\n\n\n\n<div class=\"wp-block-column is-layout-flow wp-block-column-is-layout-flow\"><\/div>\n<\/div>\n\n\n\n<p>&#8220;O primeiro contato foi estabelecido por meio do professor Higor Leite, durante uma conversa na qual surgiu o interesse pelo trabalho desenvolvido pelos estudantes da UTFPR em nossa institui\u00e7\u00e3o. Esse interesse foi prontamente aceito, e imediatamente iniciou-se o processo. A gest\u00e3o de todo o trabalho foi excelente, desde o primeiro contato at\u00e9 a conclus\u00e3o da obra, sem intercorr\u00eancias. A participa\u00e7\u00e3o e colabora\u00e7\u00e3o de todos os envolvidos ao longo do processo foram fundamentais.<\/p>\n\n\n\n<p>O resultado final teve um impacto extremamente positivo nos frequentadores da institui\u00e7\u00e3o, que ficaram surpresos, felizes e profundamente gratos pela transforma\u00e7\u00e3o do espa\u00e7o que utilizam diariamente. O trabalho realizado gerou grande interesse na continuidade da parceria, e sempre que houver oportunidade, a ONG est\u00e1 disposta a participar de novos projetos da disciplina e\/ou da universidade.<\/p>\n\n\n\n<p>A nossa institui\u00e7\u00e3o e todos os membros da ONG expressam imensa gratid\u00e3o pelo trabalho desenvolvido pelo professor Higor, pelos estudantes da disciplina de Gest\u00e3o de Projetos do curso de Administra\u00e7\u00e3o e pela UTFPR. A a\u00e7\u00e3o gerou um impacto significativo e mobilizou diversas pessoas para que tudo fosse realizado da melhor maneira poss\u00edvel. Alunos, volunt\u00e1rios e parceiros da ONG se empenharam para agilizar as solicita\u00e7\u00f5es feitas pela equipe da disciplina de forma antecipada.<\/p>\n\n\n\n<p>Essa a\u00e7\u00e3o revitalizou a institui\u00e7\u00e3o, trazendo uma nova energia e iluminando um espa\u00e7o coletivo de uso di\u00e1rio. O ambiente agora reflete harmonia, cuidado e afeto para todos que o utilizam. Crian\u00e7as e adolescentes de 7 a 17 anos, professores e volunt\u00e1rios sentiram-se renovados, com a ONG pronta para enfrentar 2025 com uma nova identidade. O espa\u00e7o, que agora est\u00e1 mais aconchegante e acolhedor, ser\u00e1 utilizado para o desenvolvimento de atividades como esportes, cultura, arte e lazer.<\/p>\n\n\n\n<p>A ONG se sente honrada pela escolha e pela parceria estabelecida, e agradece imensamente pela dedica\u00e7\u00e3o, capricho e esfor\u00e7o de todos os envolvidos, sejam professores, alunos ou a universidade. Agradecemos pela busca de recursos, materiais e m\u00e3o de obra necess\u00e1ria para concretizar esse projeto. Estamos de portas abertas e \u00e0 disposi\u00e7\u00e3o para colaborar sempre que precisarem.&#8221;<\/p>\n\n\n\n<p>Confira a seguir algumas fotos da a\u00e7\u00e3o e do antes e depois:<\/p>\n\n\n\n<figure class=\"wp-block-gallery has-nested-images columns-default is-cropped wp-block-gallery-1 is-layout-flex wp-block-gallery-is-layout-flex\">\n<figure class=\"wp-block-image size-large\"><img loading=\"lazy\" decoding=\"async\" width=\"1024\" height=\"768\" data-id=\"4736\" src=\"https:\/\/utfpr-ct-static-content.s3.amazonaws.com\/utfpr.curitiba.br\/wp-content\/uploads\/sites\/64\/2025\/03\/WhatsApp-Image-2025-02-17-at-10.13.16-4-1024x768.jpeg\" alt=\"\" class=\"wp-image-4736\" srcset=\"https:\/\/utfpr-ct-static-content.s3.amazonaws.com\/utfpr.curitiba.br\/wp-content\/uploads\/sites\/64\/2025\/03\/WhatsApp-Image-2025-02-17-at-10.13.16-4-1024x768.jpeg 1024w, https:\/\/utfpr-ct-static-content.s3.amazonaws.com\/utfpr.curitiba.br\/wp-content\/uploads\/sites\/64\/2025\/03\/WhatsApp-Image-2025-02-17-at-10.13.16-4-300x225.jpeg 300w, https:\/\/utfpr-ct-static-content.s3.amazonaws.com\/utfpr.curitiba.br\/wp-content\/uploads\/sites\/64\/2025\/03\/WhatsApp-Image-2025-02-17-at-10.13.16-4-768x576.jpeg 768w, https:\/\/utfpr-ct-static-content.s3.amazonaws.com\/utfpr.curitiba.br\/wp-content\/uploads\/sites\/64\/2025\/03\/WhatsApp-Image-2025-02-17-at-10.13.16-4-1536x1152.jpeg 1536w, https:\/\/utfpr-ct-static-content.s3.amazonaws.com\/utfpr.curitiba.br\/wp-content\/uploads\/sites\/64\/2025\/03\/WhatsApp-Image-2025-02-17-at-10.13.16-4.jpeg 1600w\" sizes=\"(max-width: 706px) 89vw, (max-width: 767px) 82vw, 740px\" \/><\/figure>\n\n\n\n<figure class=\"wp-block-image size-large\"><img loading=\"lazy\" decoding=\"async\" width=\"1024\" height=\"769\" data-id=\"4732\" src=\"https:\/\/utfpr-ct-static-content.s3.amazonaws.com\/utfpr.curitiba.br\/wp-content\/uploads\/sites\/64\/2025\/03\/WhatsApp-Image-2025-02-17-at-10.13.17-1-1024x769.jpeg\" alt=\"\" class=\"wp-image-4732\" srcset=\"https:\/\/utfpr-ct-static-content.s3.amazonaws.com\/utfpr.curitiba.br\/wp-content\/uploads\/sites\/64\/2025\/03\/WhatsApp-Image-2025-02-17-at-10.13.17-1-1024x769.jpeg 1024w, https:\/\/utfpr-ct-static-content.s3.amazonaws.com\/utfpr.curitiba.br\/wp-content\/uploads\/sites\/64\/2025\/03\/WhatsApp-Image-2025-02-17-at-10.13.17-1-300x225.jpeg 300w, https:\/\/utfpr-ct-static-content.s3.amazonaws.com\/utfpr.curitiba.br\/wp-content\/uploads\/sites\/64\/2025\/03\/WhatsApp-Image-2025-02-17-at-10.13.17-1-768x577.jpeg 768w, https:\/\/utfpr-ct-static-content.s3.amazonaws.com\/utfpr.curitiba.br\/wp-content\/uploads\/sites\/64\/2025\/03\/WhatsApp-Image-2025-02-17-at-10.13.17-1-1536x1154.jpeg 1536w, https:\/\/utfpr-ct-static-content.s3.amazonaws.com\/utfpr.curitiba.br\/wp-content\/uploads\/sites\/64\/2025\/03\/WhatsApp-Image-2025-02-17-at-10.13.17-1.jpeg 1600w\" sizes=\"(max-width: 706px) 89vw, (max-width: 767px) 82vw, 740px\" \/><\/figure>\n\n\n\n<figure class=\"wp-block-image size-large\"><img loading=\"lazy\" decoding=\"async\" width=\"768\" height=\"1024\" data-id=\"4733\" src=\"https:\/\/utfpr-ct-static-content.s3.amazonaws.com\/utfpr.curitiba.br\/wp-content\/uploads\/sites\/64\/2025\/03\/WhatsApp-Image-2025-02-17-at-10.13.17-3-768x1024.jpeg\" alt=\"\" class=\"wp-image-4733\" srcset=\"https:\/\/utfpr-ct-static-content.s3.amazonaws.com\/utfpr.curitiba.br\/wp-content\/uploads\/sites\/64\/2025\/03\/WhatsApp-Image-2025-02-17-at-10.13.17-3-768x1024.jpeg 768w, https:\/\/utfpr-ct-static-content.s3.amazonaws.com\/utfpr.curitiba.br\/wp-content\/uploads\/sites\/64\/2025\/03\/WhatsApp-Image-2025-02-17-at-10.13.17-3-225x300.jpeg 225w, https:\/\/utfpr-ct-static-content.s3.amazonaws.com\/utfpr.curitiba.br\/wp-content\/uploads\/sites\/64\/2025\/03\/WhatsApp-Image-2025-02-17-at-10.13.17-3-1152x1536.jpeg 1152w, https:\/\/utfpr-ct-static-content.s3.amazonaws.com\/utfpr.curitiba.br\/wp-content\/uploads\/sites\/64\/2025\/03\/WhatsApp-Image-2025-02-17-at-10.13.17-3.jpeg 1200w\" sizes=\"(max-width: 706px) 89vw, (max-width: 767px) 82vw, 740px\" \/><\/figure>\n\n\n\n<figure class=\"wp-block-image size-large\"><img loading=\"lazy\" decoding=\"async\" width=\"1024\" height=\"768\" data-id=\"4730\" src=\"https:\/\/utfpr-ct-static-content.s3.amazonaws.com\/utfpr.curitiba.br\/wp-content\/uploads\/sites\/64\/2025\/03\/WhatsApp-Image-2025-02-17-at-10.13.17-4-1024x768.jpeg\" alt=\"\" class=\"wp-image-4730\" srcset=\"https:\/\/utfpr-ct-static-content.s3.amazonaws.com\/utfpr.curitiba.br\/wp-content\/uploads\/sites\/64\/2025\/03\/WhatsApp-Image-2025-02-17-at-10.13.17-4-1024x768.jpeg 1024w, https:\/\/utfpr-ct-static-content.s3.amazonaws.com\/utfpr.curitiba.br\/wp-content\/uploads\/sites\/64\/2025\/03\/WhatsApp-Image-2025-02-17-at-10.13.17-4-300x225.jpeg 300w, https:\/\/utfpr-ct-static-content.s3.amazonaws.com\/utfpr.curitiba.br\/wp-content\/uploads\/sites\/64\/2025\/03\/WhatsApp-Image-2025-02-17-at-10.13.17-4-768x576.jpeg 768w, https:\/\/utfpr-ct-static-content.s3.amazonaws.com\/utfpr.curitiba.br\/wp-content\/uploads\/sites\/64\/2025\/03\/WhatsApp-Image-2025-02-17-at-10.13.17-4-1536x1152.jpeg 1536w, https:\/\/utfpr-ct-static-content.s3.amazonaws.com\/utfpr.curitiba.br\/wp-content\/uploads\/sites\/64\/2025\/03\/WhatsApp-Image-2025-02-17-at-10.13.17-4.jpeg 1600w\" sizes=\"(max-width: 706px) 89vw, (max-width: 767px) 82vw, 740px\" \/><\/figure>\n\n\n\n<figure class=\"wp-block-image size-large\"><img loading=\"lazy\" decoding=\"async\" width=\"1024\" height=\"768\" data-id=\"4735\" src=\"https:\/\/utfpr-ct-static-content.s3.amazonaws.com\/utfpr.curitiba.br\/wp-content\/uploads\/sites\/64\/2025\/03\/WhatsApp-Image-2025-02-17-at-10.13.17-5-1024x768.jpeg\" alt=\"\" class=\"wp-image-4735\" srcset=\"https:\/\/utfpr-ct-static-content.s3.amazonaws.com\/utfpr.curitiba.br\/wp-content\/uploads\/sites\/64\/2025\/03\/WhatsApp-Image-2025-02-17-at-10.13.17-5-1024x768.jpeg 1024w, https:\/\/utfpr-ct-static-content.s3.amazonaws.com\/utfpr.curitiba.br\/wp-content\/uploads\/sites\/64\/2025\/03\/WhatsApp-Image-2025-02-17-at-10.13.17-5-300x225.jpeg 300w, https:\/\/utfpr-ct-static-content.s3.amazonaws.com\/utfpr.curitiba.br\/wp-content\/uploads\/sites\/64\/2025\/03\/WhatsApp-Image-2025-02-17-at-10.13.17-5-768x576.jpeg 768w, https:\/\/utfpr-ct-static-content.s3.amazonaws.com\/utfpr.curitiba.br\/wp-content\/uploads\/sites\/64\/2025\/03\/WhatsApp-Image-2025-02-17-at-10.13.17-5-1536x1152.jpeg 1536w, https:\/\/utfpr-ct-static-content.s3.amazonaws.com\/utfpr.curitiba.br\/wp-content\/uploads\/sites\/64\/2025\/03\/WhatsApp-Image-2025-02-17-at-10.13.17-5.jpeg 1600w\" sizes=\"(max-width: 706px) 89vw, (max-width: 767px) 82vw, 740px\" \/><\/figure>\n\n\n\n<figure class=\"wp-block-image size-large\"><img loading=\"lazy\" decoding=\"async\" width=\"1024\" height=\"768\" data-id=\"4725\" src=\"https:\/\/utfpr-ct-static-content.s3.amazonaws.com\/utfpr.curitiba.br\/wp-content\/uploads\/sites\/64\/2025\/03\/WhatsApp-Image-2025-02-17-at-10.13.17-1024x768.jpeg\" alt=\"\" class=\"wp-image-4725\" srcset=\"https:\/\/utfpr-ct-static-content.s3.amazonaws.com\/utfpr.curitiba.br\/wp-content\/uploads\/sites\/64\/2025\/03\/WhatsApp-Image-2025-02-17-at-10.13.17-1024x768.jpeg 1024w, https:\/\/utfpr-ct-static-content.s3.amazonaws.com\/utfpr.curitiba.br\/wp-content\/uploads\/sites\/64\/2025\/03\/WhatsApp-Image-2025-02-17-at-10.13.17-300x225.jpeg 300w, https:\/\/utfpr-ct-static-content.s3.amazonaws.com\/utfpr.curitiba.br\/wp-content\/uploads\/sites\/64\/2025\/03\/WhatsApp-Image-2025-02-17-at-10.13.17-768x576.jpeg 768w, https:\/\/utfpr-ct-static-content.s3.amazonaws.com\/utfpr.curitiba.br\/wp-content\/uploads\/sites\/64\/2025\/03\/WhatsApp-Image-2025-02-17-at-10.13.17-1536x1152.jpeg 1536w, https:\/\/utfpr-ct-static-content.s3.amazonaws.com\/utfpr.curitiba.br\/wp-content\/uploads\/sites\/64\/2025\/03\/WhatsApp-Image-2025-02-17-at-10.13.17.jpeg 1600w\" sizes=\"(max-width: 706px) 89vw, (max-width: 767px) 82vw, 740px\" \/><\/figure>\n<\/figure>\n\n\n\n<figure class=\"wp-block-image size-large\"><img loading=\"lazy\" decoding=\"async\" width=\"819\" height=\"1024\" src=\"https:\/\/utfpr-ct-static-content.s3.amazonaws.com\/utfpr.curitiba.br\/wp-content\/uploads\/sites\/64\/2025\/03\/14-819x1024.jpg\" alt=\"\" class=\"wp-image-4737\" srcset=\"https:\/\/utfpr-ct-static-content.s3.amazonaws.com\/utfpr.curitiba.br\/wp-content\/uploads\/sites\/64\/2025\/03\/14-819x1024.jpg 819w, https:\/\/utfpr-ct-static-content.s3.amazonaws.com\/utfpr.curitiba.br\/wp-content\/uploads\/sites\/64\/2025\/03\/14-240x300.jpg 240w, https:\/\/utfpr-ct-static-content.s3.amazonaws.com\/utfpr.curitiba.br\/wp-content\/uploads\/sites\/64\/2025\/03\/14-768x960.jpg 768w, https:\/\/utfpr-ct-static-content.s3.amazonaws.com\/utfpr.curitiba.br\/wp-content\/uploads\/sites\/64\/2025\/03\/14.jpg 1080w\" sizes=\"(max-width: 706px) 89vw, (max-width: 767px) 82vw, 740px\" \/><\/figure>\n\n\n\n<figure class=\"wp-block-image size-large\"><img loading=\"lazy\" decoding=\"async\" width=\"819\" height=\"1024\" src=\"https:\/\/utfpr-ct-static-content.s3.amazonaws.com\/utfpr.curitiba.br\/wp-content\/uploads\/sites\/64\/2025\/03\/15-819x1024.jpg\" alt=\"\" class=\"wp-image-4738\" srcset=\"https:\/\/utfpr-ct-static-content.s3.amazonaws.com\/utfpr.curitiba.br\/wp-content\/uploads\/sites\/64\/2025\/03\/15-819x1024.jpg 819w, https:\/\/utfpr-ct-static-content.s3.amazonaws.com\/utfpr.curitiba.br\/wp-content\/uploads\/sites\/64\/2025\/03\/15-240x300.jpg 240w, https:\/\/utfpr-ct-static-content.s3.amazonaws.com\/utfpr.curitiba.br\/wp-content\/uploads\/sites\/64\/2025\/03\/15-768x960.jpg 768w, https:\/\/utfpr-ct-static-content.s3.amazonaws.com\/utfpr.curitiba.br\/wp-content\/uploads\/sites\/64\/2025\/03\/15.jpg 1080w\" sizes=\"(max-width: 706px) 89vw, (max-width: 767px) 82vw, 740px\" \/><\/figure>\n\n\n\n<figure class=\"wp-block-image size-large\"><img loading=\"lazy\" decoding=\"async\" width=\"819\" height=\"1024\" src=\"https:\/\/utfpr-ct-static-content.s3.amazonaws.com\/utfpr.curitiba.br\/wp-content\/uploads\/sites\/64\/2025\/03\/13-819x1024.jpg\" alt=\"\" class=\"wp-image-4739\" srcset=\"https:\/\/utfpr-ct-static-content.s3.amazonaws.com\/utfpr.curitiba.br\/wp-content\/uploads\/sites\/64\/2025\/03\/13-819x1024.jpg 819w, https:\/\/utfpr-ct-static-content.s3.amazonaws.com\/utfpr.curitiba.br\/wp-content\/uploads\/sites\/64\/2025\/03\/13-240x300.jpg 240w, https:\/\/utfpr-ct-static-content.s3.amazonaws.com\/utfpr.curitiba.br\/wp-content\/uploads\/sites\/64\/2025\/03\/13-768x960.jpg 768w, https:\/\/utfpr-ct-static-content.s3.amazonaws.com\/utfpr.curitiba.br\/wp-content\/uploads\/sites\/64\/2025\/03\/13.jpg 1080w\" sizes=\"(max-width: 706px) 89vw, (max-width: 767px) 82vw, 740px\" \/><\/figure>\n\n\n\n<figure class=\"wp-block-image size-large\"><img loading=\"lazy\" decoding=\"async\" width=\"819\" height=\"1024\" src=\"https:\/\/utfpr-ct-static-content.s3.amazonaws.com\/utfpr.curitiba.br\/wp-content\/uploads\/sites\/64\/2025\/03\/11-819x1024.jpg\" alt=\"\" class=\"wp-image-4740\" srcset=\"https:\/\/utfpr-ct-static-content.s3.amazonaws.com\/utfpr.curitiba.br\/wp-content\/uploads\/sites\/64\/2025\/03\/11-819x1024.jpg 819w, https:\/\/utfpr-ct-static-content.s3.amazonaws.com\/utfpr.curitiba.br\/wp-content\/uploads\/sites\/64\/2025\/03\/11-240x300.jpg 240w, https:\/\/utfpr-ct-static-content.s3.amazonaws.com\/utfpr.curitiba.br\/wp-content\/uploads\/sites\/64\/2025\/03\/11-768x960.jpg 768w, https:\/\/utfpr-ct-static-content.s3.amazonaws.com\/utfpr.curitiba.br\/wp-content\/uploads\/sites\/64\/2025\/03\/11.jpg 1080w\" sizes=\"(max-width: 706px) 89vw, (max-width: 767px) 82vw, 740px\" \/><\/figure>\n\n\n\n<p><\/p>\n","protected":false},"excerpt":{"rendered":"<p>Em 15 de fevereiro a turma de Gest\u00e3o de Projetos do curso de Administra\u00e7\u00e3o da UTFPR realizou uma a\u00e7\u00e3o em parceria com a ONG \u201cMinha Vida Mudou\u201d.O professor do Dagee Higor Leite, respons\u00e1vel pela iniciativa, prop\u00f5e todo semestre uma avalia\u00e7\u00e3o pr\u00e1tica em que os alunos da disciplina, com seu aux\u00edlio, colocam em a\u00e7\u00e3o os conhecimentos &hellip; <\/p>\n<p class=\"link-more\"><a href=\"https:\/\/utfpr.curitiba.br\/dagee\/disciplina-de-gestao-de-projetos-do-curso-de-administracao-da-utfpr-realiza-acao-em-parceria-com-a-ong-minha-vida-mudou\/\" class=\"more-link\">Continue lendo<span class=\"screen-reader-text\"> &#8220;Disciplina de Gest\u00e3o de Projetos do curso de Administra\u00e7\u00e3o da UTFPR realiza a\u00e7\u00e3o em parceria com a ONG \u201cMinha Vida Mudou\u201d.&#8221;<\/span><\/a><\/p>\n","protected":false},"author":319,"featured_media":0,"comment_status":"closed","ping_status":"closed","sticky":false,"template":"","format":"standard","meta":{"footnotes":""},"categories":[1],"tags":[],"class_list":["post-4705","post","type-post","status-publish","format-standard","hentry","category-sem-categoria"],"_links":{"self":[{"href":"https:\/\/utfpr.curitiba.br\/dagee\/wp-json\/wp\/v2\/posts\/4705","targetHints":{"allow":["GET"]}}],"collection":[{"href":"https:\/\/utfpr.curitiba.br\/dagee\/wp-json\/wp\/v2\/posts"}],"about":[{"href":"https:\/\/utfpr.curitiba.br\/dagee\/wp-json\/wp\/v2\/types\/post"}],"author":[{"embeddable":true,"href":"https:\/\/utfpr.curitiba.br\/dagee\/wp-json\/wp\/v2\/users\/319"}],"replies":[{"embeddable":true,"href":"https:\/\/utfpr.curitiba.br\/dagee\/wp-json\/wp\/v2\/comments?post=4705"}],"version-history":[{"count":3,"href":"https:\/\/utfpr.curitiba.br\/dagee\/wp-json\/wp\/v2\/posts\/4705\/revisions"}],"predecessor-version":[{"id":4747,"href":"https:\/\/utfpr.curitiba.br\/dagee\/wp-json\/wp\/v2\/posts\/4705\/revisions\/4747"}],"wp:attachment":[{"href":"https:\/\/utfpr.curitiba.br\/dagee\/wp-json\/wp\/v2\/media?parent=4705"}],"wp:term":[{"taxonomy":"category","embeddable":true,"href":"https:\/\/utfpr.curitiba.br\/dagee\/wp-json\/wp\/v2\/categories?post=4705"},{"taxonomy":"post_tag","embeddable":true,"href":"https:\/\/utfpr.curitiba.br\/dagee\/wp-json\/wp\/v2\/tags?post=4705"}],"curies":[{"name":"wp","href":"https:\/\/api.w.org\/{rel}","templated":true}]}}