{"id":4697,"date":"2025-02-24T14:32:17","date_gmt":"2025-02-24T17:32:17","guid":{"rendered":"https:\/\/utfpr.curitiba.br\/dagee\/?p=4697"},"modified":"2025-02-24T14:32:20","modified_gmt":"2025-02-24T17:32:20","slug":"a-segunda-edicao-do-pitch-day-tecnologica-esta-chegando","status":"publish","type":"post","link":"https:\/\/utfpr.curitiba.br\/dagee\/a-segunda-edicao-do-pitch-day-tecnologica-esta-chegando\/","title":{"rendered":"A Segunda Edi\u00e7\u00e3o do Pitch Day Tecnol\u00f3gica est\u00e1 chegando!"},"content":{"rendered":"\n<p>Dia 27 de Fevereiro, \u00e0s 8h&nbsp;no miniaudit\u00f3rio da UTFPR, voc\u00ea aprender\u00e1 a&nbsp;desenvolver sua proposta de neg\u00f3cio.&nbsp;O evento ser\u00e1 aberto ao p\u00fablico e contar\u00e1 com&nbsp;declara\u00e7\u00e3o de participa\u00e7\u00e3o para quem for prestigiar!&nbsp;<\/p>\n\n\n\n<p>S\u00e3o seis especialistas avaliando projetos e compartilhando insights com base em experi\u00eancias reais de mercado. \u00c9 uma oportunidade incr\u00edvel para desenvolver o seu lado empreendedor, participe!<\/p>\n\n\n\n<figure class=\"wp-block-image size-large\"><img fetchpriority=\"high\" decoding=\"async\" width=\"819\" height=\"1024\" src=\"https:\/\/utfpr-ct-static-content.s3.amazonaws.com\/utfpr.curitiba.br\/wp-content\/uploads\/sites\/64\/2025\/02\/2\u00b0-PITCH-DAY-TECNOLOGICA-1-819x1024.png\" alt=\"\" class=\"wp-image-4698\" srcset=\"https:\/\/utfpr-ct-static-content.s3.amazonaws.com\/utfpr.curitiba.br\/wp-content\/uploads\/sites\/64\/2025\/02\/2\u00b0-PITCH-DAY-TECNOLOGICA-1-819x1024.png 819w, https:\/\/utfpr-ct-static-content.s3.amazonaws.com\/utfpr.curitiba.br\/wp-content\/uploads\/sites\/64\/2025\/02\/2\u00b0-PITCH-DAY-TECNOLOGICA-1-240x300.png 240w, https:\/\/utfpr-ct-static-content.s3.amazonaws.com\/utfpr.curitiba.br\/wp-content\/uploads\/sites\/64\/2025\/02\/2\u00b0-PITCH-DAY-TECNOLOGICA-1-768x960.png 768w, https:\/\/utfpr-ct-static-content.s3.amazonaws.com\/utfpr.curitiba.br\/wp-content\/uploads\/sites\/64\/2025\/02\/2\u00b0-PITCH-DAY-TECNOLOGICA-1.png 1080w\" sizes=\"(max-width: 706px) 89vw, (max-width: 767px) 82vw, 740px\" \/><\/figure>\n","protected":false},"excerpt":{"rendered":"<p>Dia 27 de Fevereiro, \u00e0s 8h&nbsp;no miniaudit\u00f3rio da UTFPR, voc\u00ea aprender\u00e1 a&nbsp;desenvolver sua proposta de neg\u00f3cio.&nbsp;O evento ser\u00e1 aberto ao p\u00fablico e contar\u00e1 com&nbsp;declara\u00e7\u00e3o de participa\u00e7\u00e3o para quem for prestigiar!&nbsp; S\u00e3o seis especialistas avaliando projetos e compartilhando insights com base em experi\u00eancias reais de mercado. \u00c9 uma oportunidade incr\u00edvel para desenvolver o seu lado empreendedor, &hellip; <\/p>\n<p class=\"link-more\"><a href=\"https:\/\/utfpr.curitiba.br\/dagee\/a-segunda-edicao-do-pitch-day-tecnologica-esta-chegando\/\" class=\"more-link\">Continue lendo<span class=\"screen-reader-text\"> &#8220;A Segunda Edi\u00e7\u00e3o do Pitch Day Tecnol\u00f3gica est\u00e1 chegando!&#8221;<\/span><\/a><\/p>\n","protected":false},"author":319,"featured_media":0,"comment_status":"closed","ping_status":"closed","sticky":false,"template":"","format":"standard","meta":{"footnotes":""},"categories":[1],"tags":[],"class_list":["post-4697","post","type-post","status-publish","format-standard","hentry","category-sem-categoria"],"_links":{"self":[{"href":"https:\/\/utfpr.curitiba.br\/dagee\/wp-json\/wp\/v2\/posts\/4697","targetHints":{"allow":["GET"]}}],"collection":[{"href":"https:\/\/utfpr.curitiba.br\/dagee\/wp-json\/wp\/v2\/posts"}],"about":[{"href":"https:\/\/utfpr.curitiba.br\/dagee\/wp-json\/wp\/v2\/types\/post"}],"author":[{"embeddable":true,"href":"https:\/\/utfpr.curitiba.br\/dagee\/wp-json\/wp\/v2\/users\/319"}],"replies":[{"embeddable":true,"href":"https:\/\/utfpr.curitiba.br\/dagee\/wp-json\/wp\/v2\/comments?post=4697"}],"version-history":[{"count":1,"href":"https:\/\/utfpr.curitiba.br\/dagee\/wp-json\/wp\/v2\/posts\/4697\/revisions"}],"predecessor-version":[{"id":4699,"href":"https:\/\/utfpr.curitiba.br\/dagee\/wp-json\/wp\/v2\/posts\/4697\/revisions\/4699"}],"wp:attachment":[{"href":"https:\/\/utfpr.curitiba.br\/dagee\/wp-json\/wp\/v2\/media?parent=4697"}],"wp:term":[{"taxonomy":"category","embeddable":true,"href":"https:\/\/utfpr.curitiba.br\/dagee\/wp-json\/wp\/v2\/categories?post=4697"},{"taxonomy":"post_tag","embeddable":true,"href":"https:\/\/utfpr.curitiba.br\/dagee\/wp-json\/wp\/v2\/tags?post=4697"}],"curies":[{"name":"wp","href":"https:\/\/api.w.org\/{rel}","templated":true}]}}