{"id":4661,"date":"2024-12-04T13:18:10","date_gmt":"2024-12-04T16:18:10","guid":{"rendered":"https:\/\/utfpr.curitiba.br\/dagee\/?p=4661"},"modified":"2024-12-04T13:19:53","modified_gmt":"2024-12-04T16:19:53","slug":"palestra-com-transmissao-ao-vivo-no-youtube-do-dagee-empregabilidade-e-mundo-do-trabalho-na-contemporaneidade","status":"publish","type":"post","link":"https:\/\/utfpr.curitiba.br\/dagee\/palestra-com-transmissao-ao-vivo-no-youtube-do-dagee-empregabilidade-e-mundo-do-trabalho-na-contemporaneidade\/","title":{"rendered":"Palestra com transmiss\u00e3o ao vivo no YouTube do Dagee: &#8220;Empregabilidade e Mundo do Trabalho na Contemporaneidade&#8221;"},"content":{"rendered":"\n<p>Dando continuidade aos eventos comemorativos do anivers\u00e1rio de 14 anos do Dagee, no dia 10 de dezembro (10\/12), \u00e0s 10h30, acontecer\u00e1 uma palestra sobre &#8220;Empregabilidade e Mundo do Trabalho na Contemporaneidade&#8221;, ministrada pelo Professor Doutor Gean Carlos Tomazzoni, com transmiss\u00e3o ao vivo no canal do YouTube do Dagee (<a href=\"https:\/\/www.youtube.com\/@DAGEE-CT\/streams\" data-type=\"link\" data-id=\"https:\/\/www.youtube.com\/@DAGEE-CT\/streams\">Departamento Acad\u00eamico de Gest\u00e3o e Economia<\/a>).<\/p>\n\n\n\n<p>A palestra ter\u00e1 como t\u00f3picos principais informa\u00e7\u00f5es sobre est\u00e1gio (o professor Gean \u00e9 o atual PRAE do Est\u00e1gio N\u00e3o Obrigat\u00f3rio do curso de Administra\u00e7\u00e3o da UTFPR) e dicas para constru\u00e7\u00e3o de um curr\u00edculo exemplar no LinkedIn.<\/p>\n\n\n\n<p>Participe e convide seus amigos para acompanhar a transmiss\u00e3o ao vivo!<\/p>\n\n\n\n<figure class=\"wp-block-image size-large\"><img fetchpriority=\"high\" decoding=\"async\" width=\"1024\" height=\"1024\" src=\"https:\/\/utfpr-ct-static-content.s3.amazonaws.com\/utfpr.curitiba.br\/wp-content\/uploads\/sites\/64\/2024\/12\/Palestra-Gean-10-12-1024x1024.jpg\" alt=\"\" class=\"wp-image-4662\" srcset=\"https:\/\/utfpr-ct-static-content.s3.amazonaws.com\/utfpr.curitiba.br\/wp-content\/uploads\/sites\/64\/2024\/12\/Palestra-Gean-10-12-1024x1024.jpg 1024w, https:\/\/utfpr-ct-static-content.s3.amazonaws.com\/utfpr.curitiba.br\/wp-content\/uploads\/sites\/64\/2024\/12\/Palestra-Gean-10-12-300x300.jpg 300w, https:\/\/utfpr-ct-static-content.s3.amazonaws.com\/utfpr.curitiba.br\/wp-content\/uploads\/sites\/64\/2024\/12\/Palestra-Gean-10-12-150x150.jpg 150w, https:\/\/utfpr-ct-static-content.s3.amazonaws.com\/utfpr.curitiba.br\/wp-content\/uploads\/sites\/64\/2024\/12\/Palestra-Gean-10-12-768x768.jpg 768w, https:\/\/utfpr-ct-static-content.s3.amazonaws.com\/utfpr.curitiba.br\/wp-content\/uploads\/sites\/64\/2024\/12\/Palestra-Gean-10-12-100x100.jpg 100w, https:\/\/utfpr-ct-static-content.s3.amazonaws.com\/utfpr.curitiba.br\/wp-content\/uploads\/sites\/64\/2024\/12\/Palestra-Gean-10-12.jpg 1080w\" sizes=\"(max-width: 706px) 89vw, (max-width: 767px) 82vw, 740px\" \/><\/figure>\n","protected":false},"excerpt":{"rendered":"<p>Dando continuidade aos eventos comemorativos do anivers\u00e1rio de 14 anos do Dagee, no dia 10 de dezembro (10\/12), \u00e0s 10h30, acontecer\u00e1 uma palestra sobre &#8220;Empregabilidade e Mundo do Trabalho na Contemporaneidade&#8221;, ministrada pelo Professor Doutor Gean Carlos Tomazzoni, com transmiss\u00e3o ao vivo no canal do YouTube do Dagee (Departamento Acad\u00eamico de Gest\u00e3o e Economia). A &hellip; <\/p>\n<p class=\"link-more\"><a href=\"https:\/\/utfpr.curitiba.br\/dagee\/palestra-com-transmissao-ao-vivo-no-youtube-do-dagee-empregabilidade-e-mundo-do-trabalho-na-contemporaneidade\/\" class=\"more-link\">Continue lendo<span class=\"screen-reader-text\"> &#8220;Palestra com transmiss\u00e3o ao vivo no YouTube do Dagee: &#8220;Empregabilidade e Mundo do Trabalho na Contemporaneidade&#8221;&#8221;<\/span><\/a><\/p>\n","protected":false},"author":319,"featured_media":0,"comment_status":"closed","ping_status":"closed","sticky":false,"template":"","format":"standard","meta":{"footnotes":""},"categories":[1],"tags":[],"class_list":["post-4661","post","type-post","status-publish","format-standard","hentry","category-sem-categoria"],"_links":{"self":[{"href":"https:\/\/utfpr.curitiba.br\/dagee\/wp-json\/wp\/v2\/posts\/4661","targetHints":{"allow":["GET"]}}],"collection":[{"href":"https:\/\/utfpr.curitiba.br\/dagee\/wp-json\/wp\/v2\/posts"}],"about":[{"href":"https:\/\/utfpr.curitiba.br\/dagee\/wp-json\/wp\/v2\/types\/post"}],"author":[{"embeddable":true,"href":"https:\/\/utfpr.curitiba.br\/dagee\/wp-json\/wp\/v2\/users\/319"}],"replies":[{"embeddable":true,"href":"https:\/\/utfpr.curitiba.br\/dagee\/wp-json\/wp\/v2\/comments?post=4661"}],"version-history":[{"count":2,"href":"https:\/\/utfpr.curitiba.br\/dagee\/wp-json\/wp\/v2\/posts\/4661\/revisions"}],"predecessor-version":[{"id":4664,"href":"https:\/\/utfpr.curitiba.br\/dagee\/wp-json\/wp\/v2\/posts\/4661\/revisions\/4664"}],"wp:attachment":[{"href":"https:\/\/utfpr.curitiba.br\/dagee\/wp-json\/wp\/v2\/media?parent=4661"}],"wp:term":[{"taxonomy":"category","embeddable":true,"href":"https:\/\/utfpr.curitiba.br\/dagee\/wp-json\/wp\/v2\/categories?post=4661"},{"taxonomy":"post_tag","embeddable":true,"href":"https:\/\/utfpr.curitiba.br\/dagee\/wp-json\/wp\/v2\/tags?post=4661"}],"curies":[{"name":"wp","href":"https:\/\/api.w.org\/{rel}","templated":true}]}}