{"id":4641,"date":"2024-12-02T15:52:25","date_gmt":"2024-12-02T18:52:25","guid":{"rendered":"https:\/\/utfpr.curitiba.br\/dagee\/?p=4641"},"modified":"2024-12-02T15:52:27","modified_gmt":"2024-12-02T18:52:27","slug":"curso-de-administracao-da-utfpr-ct-celebra-14-anos","status":"publish","type":"post","link":"https:\/\/utfpr.curitiba.br\/dagee\/curso-de-administracao-da-utfpr-ct-celebra-14-anos\/","title":{"rendered":"Curso de Administra\u00e7\u00e3o da UTFPR-CT celebra 14 anos!"},"content":{"rendered":"\n<p>A programa\u00e7\u00e3o teve in\u00edcio com a presen\u00e7a do CRA-PR e showcase do Bears Cheerleading<\/p>\n\n\n\n<p>Teve in\u00edcio nessa quarta (27) os eventos em comemora\u00e7\u00e3o do anivers\u00e1rio de 14 anos do curso de Administra\u00e7\u00e3o da Universidade Tecnol\u00f3gica Federal do Paran\u00e1 (UTFPR), campus Curitiba. O anivers\u00e1rio do curso, ofertado pelo Departamento Acad\u00eamico de Gest\u00e3o e Economia (DAGEE), ainda ter\u00e1 uma s\u00e9rie de a\u00e7\u00f5es at\u00e9 o final do semestre letivo (2024.2), e no decorrer de todo ano de 2025. <\/p>\n\n\n\n<p>A abertura, que ocorreu no per\u00edodo da manh\u00e3, contou com a palestra \u201cProfissional de Administra\u00e7\u00e3o\u201d, com o Dr. Fabr\u00edcio Palermo Pupo, Conselheiro e Diretor de Forma\u00e7\u00e3o Profissional do Conselho Regional de Administra\u00e7\u00e3o do Paran\u00e1 (CRA-PR), na ocasi\u00e3o representando o Dr. Marcello Crispiniano Padula, presidente do Conselho. Tamb\u00e9m estiveram presentes a Assessora de Desenvolvimento Estrat\u00e9gico da UTFPR, Prof\u00aa Vanessa Ishikawa Rasoto, na ocasi\u00e3o representando o Reitor, Prof Everton Lozano, o Chefe do Departamento de Gest\u00e3o e Economia, Prof Paulo Daniel, a Coordenadora do Curso de Administra\u00e7\u00e3o, Prof\u00aa Georgiana Luna Batinga, e representando o corpo discente, o acad\u00eamico Ielon Henrique.<\/p>\n\n\n\n<p>No mesmo dia, no per\u00edodo noturno, foi realizado um Showcase do Bears Cheerleading, projeto de extens\u00e3o do DAGEE, que comemora 10 anos de funda\u00e7\u00e3o. O evento contou com a participa\u00e7\u00e3o da atleta Nathalia Lopes, cheerleader do Coritiba Crocodiles e vice-campe\u00e3 mundial no ICU Worlds 2023 pela sele\u00e7\u00e3o brasileira de cheerleading. Tamb\u00e9m estiveram presentes no evento a Assessora de Desenvolvimento Estrat\u00e9gico da UTFPR, Prof\u00aa  Vanessa Ishikawa Rasoto, na ocasi\u00e3o representando o Reitor, Prof Everton Lozano, o Chefe do Departamento de Gest\u00e3o e Economia, Prof Paulo Daniel, o Prof Gean Carlos Tomazzoni, vice coordenador do projeto de extens\u00e3o, e a T\u00e9cnica Administrativa Vania Lima, representando tamb\u00e9m a coordena\u00e7\u00e3o do projeto.<\/p>\n\n\n\n<p>O Showcase do Bears e a fala dos presentes foi transmitido ao vivo e pode ser assistido no canal do <a href=\"https:\/\/www.youtube.com\/watch?v=1lWy0nZdNOA\" data-type=\"link\" data-id=\"https:\/\/www.youtube.com\/watch?v=1lWy0nZdNOA\">Youtube do DAGEE<\/a>.<\/p>\n\n\n\n<p>Os eventos que comp\u00f5em a comemora\u00e7\u00e3o dos 14 anos do curso continuar\u00e3o durante todo o semestre de 2024.2, sendo o pr\u00f3ximo a palestra \u201cLinhas de Cr\u00e9dito e Empreendedorismo\u201d, com Lorize Voloxki, analista de desenvolvimento da Fomento Paran\u00e1. Siga @cursodeadministracaoutfpr no instagram e fique por dentro dos pr\u00f3ximos eventos.<\/p>\n\n\n\n<figure class=\"wp-block-gallery has-nested-images columns-default is-cropped wp-block-gallery-1 is-layout-flex wp-block-gallery-is-layout-flex\">\n<figure class=\"wp-block-image size-large\"><img fetchpriority=\"high\" decoding=\"async\" width=\"1024\" height=\"512\" data-id=\"4654\" src=\"https:\/\/utfpr-ct-static-content.s3.amazonaws.com\/utfpr.curitiba.br\/wp-content\/uploads\/sites\/64\/2024\/12\/CRA-14-1024x512.jpg\" alt=\"\" class=\"wp-image-4654\" srcset=\"https:\/\/utfpr-ct-static-content.s3.amazonaws.com\/utfpr.curitiba.br\/wp-content\/uploads\/sites\/64\/2024\/12\/CRA-14-1024x512.jpg 1024w, https:\/\/utfpr-ct-static-content.s3.amazonaws.com\/utfpr.curitiba.br\/wp-content\/uploads\/sites\/64\/2024\/12\/CRA-14-300x150.jpg 300w, https:\/\/utfpr-ct-static-content.s3.amazonaws.com\/utfpr.curitiba.br\/wp-content\/uploads\/sites\/64\/2024\/12\/CRA-14-768x384.jpg 768w, https:\/\/utfpr-ct-static-content.s3.amazonaws.com\/utfpr.curitiba.br\/wp-content\/uploads\/sites\/64\/2024\/12\/CRA-14-1536x768.jpg 1536w, https:\/\/utfpr-ct-static-content.s3.amazonaws.com\/utfpr.curitiba.br\/wp-content\/uploads\/sites\/64\/2024\/12\/CRA-14.jpg 2048w\" sizes=\"(max-width: 706px) 89vw, (max-width: 767px) 82vw, 740px\" \/><\/figure>\n\n\n\n<figure class=\"wp-block-image size-large\"><img decoding=\"async\" width=\"1024\" height=\"683\" data-id=\"4657\" src=\"https:\/\/utfpr-ct-static-content.s3.amazonaws.com\/utfpr.curitiba.br\/wp-content\/uploads\/sites\/64\/2024\/12\/CRA-4-1024x683.jpg\" alt=\"\" class=\"wp-image-4657\" srcset=\"https:\/\/utfpr-ct-static-content.s3.amazonaws.com\/utfpr.curitiba.br\/wp-content\/uploads\/sites\/64\/2024\/12\/CRA-4-1024x683.jpg 1024w, https:\/\/utfpr-ct-static-content.s3.amazonaws.com\/utfpr.curitiba.br\/wp-content\/uploads\/sites\/64\/2024\/12\/CRA-4-300x200.jpg 300w, https:\/\/utfpr-ct-static-content.s3.amazonaws.com\/utfpr.curitiba.br\/wp-content\/uploads\/sites\/64\/2024\/12\/CRA-4-768x512.jpg 768w, https:\/\/utfpr-ct-static-content.s3.amazonaws.com\/utfpr.curitiba.br\/wp-content\/uploads\/sites\/64\/2024\/12\/CRA-4-1536x1024.jpg 1536w, https:\/\/utfpr-ct-static-content.s3.amazonaws.com\/utfpr.curitiba.br\/wp-content\/uploads\/sites\/64\/2024\/12\/CRA-4.jpg 2048w\" sizes=\"(max-width: 706px) 89vw, (max-width: 767px) 82vw, 740px\" \/><\/figure>\n\n\n\n<figure class=\"wp-block-image size-large\"><img decoding=\"async\" width=\"1024\" height=\"683\" data-id=\"4659\" src=\"https:\/\/utfpr-ct-static-content.s3.amazonaws.com\/utfpr.curitiba.br\/wp-content\/uploads\/sites\/64\/2024\/12\/CRA-7-1024x683.jpg\" alt=\"\" class=\"wp-image-4659\" srcset=\"https:\/\/utfpr-ct-static-content.s3.amazonaws.com\/utfpr.curitiba.br\/wp-content\/uploads\/sites\/64\/2024\/12\/CRA-7-1024x683.jpg 1024w, https:\/\/utfpr-ct-static-content.s3.amazonaws.com\/utfpr.curitiba.br\/wp-content\/uploads\/sites\/64\/2024\/12\/CRA-7-300x200.jpg 300w, https:\/\/utfpr-ct-static-content.s3.amazonaws.com\/utfpr.curitiba.br\/wp-content\/uploads\/sites\/64\/2024\/12\/CRA-7-768x512.jpg 768w, https:\/\/utfpr-ct-static-content.s3.amazonaws.com\/utfpr.curitiba.br\/wp-content\/uploads\/sites\/64\/2024\/12\/CRA-7-1536x1024.jpg 1536w, https:\/\/utfpr-ct-static-content.s3.amazonaws.com\/utfpr.curitiba.br\/wp-content\/uploads\/sites\/64\/2024\/12\/CRA-7.jpg 2048w\" sizes=\"(max-width: 706px) 89vw, (max-width: 767px) 82vw, 740px\" \/><\/figure>\n\n\n\n<figure class=\"wp-block-image size-large\"><img loading=\"lazy\" decoding=\"async\" width=\"1024\" height=\"683\" data-id=\"4658\" src=\"https:\/\/utfpr-ct-static-content.s3.amazonaws.com\/utfpr.curitiba.br\/wp-content\/uploads\/sites\/64\/2024\/12\/CRA-16-1024x683.jpg\" alt=\"\" class=\"wp-image-4658\" srcset=\"https:\/\/utfpr-ct-static-content.s3.amazonaws.com\/utfpr.curitiba.br\/wp-content\/uploads\/sites\/64\/2024\/12\/CRA-16-1024x683.jpg 1024w, https:\/\/utfpr-ct-static-content.s3.amazonaws.com\/utfpr.curitiba.br\/wp-content\/uploads\/sites\/64\/2024\/12\/CRA-16-300x200.jpg 300w, https:\/\/utfpr-ct-static-content.s3.amazonaws.com\/utfpr.curitiba.br\/wp-content\/uploads\/sites\/64\/2024\/12\/CRA-16-768x512.jpg 768w, https:\/\/utfpr-ct-static-content.s3.amazonaws.com\/utfpr.curitiba.br\/wp-content\/uploads\/sites\/64\/2024\/12\/CRA-16-1536x1024.jpg 1536w, https:\/\/utfpr-ct-static-content.s3.amazonaws.com\/utfpr.curitiba.br\/wp-content\/uploads\/sites\/64\/2024\/12\/CRA-16.jpg 2048w\" sizes=\"(max-width: 706px) 89vw, (max-width: 767px) 82vw, 740px\" \/><\/figure>\n\n\n\n<figure class=\"wp-block-image size-large\"><img loading=\"lazy\" decoding=\"async\" width=\"1024\" height=\"683\" data-id=\"4656\" src=\"https:\/\/utfpr-ct-static-content.s3.amazonaws.com\/utfpr.curitiba.br\/wp-content\/uploads\/sites\/64\/2024\/12\/CRA-6-1024x683.jpg\" alt=\"\" class=\"wp-image-4656\" srcset=\"https:\/\/utfpr-ct-static-content.s3.amazonaws.com\/utfpr.curitiba.br\/wp-content\/uploads\/sites\/64\/2024\/12\/CRA-6-1024x683.jpg 1024w, https:\/\/utfpr-ct-static-content.s3.amazonaws.com\/utfpr.curitiba.br\/wp-content\/uploads\/sites\/64\/2024\/12\/CRA-6-300x200.jpg 300w, https:\/\/utfpr-ct-static-content.s3.amazonaws.com\/utfpr.curitiba.br\/wp-content\/uploads\/sites\/64\/2024\/12\/CRA-6-768x512.jpg 768w, https:\/\/utfpr-ct-static-content.s3.amazonaws.com\/utfpr.curitiba.br\/wp-content\/uploads\/sites\/64\/2024\/12\/CRA-6-1536x1024.jpg 1536w, https:\/\/utfpr-ct-static-content.s3.amazonaws.com\/utfpr.curitiba.br\/wp-content\/uploads\/sites\/64\/2024\/12\/CRA-6.jpg 2048w\" sizes=\"(max-width: 706px) 89vw, (max-width: 767px) 82vw, 740px\" \/><\/figure>\n\n\n\n<figure class=\"wp-block-image size-large\"><img loading=\"lazy\" decoding=\"async\" width=\"1024\" height=\"683\" data-id=\"4655\" src=\"https:\/\/utfpr-ct-static-content.s3.amazonaws.com\/utfpr.curitiba.br\/wp-content\/uploads\/sites\/64\/2024\/12\/CRA-3-1024x683.jpg\" alt=\"\" class=\"wp-image-4655\" srcset=\"https:\/\/utfpr-ct-static-content.s3.amazonaws.com\/utfpr.curitiba.br\/wp-content\/uploads\/sites\/64\/2024\/12\/CRA-3-1024x683.jpg 1024w, https:\/\/utfpr-ct-static-content.s3.amazonaws.com\/utfpr.curitiba.br\/wp-content\/uploads\/sites\/64\/2024\/12\/CRA-3-300x200.jpg 300w, https:\/\/utfpr-ct-static-content.s3.amazonaws.com\/utfpr.curitiba.br\/wp-content\/uploads\/sites\/64\/2024\/12\/CRA-3-768x512.jpg 768w, https:\/\/utfpr-ct-static-content.s3.amazonaws.com\/utfpr.curitiba.br\/wp-content\/uploads\/sites\/64\/2024\/12\/CRA-3-1536x1024.jpg 1536w, https:\/\/utfpr-ct-static-content.s3.amazonaws.com\/utfpr.curitiba.br\/wp-content\/uploads\/sites\/64\/2024\/12\/CRA-3.jpg 2048w\" sizes=\"(max-width: 706px) 89vw, (max-width: 767px) 82vw, 740px\" \/><\/figure>\n\n\n\n<figure class=\"wp-block-image size-large\"><img loading=\"lazy\" decoding=\"async\" width=\"1024\" height=\"683\" data-id=\"4652\" src=\"https:\/\/utfpr-ct-static-content.s3.amazonaws.com\/utfpr.curitiba.br\/wp-content\/uploads\/sites\/64\/2024\/12\/CRA-1-1024x683.jpg\" alt=\"\" class=\"wp-image-4652\" srcset=\"https:\/\/utfpr-ct-static-content.s3.amazonaws.com\/utfpr.curitiba.br\/wp-content\/uploads\/sites\/64\/2024\/12\/CRA-1-1024x683.jpg 1024w, https:\/\/utfpr-ct-static-content.s3.amazonaws.com\/utfpr.curitiba.br\/wp-content\/uploads\/sites\/64\/2024\/12\/CRA-1-300x200.jpg 300w, https:\/\/utfpr-ct-static-content.s3.amazonaws.com\/utfpr.curitiba.br\/wp-content\/uploads\/sites\/64\/2024\/12\/CRA-1-768x512.jpg 768w, https:\/\/utfpr-ct-static-content.s3.amazonaws.com\/utfpr.curitiba.br\/wp-content\/uploads\/sites\/64\/2024\/12\/CRA-1-1536x1024.jpg 1536w, https:\/\/utfpr-ct-static-content.s3.amazonaws.com\/utfpr.curitiba.br\/wp-content\/uploads\/sites\/64\/2024\/12\/CRA-1.jpg 2048w\" sizes=\"(max-width: 706px) 89vw, (max-width: 767px) 82vw, 740px\" \/><\/figure>\n\n\n\n<figure class=\"wp-block-image size-large\"><img loading=\"lazy\" decoding=\"async\" width=\"1024\" height=\"683\" data-id=\"4653\" src=\"https:\/\/utfpr-ct-static-content.s3.amazonaws.com\/utfpr.curitiba.br\/wp-content\/uploads\/sites\/64\/2024\/12\/CRA-8-1024x683.jpg\" alt=\"\" class=\"wp-image-4653\" srcset=\"https:\/\/utfpr-ct-static-content.s3.amazonaws.com\/utfpr.curitiba.br\/wp-content\/uploads\/sites\/64\/2024\/12\/CRA-8-1024x683.jpg 1024w, https:\/\/utfpr-ct-static-content.s3.amazonaws.com\/utfpr.curitiba.br\/wp-content\/uploads\/sites\/64\/2024\/12\/CRA-8-300x200.jpg 300w, https:\/\/utfpr-ct-static-content.s3.amazonaws.com\/utfpr.curitiba.br\/wp-content\/uploads\/sites\/64\/2024\/12\/CRA-8-768x512.jpg 768w, https:\/\/utfpr-ct-static-content.s3.amazonaws.com\/utfpr.curitiba.br\/wp-content\/uploads\/sites\/64\/2024\/12\/CRA-8-1536x1024.jpg 1536w, https:\/\/utfpr-ct-static-content.s3.amazonaws.com\/utfpr.curitiba.br\/wp-content\/uploads\/sites\/64\/2024\/12\/CRA-8.jpg 2048w\" sizes=\"(max-width: 706px) 89vw, (max-width: 767px) 82vw, 740px\" \/><\/figure>\n\n\n\n<figure class=\"wp-block-image size-large\"><img loading=\"lazy\" decoding=\"async\" width=\"1024\" height=\"683\" data-id=\"4651\" src=\"https:\/\/utfpr-ct-static-content.s3.amazonaws.com\/utfpr.curitiba.br\/wp-content\/uploads\/sites\/64\/2024\/12\/CRA-2-1024x683.jpg\" alt=\"\" class=\"wp-image-4651\" srcset=\"https:\/\/utfpr-ct-static-content.s3.amazonaws.com\/utfpr.curitiba.br\/wp-content\/uploads\/sites\/64\/2024\/12\/CRA-2-1024x683.jpg 1024w, https:\/\/utfpr-ct-static-content.s3.amazonaws.com\/utfpr.curitiba.br\/wp-content\/uploads\/sites\/64\/2024\/12\/CRA-2-300x200.jpg 300w, https:\/\/utfpr-ct-static-content.s3.amazonaws.com\/utfpr.curitiba.br\/wp-content\/uploads\/sites\/64\/2024\/12\/CRA-2-768x512.jpg 768w, https:\/\/utfpr-ct-static-content.s3.amazonaws.com\/utfpr.curitiba.br\/wp-content\/uploads\/sites\/64\/2024\/12\/CRA-2-1536x1024.jpg 1536w, https:\/\/utfpr-ct-static-content.s3.amazonaws.com\/utfpr.curitiba.br\/wp-content\/uploads\/sites\/64\/2024\/12\/CRA-2.jpg 2048w\" sizes=\"(max-width: 706px) 89vw, (max-width: 767px) 82vw, 740px\" \/><\/figure>\n\n\n\n<figure class=\"wp-block-image size-large\"><img loading=\"lazy\" decoding=\"async\" width=\"1024\" height=\"683\" data-id=\"4644\" src=\"https:\/\/utfpr-ct-static-content.s3.amazonaws.com\/utfpr.curitiba.br\/wp-content\/uploads\/sites\/64\/2024\/12\/Bears-2-1024x683.jpg\" alt=\"\" class=\"wp-image-4644\" srcset=\"https:\/\/utfpr-ct-static-content.s3.amazonaws.com\/utfpr.curitiba.br\/wp-content\/uploads\/sites\/64\/2024\/12\/Bears-2-1024x683.jpg 1024w, https:\/\/utfpr-ct-static-content.s3.amazonaws.com\/utfpr.curitiba.br\/wp-content\/uploads\/sites\/64\/2024\/12\/Bears-2-300x200.jpg 300w, https:\/\/utfpr-ct-static-content.s3.amazonaws.com\/utfpr.curitiba.br\/wp-content\/uploads\/sites\/64\/2024\/12\/Bears-2-768x512.jpg 768w, https:\/\/utfpr-ct-static-content.s3.amazonaws.com\/utfpr.curitiba.br\/wp-content\/uploads\/sites\/64\/2024\/12\/Bears-2-1536x1024.jpg 1536w, https:\/\/utfpr-ct-static-content.s3.amazonaws.com\/utfpr.curitiba.br\/wp-content\/uploads\/sites\/64\/2024\/12\/Bears-2.jpg 2048w\" sizes=\"(max-width: 706px) 89vw, (max-width: 767px) 82vw, 740px\" \/><\/figure>\n\n\n\n<figure class=\"wp-block-image size-large\"><img loading=\"lazy\" decoding=\"async\" width=\"1024\" height=\"683\" data-id=\"4649\" src=\"https:\/\/utfpr-ct-static-content.s3.amazonaws.com\/utfpr.curitiba.br\/wp-content\/uploads\/sites\/64\/2024\/12\/Bears-5-1024x683.jpg\" alt=\"\" class=\"wp-image-4649\" srcset=\"https:\/\/utfpr-ct-static-content.s3.amazonaws.com\/utfpr.curitiba.br\/wp-content\/uploads\/sites\/64\/2024\/12\/Bears-5-1024x683.jpg 1024w, https:\/\/utfpr-ct-static-content.s3.amazonaws.com\/utfpr.curitiba.br\/wp-content\/uploads\/sites\/64\/2024\/12\/Bears-5-300x200.jpg 300w, https:\/\/utfpr-ct-static-content.s3.amazonaws.com\/utfpr.curitiba.br\/wp-content\/uploads\/sites\/64\/2024\/12\/Bears-5-768x512.jpg 768w, https:\/\/utfpr-ct-static-content.s3.amazonaws.com\/utfpr.curitiba.br\/wp-content\/uploads\/sites\/64\/2024\/12\/Bears-5-1536x1024.jpg 1536w, https:\/\/utfpr-ct-static-content.s3.amazonaws.com\/utfpr.curitiba.br\/wp-content\/uploads\/sites\/64\/2024\/12\/Bears-5.jpg 2048w\" sizes=\"(max-width: 706px) 89vw, (max-width: 767px) 82vw, 740px\" \/><\/figure>\n\n\n\n<figure class=\"wp-block-image size-large\"><img loading=\"lazy\" decoding=\"async\" width=\"683\" height=\"1024\" data-id=\"4646\" src=\"https:\/\/utfpr-ct-static-content.s3.amazonaws.com\/utfpr.curitiba.br\/wp-content\/uploads\/sites\/64\/2024\/12\/Bears-4-683x1024.jpg\" alt=\"\" class=\"wp-image-4646\" srcset=\"https:\/\/utfpr-ct-static-content.s3.amazonaws.com\/utfpr.curitiba.br\/wp-content\/uploads\/sites\/64\/2024\/12\/Bears-4-683x1024.jpg 683w, https:\/\/utfpr-ct-static-content.s3.amazonaws.com\/utfpr.curitiba.br\/wp-content\/uploads\/sites\/64\/2024\/12\/Bears-4-200x300.jpg 200w, https:\/\/utfpr-ct-static-content.s3.amazonaws.com\/utfpr.curitiba.br\/wp-content\/uploads\/sites\/64\/2024\/12\/Bears-4-768x1152.jpg 768w, https:\/\/utfpr-ct-static-content.s3.amazonaws.com\/utfpr.curitiba.br\/wp-content\/uploads\/sites\/64\/2024\/12\/Bears-4-1024x1536.jpg 1024w, https:\/\/utfpr-ct-static-content.s3.amazonaws.com\/utfpr.curitiba.br\/wp-content\/uploads\/sites\/64\/2024\/12\/Bears-4.jpg 1365w\" sizes=\"(max-width: 683px) 100vw, 683px\" \/><\/figure>\n\n\n\n<figure class=\"wp-block-image size-large\"><img loading=\"lazy\" decoding=\"async\" width=\"1024\" height=\"683\" data-id=\"4650\" src=\"https:\/\/utfpr-ct-static-content.s3.amazonaws.com\/utfpr.curitiba.br\/wp-content\/uploads\/sites\/64\/2024\/12\/Bears-8-1024x683.jpg\" alt=\"\" class=\"wp-image-4650\" srcset=\"https:\/\/utfpr-ct-static-content.s3.amazonaws.com\/utfpr.curitiba.br\/wp-content\/uploads\/sites\/64\/2024\/12\/Bears-8-1024x683.jpg 1024w, https:\/\/utfpr-ct-static-content.s3.amazonaws.com\/utfpr.curitiba.br\/wp-content\/uploads\/sites\/64\/2024\/12\/Bears-8-300x200.jpg 300w, https:\/\/utfpr-ct-static-content.s3.amazonaws.com\/utfpr.curitiba.br\/wp-content\/uploads\/sites\/64\/2024\/12\/Bears-8-768x512.jpg 768w, https:\/\/utfpr-ct-static-content.s3.amazonaws.com\/utfpr.curitiba.br\/wp-content\/uploads\/sites\/64\/2024\/12\/Bears-8-1536x1024.jpg 1536w, https:\/\/utfpr-ct-static-content.s3.amazonaws.com\/utfpr.curitiba.br\/wp-content\/uploads\/sites\/64\/2024\/12\/Bears-8.jpg 2048w\" sizes=\"(max-width: 706px) 89vw, (max-width: 767px) 82vw, 740px\" \/><\/figure>\n<\/figure>\n\n\n\n<p><\/p>\n","protected":false},"excerpt":{"rendered":"<p>A programa\u00e7\u00e3o teve in\u00edcio com a presen\u00e7a do CRA-PR e showcase do Bears Cheerleading Teve in\u00edcio nessa quarta (27) os eventos em comemora\u00e7\u00e3o do anivers\u00e1rio de 14 anos do curso de Administra\u00e7\u00e3o da Universidade Tecnol\u00f3gica Federal do Paran\u00e1 (UTFPR), campus Curitiba. O anivers\u00e1rio do curso, ofertado pelo Departamento Acad\u00eamico de Gest\u00e3o e Economia (DAGEE), ainda &hellip; <\/p>\n<p class=\"link-more\"><a href=\"https:\/\/utfpr.curitiba.br\/dagee\/curso-de-administracao-da-utfpr-ct-celebra-14-anos\/\" class=\"more-link\">Continue lendo<span class=\"screen-reader-text\"> &#8220;Curso de Administra\u00e7\u00e3o da UTFPR-CT celebra 14 anos!&#8221;<\/span><\/a><\/p>\n","protected":false},"author":319,"featured_media":0,"comment_status":"closed","ping_status":"closed","sticky":false,"template":"","format":"standard","meta":{"footnotes":""},"categories":[1],"tags":[],"class_list":["post-4641","post","type-post","status-publish","format-standard","hentry","category-sem-categoria"],"_links":{"self":[{"href":"https:\/\/utfpr.curitiba.br\/dagee\/wp-json\/wp\/v2\/posts\/4641","targetHints":{"allow":["GET"]}}],"collection":[{"href":"https:\/\/utfpr.curitiba.br\/dagee\/wp-json\/wp\/v2\/posts"}],"about":[{"href":"https:\/\/utfpr.curitiba.br\/dagee\/wp-json\/wp\/v2\/types\/post"}],"author":[{"embeddable":true,"href":"https:\/\/utfpr.curitiba.br\/dagee\/wp-json\/wp\/v2\/users\/319"}],"replies":[{"embeddable":true,"href":"https:\/\/utfpr.curitiba.br\/dagee\/wp-json\/wp\/v2\/comments?post=4641"}],"version-history":[{"count":1,"href":"https:\/\/utfpr.curitiba.br\/dagee\/wp-json\/wp\/v2\/posts\/4641\/revisions"}],"predecessor-version":[{"id":4660,"href":"https:\/\/utfpr.curitiba.br\/dagee\/wp-json\/wp\/v2\/posts\/4641\/revisions\/4660"}],"wp:attachment":[{"href":"https:\/\/utfpr.curitiba.br\/dagee\/wp-json\/wp\/v2\/media?parent=4641"}],"wp:term":[{"taxonomy":"category","embeddable":true,"href":"https:\/\/utfpr.curitiba.br\/dagee\/wp-json\/wp\/v2\/categories?post=4641"},{"taxonomy":"post_tag","embeddable":true,"href":"https:\/\/utfpr.curitiba.br\/dagee\/wp-json\/wp\/v2\/tags?post=4641"}],"curies":[{"name":"wp","href":"https:\/\/api.w.org\/{rel}","templated":true}]}}