{"id":3989,"date":"2023-06-21T13:46:24","date_gmt":"2023-06-21T16:46:24","guid":{"rendered":"https:\/\/utfpr.curitiba.br\/dagee\/?p=3989"},"modified":"2023-06-21T13:46:26","modified_gmt":"2023-06-21T16:46:26","slug":"palestra-gestao-e-sustentabilidade-esg-marcas-fortes-e-um-mundo-melhor","status":"publish","type":"post","link":"https:\/\/utfpr.curitiba.br\/dagee\/palestra-gestao-e-sustentabilidade-esg-marcas-fortes-e-um-mundo-melhor\/","title":{"rendered":"Palestra Gest\u00e3o e Sustentabilidade: ESG, marcas fortes e um mundo melhor"},"content":{"rendered":"\n<p>Car\u00edssimos(as),<\/p>\n\n\n\n<p>Convidamos todos para participar de uma palestra com a Prof. C\u00e9lia Linsingen, com tema:&nbsp;<strong>Gest\u00e3o e Sustentabilidade: ESG, marcas fortes e um mundo melhor<\/strong>, organizada pela Prof. Aurea Niada, docente do curso de Administra\u00e7\u00e3o.<\/p>\n\n\n\n<p>O evento ocorrer\u00e1 no&nbsp;<strong>Miniaudit\u00f3rio da sede Centro da UTFPR Curitiba<\/strong>, no dia&nbsp;<strong>22\/06\/2023<\/strong>, das<strong>&nbsp;10h20<\/strong>&nbsp;ao meio-dia.<\/p>\n\n\n\n<p>O&nbsp;<strong>link para inscri\u00e7\u00f5es<\/strong>&nbsp;\u00e9&nbsp;<a href=\"https:\/\/www.even3.com.br\/gestao-e-sustentabilidade-esg-marcas-fortes-e-um-mundo-melhor-355820\/\" target=\"_blank\" rel=\"noreferrer noopener\">https:\/\/www.even3.com.br\/gestao-e-sustentabilidade-esg-marcas-fortes-e-um-mundo-melhor-355820\/<\/a><\/p>\n\n\n\n<p><strong>Descri\u00e7\u00e3o<\/strong><\/p>\n\n\n\n<p>Consumidores exigentes e conscientes. Marcas ampliadas e ativas. Empresas mais sustent\u00e1veis e \u00e9ticas. Este \u00e9 o cen\u00e1rio que envolve o mercado hiper competitivo e conectado que vivemos. Temas e pr\u00e1ticas sociais, ambientais e de governan\u00e7a (ESG) s\u00e3o acionadas para melhorar (salvar) a vida no planeta e equilibrar as diferen\u00e7as e dist\u00e2ncias sociais.<\/p>\n\n\n\n<p>Nesta palestra vamos discutir como unir inova\u00e7\u00e3o e sustentabilidade na gest\u00e3o de empresas e marcas para que todos e todas \u2013 inclusive o planeta \u2013 saiam no lucro.<\/p>\n\n\n\n<p><strong>Prof. C\u00e9lia Linsingen<\/strong><\/p>\n\n\n\n<p>&#8211; Executiva de Marketing com vinte anos de experi\u00eancia na ind\u00fastria de bens de consumo. Desenvolveu, lan\u00e7ou e gerenciou mais de 100 produtos comercializados em todo o territ\u00f3rio nacional.<\/p>\n\n\n\n<p>&#8211; Consultora e mentora em Estrat\u00e9gia de Marketing, Branding e Inova\u00e7\u00e3o para empresas de v\u00e1rios segmentos e portes com \u00eanfase em nova economia.<\/p>\n\n\n\n<p>&#8211; Mentora residente em Marketing Estrat\u00e9gico na HOTMILK (Ecossistema de Inova\u00e7\u00e3o da PUCPR).<\/p>\n\n\n\n<p>&#8211; Professora convidada em programas de P\u00f3s-Gradua\u00e7\u00e3o da PUC-PR, ESIC e CONQUER.<\/p>\n\n\n\n<p>&#8211; Doutoranda e Mestre em Administra\u00e7\u00e3o (Marketing: Comportamento do consumidor), MBA Internacional em Gest\u00e3o Estrat\u00e9gica da Inova\u00e7\u00e3o, P\u00f3s-gradua\u00e7\u00e3o como Especialista em Marketing e Gradua\u00e7\u00e3o em Farm\u00e1cia Industrial e Bioqu\u00edmica.<\/p>\n\n\n\n<p>&#8211; Podcaster: 1. Livros de Neg\u00f3cios e 2. Tend\u00eancias de Mercado e Consumo.<\/p>\n\n\n\n<p>&#8211; Multiplicadora do Sistema B Brasil.<\/p>\n\n\n\n<p>&#8211; Conselheira do Instituto Capitalismo Consciente, filial Paran\u00e1.<\/p>\n\n\n\n<p>&#8211; Pr\u00eamio de Profissional de Marketing do Paran\u00e1 em 2009.<\/p>\n","protected":false},"excerpt":{"rendered":"<p>Car\u00edssimos(as), Convidamos todos para participar de uma palestra com a Prof. C\u00e9lia Linsingen, com tema:&nbsp;Gest\u00e3o e Sustentabilidade: ESG, marcas fortes e um mundo melhor, organizada pela Prof. Aurea Niada, docente do curso de Administra\u00e7\u00e3o. O evento ocorrer\u00e1 no&nbsp;Miniaudit\u00f3rio da sede Centro da UTFPR Curitiba, no dia&nbsp;22\/06\/2023, das&nbsp;10h20&nbsp;ao meio-dia. O&nbsp;link para inscri\u00e7\u00f5es&nbsp;\u00e9&nbsp;https:\/\/www.even3.com.br\/gestao-e-sustentabilidade-esg-marcas-fortes-e-um-mundo-melhor-355820\/ Descri\u00e7\u00e3o Consumidores exigentes e &hellip; <\/p>\n<p class=\"link-more\"><a href=\"https:\/\/utfpr.curitiba.br\/dagee\/palestra-gestao-e-sustentabilidade-esg-marcas-fortes-e-um-mundo-melhor\/\" class=\"more-link\">Continue lendo<span class=\"screen-reader-text\"> &#8220;Palestra Gest\u00e3o e Sustentabilidade: ESG, marcas fortes e um mundo melhor&#8221;<\/span><\/a><\/p>\n","protected":false},"author":117,"featured_media":0,"comment_status":"closed","ping_status":"closed","sticky":false,"template":"","format":"standard","meta":{"footnotes":""},"categories":[1],"tags":[],"class_list":["post-3989","post","type-post","status-publish","format-standard","hentry","category-sem-categoria"],"_links":{"self":[{"href":"https:\/\/utfpr.curitiba.br\/dagee\/wp-json\/wp\/v2\/posts\/3989","targetHints":{"allow":["GET"]}}],"collection":[{"href":"https:\/\/utfpr.curitiba.br\/dagee\/wp-json\/wp\/v2\/posts"}],"about":[{"href":"https:\/\/utfpr.curitiba.br\/dagee\/wp-json\/wp\/v2\/types\/post"}],"author":[{"embeddable":true,"href":"https:\/\/utfpr.curitiba.br\/dagee\/wp-json\/wp\/v2\/users\/117"}],"replies":[{"embeddable":true,"href":"https:\/\/utfpr.curitiba.br\/dagee\/wp-json\/wp\/v2\/comments?post=3989"}],"version-history":[{"count":1,"href":"https:\/\/utfpr.curitiba.br\/dagee\/wp-json\/wp\/v2\/posts\/3989\/revisions"}],"predecessor-version":[{"id":3990,"href":"https:\/\/utfpr.curitiba.br\/dagee\/wp-json\/wp\/v2\/posts\/3989\/revisions\/3990"}],"wp:attachment":[{"href":"https:\/\/utfpr.curitiba.br\/dagee\/wp-json\/wp\/v2\/media?parent=3989"}],"wp:term":[{"taxonomy":"category","embeddable":true,"href":"https:\/\/utfpr.curitiba.br\/dagee\/wp-json\/wp\/v2\/categories?post=3989"},{"taxonomy":"post_tag","embeddable":true,"href":"https:\/\/utfpr.curitiba.br\/dagee\/wp-json\/wp\/v2\/tags?post=3989"}],"curies":[{"name":"wp","href":"https:\/\/api.w.org\/{rel}","templated":true}]}}