{"id":6425,"date":"2024-09-01T17:18:30","date_gmt":"2024-09-01T20:18:30","guid":{"rendered":"https:\/\/utfpr.curitiba.br\/dadin\/?p=6425"},"modified":"2024-09-02T22:45:49","modified_gmt":"2024-09-03T01:45:49","slug":"utf-faz-design-posteres-dos-tccs-2024-1","status":"publish","type":"post","link":"https:\/\/utfpr.curitiba.br\/dadin\/?p=6425","title":{"rendered":"UTF faz Design \u2013 P\u00f4steres dos TCCs 2024.1"},"content":{"rendered":"\n<p><strong>CURSO DE TECNOLOGIA EM DESIGN GR\u00c1FICO<\/strong><\/p>\n\n\n\n<p><br><a href=\"https:\/\/utfpr-ct-static-content.s3.amazonaws.com\/utfpr.curitiba.br\/wp-content\/uploads\/sites\/62\/2024\/09\/AnaLigiaPoster.pdf\">Ana Ligia Mazzocco Chioquetta &#8211; Indicadores, estrat\u00e9gias e par\u00e2metros de identidade Visual para a Constru\u00e7\u00e3od e branding territorial para a cidade de Francisco Beltrao, PR<\/a><\/p>\n\n\n\n<p><br><a href=\"https:\/\/utfpr-ct-static-content.s3.amazonaws.com\/utfpr.curitiba.br\/wp-content\/uploads\/sites\/62\/2024\/09\/AnaPaulaKesslerGoncalves_Poster-BANNER.pdf\">Ana Paula Kessler Gon\u00e7alves &#8211; Lidando com a Carga Excessiva: Design como aliado no equilibrio profissional e produtividade para Mulheres<\/a><\/p>\n\n\n\n<p><a href=\"https:\/\/utfpr-ct-static-content.s3.amazonaws.com\/utfpr.curitiba.br\/wp-content\/uploads\/sites\/62\/2024\/09\/GabrieldosSantosGodoi_POSTER_BANNER.pdf\">Gabriel dos Santos Godoi &#8211; NIHONGO SAP\u014cTO: DESIGN INSTRUCIONAL NAS REDES SOCIAIS<\/a><\/p>\n\n\n\n<p><a href=\"https:\/\/utfpr-ct-static-content.s3.amazonaws.com\/utfpr.curitiba.br\/wp-content\/uploads\/sites\/62\/2024\/09\/GuilhermeBazzotti_Poster-NOVO.pdf\">Guilherme Menestrino Bazzotti &#8211; Dragolution: Promovendo reflex\u00f5es acerca da mem\u00f3ria cultural drag atrav\u00e9s de um jogo de tabuleiro<\/a><\/p>\n\n\n\n<p><a href=\"https:\/\/utfpr-ct-static-content.s3.amazonaws.com\/utfpr.curitiba.br\/wp-content\/uploads\/sites\/62\/2024\/09\/Hellen-Fanucchi-de-Souza-e-Lariany-Andressa-de-Moura-Lima-POSTER_BANNER.pdf\">Hellen Fanucchi de Souza e Lariany Andressa de Moura Lima &#8211; Tensionando a cisnormatividade: cartilha-zine sobre a menstrua\u00e7\u00e3o sob a \u00f3tica da diversidade de g\u00eanero<\/a><\/p>\n\n\n\n<p><a href=\"https:\/\/utfpr-ct-static-content.s3.amazonaws.com\/utfpr.curitiba.br\/wp-content\/uploads\/sites\/62\/2024\/09\/Juliana-Vila-Real-Destefani_Poster.pdf\">Juliana Vila Real Destefani &#8211; O impacto da intelig\u00eancia artificial generativa para artistas 2D e<br>de modelagem 3D na ind\u00fastria de jogos e de anima\u00e7\u00e3o<\/a><\/p>\n\n\n\n<p><a href=\"https:\/\/utfpr-ct-static-content.s3.amazonaws.com\/utfpr.curitiba.br\/wp-content\/uploads\/sites\/62\/2024\/09\/LeopoldoLeinekerStanula_Poster.pdf\">Leopoldo Leineker Stanula &#8211; Par\u00e2metros Para Adapta\u00e7\u00e3o Em Jogos Digitais: Acessibilidade Visual<\/a><\/p>\n\n\n\n<p><a href=\"https:\/\/utfpr-ct-static-content.s3.amazonaws.com\/utfpr.curitiba.br\/wp-content\/uploads\/sites\/62\/2024\/09\/Nayany-Ferreira-Bastos_Poster-Fisico.pdf\">Nayany Ferreira Bastos &#8211; AULAS CRIA! O design&amp;arte na favela de S\u00e3o Gon\u00e7alo<\/a><\/p>\n\n\n\n<p><a href=\"https:\/\/utfpr-ct-static-content.s3.amazonaws.com\/utfpr.curitiba.br\/wp-content\/uploads\/sites\/62\/2024\/09\/Pamella-Frison_Poster.pdf\">Pamella Frison Gon\u00e7alves &#8211; Guia para Pais de Crian\u00e7as com Transtorno do espectro Autista<\/a><\/p>\n\n\n\n<p><strong>CURSO DE BACHARELADO EM DESIGN<\/strong><\/p>\n\n\n\n<p><a href=\"https:\/\/utfpr-ct-static-content.s3.amazonaws.com\/utfpr.curitiba.br\/wp-content\/uploads\/sites\/62\/2024\/09\/Ana-Luisa-Miki-Morizaki-e-Andre-Henrique-Camillo-Terra.pdf\">Ana Luisa Miki Morizaki e Andre Henrique Camillo Terra &#8211; SERVI\u00c7O VOLUNT\u00c1RIO MEDIADO PELO APLICATIVO N\u00d3S &#8211; NOSSO OLHAR SOLID\u00c1RIO<\/a><\/p>\n\n\n\n<p><a href=\"https:\/\/utfpr-ct-static-content.s3.amazonaws.com\/utfpr.curitiba.br\/wp-content\/uploads\/sites\/62\/2024\/09\/Ana-Luisa-Stivanin-Fecchio.pdf\">Ana Luisa Stivanin Fecchio &#8211; A poesia do cotidiano brasileiro: um estudo imag\u00e9tico e gr\u00e1fico da cidade de S\u00e3o Paulo<\/a><\/p>\n\n\n\n<p><a href=\"https:\/\/utfpr-ct-static-content.s3.amazonaws.com\/utfpr.curitiba.br\/wp-content\/uploads\/sites\/62\/2024\/09\/Andre-Alessi-De-Castro.pdf\">Andre Alessi De Castro &#8211; DESIGN APLICADO NO PROCESSO DE CONCEPT ART: DESENVOLVIMENTO DE PERSONAGENS E CRIATURAS DO LIVRO \u201cO NOME DO VENTO\u201d<\/a><\/p>\n\n\n\n<p><a href=\"https:\/\/utfpr-ct-static-content.s3.amazonaws.com\/utfpr.curitiba.br\/wp-content\/uploads\/sites\/62\/2024\/09\/Ariel-Aline-Perszel.pdf\">Ariel Aline Perszel &#8211; ERGONOMIA E ACESSIBILIDADE EM MORADIAS POPULARES: UM MANUAL PARA COMPRADORES DO PROGRAMA MINHA CASA, MINHA VIDA<\/a><\/p>\n\n\n\n<p><a href=\"https:\/\/utfpr-ct-static-content.s3.amazonaws.com\/utfpr.curitiba.br\/wp-content\/uploads\/sites\/62\/2024\/09\/Barbara-Brogim-Pinheiro.pdf\">B\u00e1rbara Brogim Pinheiro &#8211; M\u00c9TODO PARA REFINAMENTO DE CARACTER\u00cdSTICAS EM PR\u00d3TESES FACIAIS ATRAV\u00c9S DA MODELAGEM 3D<\/a><\/p>\n\n\n\n<p><a href=\"https:\/\/utfpr-ct-static-content.s3.amazonaws.com\/utfpr.curitiba.br\/wp-content\/uploads\/sites\/62\/2024\/09\/Emily-De-Oliveira-Curbani-Lemos-novo.pdf\">Emily De Oliveira Curbani Lemos &#8211; ELO: PLATAFORMA DE CONEX\u00c3O E APOIO PARA A SA\u00daDE MENTAL DAS MULHERES<\/a><\/p>\n\n\n\n<p><a href=\"https:\/\/utfpr-ct-static-content.s3.amazonaws.com\/utfpr.curitiba.br\/wp-content\/uploads\/sites\/62\/2024\/09\/Giulia-Zucki-Baciuk.pdf\">Giulia Zucki Baciuk &#8211; MODA CURITIBA: CRIA\u00c7\u00c3O DE UMA PLATAFORMA DIGITAL PARA A DIVULGA\u00c7\u00c3O DA MODA CURITIBANA<\/a><\/p>\n\n\n\n<p><a href=\"https:\/\/utfpr-ct-static-content.s3.amazonaws.com\/utfpr.curitiba.br\/wp-content\/uploads\/sites\/62\/2024\/09\/Jonas-Galembeck-novo.pdf\">Jonas Galembeck &#8211; A EVOLU\u00c7\u00c3O DO DESIGN DE UX\/UI EM SISTEMAS DE AI: TEND\u00caNCIAS E DESAFIOS FUTUROS<\/a><\/p>\n\n\n\n<p><a href=\"https:\/\/utfpr-ct-static-content.s3.amazonaws.com\/utfpr.curitiba.br\/wp-content\/uploads\/sites\/62\/2024\/09\/Louane-Simonetto.pdf\">Louane Simonetto &#8211; DESENHANDO FUTUROS: PROPOSTA DE M\u00c9TODO DE FUTURE THINKINGAPLICADO \u00c0 PROFISS\u00c3O DESIGNER DE PRODUTO DIGITAL<\/a><\/p>\n\n\n\n<p><a href=\"https:\/\/utfpr-ct-static-content.s3.amazonaws.com\/utfpr.curitiba.br\/wp-content\/uploads\/sites\/62\/2024\/09\/Natan-Lopes-Monteiro.pdf\">Natan Lopes Monteiro &#8211; Aquele que n\u00e3o estava l\u00e1: o apagamento social narrado em um videopoema<\/a><\/p>\n\n\n\n<p><a href=\"https:\/\/utfpr-ct-static-content.s3.amazonaws.com\/utfpr.curitiba.br\/wp-content\/uploads\/sites\/62\/2024\/09\/Octavio-Augusto-Do-Amaral-Santos.pdf\">Octavio Augusto Do Amaral Santos &#8211; DESIGN ESTRAT\u00c9GICO E A GEST\u00c3O DO DESIGN NA GERA\u00c7\u00c3O DE VANTAGENS COMPETITIVAS NO MERCADO DIGITAL<\/a><\/p>\n\n\n\n<p><a href=\"https:\/\/utfpr-ct-static-content.s3.amazonaws.com\/utfpr.curitiba.br\/wp-content\/uploads\/sites\/62\/2024\/09\/Patricia-Naomi-Yassaka.pdf\">Patricia Naomi Yassaka &#8211; SAKURAKO: UM REGISTRO DO PROCESSO DE ILUSTRA\u00c7\u00c3O NA PRODU\u00c7\u00c3O DE NARRATIVAS VISUAIS<\/a><\/p>\n\n\n\n<p><a href=\"https:\/\/utfpr-ct-static-content.s3.amazonaws.com\/utfpr.curitiba.br\/wp-content\/uploads\/sites\/62\/2024\/09\/Priscila-Batistao-e-Vanessa-Zem-Messias-novo.pdf\">Priscila Batistao e Vanessa Zem Messias &#8211; BOX DE TERROR DA CULTURA BRASILEIRA: CONTOS FOTOGRAFADOS E ILUSTRADOS<\/a><\/p>\n\n\n\n<p><a href=\"https:\/\/utfpr-ct-static-content.s3.amazonaws.com\/utfpr.curitiba.br\/wp-content\/uploads\/sites\/62\/2024\/09\/Ricardo-Hideki-Oshikawa-Gondo.pdf\">Ricardo Hideki Oshikawa Gondo &#8211; A EVOLU\u00c7\u00c3O DO DESIGN DO LAND ROVER DEFENDER: AN\u00c1LISE COMPARATIVA ENTRE DUAS GERA\u00c7\u00d5ES<\/a><\/p>\n\n\n\n<p><a href=\"https:\/\/utfpr-ct-static-content.s3.amazonaws.com\/utfpr.curitiba.br\/wp-content\/uploads\/sites\/62\/2024\/09\/Thalia-Rauane-De-Oliveira-e-Thayla-Milla-Andrade-Santos.pdf.pdf\" target=\"_blank\" rel=\"noreferrer noopener\">Thalia Rauane De Oliveira e Thayla Milla Andrade Santos &#8211; DESIGN E EDUCA\u00c7\u00c3O INCLUSIVA NO ENSINO SUPERIOR: RECOMENDA\u00c7\u00d5ES PARA CRIA\u00c7\u00c3O E USO DE MATERIAIS EDUCACIONAIS DESTINADOS \u00c0 INCLUS\u00c3O DE PESSOAS COM DEFICI\u00caNCIA VISUAL<\/a><\/p>\n\n\n\n<p><\/p>\n","protected":false},"excerpt":{"rendered":"<p>CURSO DE TECNOLOGIA EM DESIGN GR\u00c1FICO Ana Ligia Mazzocco Chioquetta &#8211; Indicadores, estrat\u00e9gias e par\u00e2metros de identidade Visual para a Constru\u00e7\u00e3od e branding territorial para a cidade de Francisco Beltrao, PR Ana Paula Kessler Gon\u00e7alves &#8211; Lidando com a Carga Excessiva: Design como aliado no equilibrio profissional e produtividade para Mulheres Gabriel dos Santos Godoi &hellip; <\/p>\n<p class=\"link-more\"><a href=\"https:\/\/utfpr.curitiba.br\/dadin\/?p=6425\" class=\"more-link\">Continue lendo<span class=\"screen-reader-text\"> &#8220;UTF faz Design \u2013 P\u00f4steres dos TCCs 2024.1&#8221;<\/span><\/a><\/p>\n","protected":false},"author":191,"featured_media":3791,"comment_status":"closed","ping_status":"closed","sticky":false,"template":"","format":"standard","meta":{"footnotes":""},"categories":[1],"tags":[78,79,92],"class_list":["post-6425","post","type-post","status-publish","format-standard","has-post-thumbnail","hentry","category-sem-categoria","tag-bancas-de-trabalho-de-conclusao","tag-tcc","tag-utf-faz-design"],"_links":{"self":[{"href":"https:\/\/utfpr.curitiba.br\/dadin\/index.php?rest_route=\/wp\/v2\/posts\/6425","targetHints":{"allow":["GET"]}}],"collection":[{"href":"https:\/\/utfpr.curitiba.br\/dadin\/index.php?rest_route=\/wp\/v2\/posts"}],"about":[{"href":"https:\/\/utfpr.curitiba.br\/dadin\/index.php?rest_route=\/wp\/v2\/types\/post"}],"author":[{"embeddable":true,"href":"https:\/\/utfpr.curitiba.br\/dadin\/index.php?rest_route=\/wp\/v2\/users\/191"}],"replies":[{"embeddable":true,"href":"https:\/\/utfpr.curitiba.br\/dadin\/index.php?rest_route=%2Fwp%2Fv2%2Fcomments&post=6425"}],"version-history":[{"count":4,"href":"https:\/\/utfpr.curitiba.br\/dadin\/index.php?rest_route=\/wp\/v2\/posts\/6425\/revisions"}],"predecessor-version":[{"id":6452,"href":"https:\/\/utfpr.curitiba.br\/dadin\/index.php?rest_route=\/wp\/v2\/posts\/6425\/revisions\/6452"}],"wp:featuredmedia":[{"embeddable":true,"href":"https:\/\/utfpr.curitiba.br\/dadin\/index.php?rest_route=\/wp\/v2\/media\/3791"}],"wp:attachment":[{"href":"https:\/\/utfpr.curitiba.br\/dadin\/index.php?rest_route=%2Fwp%2Fv2%2Fmedia&parent=6425"}],"wp:term":[{"taxonomy":"category","embeddable":true,"href":"https:\/\/utfpr.curitiba.br\/dadin\/index.php?rest_route=%2Fwp%2Fv2%2Fcategories&post=6425"},{"taxonomy":"post_tag","embeddable":true,"href":"https:\/\/utfpr.curitiba.br\/dadin\/index.php?rest_route=%2Fwp%2Fv2%2Ftags&post=6425"}],"curies":[{"name":"wp","href":"https:\/\/api.w.org\/{rel}","templated":true}]}}