{"id":6321,"date":"2023-06-12T11:42:42","date_gmt":"2023-06-12T14:42:42","guid":{"rendered":"https:\/\/utfpr.curitiba.br\/dadin\/?p=6321"},"modified":"2023-06-12T11:42:43","modified_gmt":"2023-06-12T14:42:43","slug":"utf-faz-design-posteres-dos-tccs-2023-1","status":"publish","type":"post","link":"https:\/\/utfpr.curitiba.br\/dadin\/?p=6321","title":{"rendered":"UTF faz Design \u2013 P\u00f4steres dos TCCs 2023.1"},"content":{"rendered":"\n<p><strong>CURSO DE BACHARELADO EM DESIGN<\/strong><\/p>\n\n\n\n<p><a href=\"https:\/\/utfpr-ct-static-content.s3.amazonaws.com\/utfpr.curitiba.br\/wp-content\/uploads\/sites\/62\/2023\/06\/Bianca-Bertolazzo_Poster.pdf\">Bianca Bertolazzo &#8211; GEST\u00c3O DE DESIGN: MODELO DE NEG\u00d3CIOS COLABORATIVO<\/a><\/p>\n\n\n\n<p><a href=\"https:\/\/utfpr-ct-static-content.s3.amazonaws.com\/utfpr.curitiba.br\/wp-content\/uploads\/sites\/62\/2023\/06\/Camila-Martins-de-Jesus-Aguiar_poster.pdf\">Camila Martins de Jesus Aguiar &#8211; A INTERA\u00c7\u00c3O HUMANO COMPUTADOR NOS SERVI\u00c7OS P\u00daBLICOS DIGITAIS BRASILEIROS SOB A PERSPECTIVA FEMINISTA<\/a><\/p>\n\n\n\n<p><a href=\"https:\/\/utfpr-ct-static-content.s3.amazonaws.com\/utfpr.curitiba.br\/wp-content\/uploads\/sites\/62\/2023\/06\/Clara-Okiishi.pdf\">Clara Okiishi Gonzalez &#8211; CRIA\u00c7\u00c3O DE UMA MARCA DE PRODUTOS PERSONALIZADOS<\/a><\/p>\n\n\n\n<p><a href=\"https:\/\/utfpr-ct-static-content.s3.amazonaws.com\/utfpr.curitiba.br\/wp-content\/uploads\/sites\/62\/2023\/06\/Gabriela-Reway_Poster.pdf\">Gabriela Reway &#8211; SITE DA UTFPR: UM ESTUDO DE CASO DO SITE EM 2009 E EM 2023<\/a><\/p>\n\n\n\n<p><a href=\"https:\/\/utfpr-ct-static-content.s3.amazonaws.com\/utfpr.curitiba.br\/wp-content\/uploads\/sites\/62\/2023\/06\/Giulia-Ranah-Werley-Neves-Ferreira_Poster.pdf\">Giulia Ranah Werley Neves Ferreira &#8211; \u201cNOSSO C\u00c9U NEM SEMPRE \u00c9 AZUL\u201d, UMA ANIMA\u00c7\u00c3O SOBRE AS CONSEQU\u00caNCIAS DO DESMATAMENTO NA AMAZ\u00d4NIA<\/a><\/p>\n\n\n\n<p><a href=\"https:\/\/utfpr-ct-static-content.s3.amazonaws.com\/utfpr.curitiba.br\/wp-content\/uploads\/sites\/62\/2023\/06\/GustavoDeOliveiraCheque_POSTER.pdf\">Gustavo de Oliveira Cheque &#8211; PROJETO EDITORIAL E GR\u00c1FICO DE LIVRO ILUSTRADO A PARTIR DA AN\u00c1LISE DOS ELEMENTOS GR\u00c1FICOS DO S\u00c3O PAULO FUTEBOL CLUBE: UM GUIA INTRODUT\u00d3RIO AO DESIGN GR\u00c1FICO<\/a><\/p>\n\n\n\n<p><a href=\"https:\/\/utfpr-ct-static-content.s3.amazonaws.com\/utfpr.curitiba.br\/wp-content\/uploads\/sites\/62\/2023\/06\/Hiandra-Appel_Poster.pdf\">Hiandra Appel Guerra &#8211; DO LIXO AO &#8220;OURO&#8221;: DESENVOLVIMENTO DE PRODUTO ATRAV\u00c9S DA MINERA\u00c7\u00c3O URBANA<\/a><\/p>\n\n\n\n<p><a href=\"https:\/\/utfpr-ct-static-content.s3.amazonaws.com\/utfpr.curitiba.br\/wp-content\/uploads\/sites\/62\/2023\/06\/IaraCurcioFadel_Poster.pdf\" data-type=\"URL\" data-id=\"https:\/\/utfpr-ct-static-content.s3.amazonaws.com\/utfpr.curitiba.br\/wp-content\/uploads\/sites\/62\/2023\/06\/IaraCurcioFadel_Poster.pdf\">Iara Curcio Fadel &#8211; NOVOS POSS\u00cdVEIS: UM ESTUDO SOBRE DESIGN PROSPECTIVO E PROPOSTA EDITORIAL DE APOIO AO ENSINO DO TEMA<\/a><\/p>\n\n\n\n<p><a href=\"https:\/\/utfpr-ct-static-content.s3.amazonaws.com\/utfpr.curitiba.br\/wp-content\/uploads\/sites\/62\/2023\/06\/Isabela-Luiza-Molin-de-Siqueira_Poster.pdf\">Isabela Luiza Molin de Siqueira &#8211; METADESIGN E INFRADESIGN DA PLATAFORMA RIOS<\/a><\/p>\n\n\n\n<p><a href=\"https:\/\/utfpr-ct-static-content.s3.amazonaws.com\/utfpr.curitiba.br\/wp-content\/uploads\/sites\/62\/2023\/06\/Leticia-Gratival-e-Thaina-de-Oliveira-Cardoso-de-Moraes_Poster.pdf\">Let\u00edcia Gratival e Thain\u00e1 de Oliveira Cardoso de Moraes &#8211; BORA? UM JOGO DE MEM\u00d3RIA ACESS\u00cdVEL, INCLUSIVO E DIVERTIDO<\/a><\/p>\n\n\n\n<p><a href=\"https:\/\/utfpr-ct-static-content.s3.amazonaws.com\/utfpr.curitiba.br\/wp-content\/uploads\/sites\/62\/2023\/06\/Leticia_Naus_Piazzarolli_e_Renata_Lincy_Ferreira_Nascimento_Poster_Digital.pdf\">Let\u00edcia Na\u00fas Piazzarolli e Renata Lincy Ferreira Nascimento &#8211; DESENVOLVIMENTO DE UM SISTEMA DE ORGANIZA\u00c7\u00c3O PESSOAL EM FORMATO F\u00cdSICO E DIGITAL<\/a><\/p>\n\n\n\n<p><a href=\"https:\/\/utfpr-ct-static-content.s3.amazonaws.com\/utfpr.curitiba.br\/wp-content\/uploads\/sites\/62\/2023\/06\/Mariane-Siqueira-Resende-Monteiro_poster.pdf\">Mariane Siqueira Resende Monteiro &#8211; ESTERE\u00d3TIPOS E A REPRESENTATIVIDADE: AN\u00c1LISE DAS IMAGENS DOS AN\u00daNCIOS DO MERCADO DE UNDERWEAR FEMININO (2012 \u2013 2022)<\/a><\/p>\n\n\n\n<p><a href=\"https:\/\/utfpr-ct-static-content.s3.amazonaws.com\/utfpr.curitiba.br\/wp-content\/uploads\/sites\/62\/2023\/06\/Nathalia-L-Machado_Poster.pdf\">Nathalia Larissa Machado &#8211; PROT\u00d3TIPO DE MACA INFANTIL PARA ATENDIMENTO CL\u00cdNICO DE CRIAN\u00c7AS DE 0 A 2 ANOS<\/a><\/p>\n\n\n\n<p><a href=\"https:\/\/utfpr-ct-static-content.s3.amazonaws.com\/utfpr.curitiba.br\/wp-content\/uploads\/sites\/62\/2023\/06\/RafaelFernandesCampiello_Poster.pdf\">Rafael Fernandes Campiello &#8211; PROJETO DE WAYFINDING DO EST\u00c1DIO MAJOR ANT\u00d4NIO COUTO PEREIRA<\/a><\/p>\n\n\n\n<p><a href=\"https:\/\/utfpr-ct-static-content.s3.amazonaws.com\/utfpr.curitiba.br\/wp-content\/uploads\/sites\/62\/2023\/06\/Renato-Augusto-Machado_Poster.pdf\">Renato Augusto Machado &#8211; NEXUM: PROJETO DE INTERFACE DE PLATAFORMA COLABORATIVA PARA PROFISSIONAIS NO MEIO AUDIOVISUAL<\/a><\/p>\n\n\n\n<p><a href=\"https:\/\/utfpr-ct-static-content.s3.amazonaws.com\/utfpr.curitiba.br\/wp-content\/uploads\/sites\/62\/2023\/06\/Stella-Niens-van-der-Geest_Poster.pdf\">Stella Niens van der Geest &#8211; QUE N\u00d3 \u00c9 ESSE? AN\u00c1LISE DE DESIGN NA T\u00c9CNICA DE MACRAM\u00ca<\/a><\/p>\n\n\n\n<p><a href=\"https:\/\/utfpr-ct-static-content.s3.amazonaws.com\/utfpr.curitiba.br\/wp-content\/uploads\/sites\/62\/2023\/06\/Thiago-Miquelleto-Tolotti_Poster.pdf\">Thiago Miquelleto Tolotti &#8211; REDESIGN DE UM SISTEMA INTERNO DO TRIBUNAL REGIONAL ELEITORAL DO PARAN\u00c1<\/a><\/p>\n\n\n\n<p><a href=\"https:\/\/utfpr-ct-static-content.s3.amazonaws.com\/utfpr.curitiba.br\/wp-content\/uploads\/sites\/62\/2023\/06\/William-Bizotto-dos-santos_Poster.pdf\">William Bizotto dos Santos &#8211; BAGUN\u00c7ADA IGUAL A GENTE: FORMA\u00c7\u00c3O CR\u00cdTICA E PR\u00c1TICA DE LIBERDADE NO LABORAT\u00d3RIO DE DESIGN CONTRA OPRESS\u00d5ES<\/a><\/p>\n\n\n\n<p><strong>CURSO DE TECNOLOGIA EM DESIGN GR\u00c1FICO<\/strong><\/p>\n\n\n\n<p><a href=\"https:\/\/utfpr-ct-static-content.s3.amazonaws.com\/utfpr.curitiba.br\/wp-content\/uploads\/sites\/62\/2023\/06\/Adrie-L-S-Campos-e-Gustavo-dos-S-Polido_Poster.pdf\">Adrie Leliana de Souza Campos e Gustavo dos Santos Polido &#8211; INTELIG\u00caNCIA ARTIFICIAL NO TRABALHO DE DESIGN: INVESTIGA\u00c7\u00c3O SOBRE A CONSCI\u00caNCIA CR\u00cdTICA E ING\u00caNUA DO PENSAMENTO PROJETUAL<\/a><\/p>\n\n\n\n<p><a href=\"https:\/\/utfpr-ct-static-content.s3.amazonaws.com\/utfpr.curitiba.br\/wp-content\/uploads\/sites\/62\/2023\/06\/Alanis-Louise-de-Mello-Zukowski-e-Maria-Vitoria-Ribeiro_Poster.pdf\">Alanis Louise de Mello Zukowski e Maria Vit\u00f3ria Ribeiro &#8211; COLOCANDO A EXIST\u00caNCIA EM JOGO NA EDUCA\u00c7\u00c3O CR\u00cdTICA EM DESIGN<\/a><\/p>\n\n\n\n<p><a href=\"https:\/\/utfpr-ct-static-content.s3.amazonaws.com\/utfpr.curitiba.br\/wp-content\/uploads\/sites\/62\/2023\/06\/Amanda-Costa-dos-Anjos-Faria-Andre-Luiz-Coelho-da-Silva.pdf\">Amanda Costa dos Anjos Faria e Andr\u00e9 Luiz Coelho da Silva &#8211; O DESIGN NA LITERATURA INFANTIL: APLICANDO INTERA\u00c7\u00d5ES E EST\u00cdMULOS DO DESIGN PARA TORNAR UM LIVRO INFANTIL CATIVANTE<\/a><\/p>\n\n\n\n<p><a href=\"https:\/\/utfpr-ct-static-content.s3.amazonaws.com\/utfpr.curitiba.br\/wp-content\/uploads\/sites\/62\/2023\/06\/Andressa-Borges-de-Lima-Machado_Poster.pdf\">Andressa Borges de Lima Machado &#8211; BRANDING + DESIGN: PROCESSO DE CONSTRU\u00c7\u00c3O DE IMAGEM E VALOR DE MARCA EM UMA MICROEMPRESA. UM RELATO DE CASO NA REGI\u00c3O DE CURITIBA<\/a><\/p>\n\n\n\n<p><a href=\"https:\/\/utfpr-ct-static-content.s3.amazonaws.com\/utfpr.curitiba.br\/wp-content\/uploads\/sites\/62\/2023\/06\/Beatriz-Taborda-Carneiro_Poster.pdf\">Beatriz Taborda Carneiro &#8211; CONCEITOS DE TECNOLOGIA E APROPRIA\u00c7\u00c3O DA ARTE NAS REPRESENTA\u00c7\u00d5ES DO DUO DAFT PUNK EM CAPAS DE REVISTA<\/a><\/p>\n\n\n\n<p><a href=\"https:\/\/utfpr-ct-static-content.s3.amazonaws.com\/utfpr.curitiba.br\/wp-content\/uploads\/sites\/62\/2023\/06\/Bruna-Frizon_Poster.pdf\">Bruna Frizon &#8211; LIVRO ILUSTRADO SOBRE NISE DA SILVEIRA: A PSIQUIATRA REBELDE<\/a><\/p>\n\n\n\n<p><a href=\"https:\/\/utfpr-ct-static-content.s3.amazonaws.com\/utfpr.curitiba.br\/wp-content\/uploads\/sites\/62\/2023\/06\/Camila-Kutiski_Poster.pdf\">Camila Kutiski &#8211; DO DESIGN DIFUSO AO DESIGN CONSCIENTE: FORTALECENDO A AUTONOMIA PROJETUAL EM UMA ORGANIZA\u00c7\u00c3O DO TERCEIRO SETOR<\/a><\/p>\n\n\n\n<p><a href=\"https:\/\/utfpr-ct-static-content.s3.amazonaws.com\/utfpr.curitiba.br\/wp-content\/uploads\/sites\/62\/2023\/06\/Carolina-Cintra-Oliveira_Poster.pdf\">Carolina Cintra Oliveira &#8211; PROJETO &#8220;SANGRA&#8221; DIALOGOS CR\u00cdTICOS SOBRE A MENSTRUA\u00c7\u00c3O<\/a><\/p>\n\n\n\n<p><a href=\"https:\/\/utfpr-ct-static-content.s3.amazonaws.com\/utfpr.curitiba.br\/wp-content\/uploads\/sites\/62\/2023\/06\/Jessica-Bregagnoli-Bueno-e-Mateus-Felipe-Paludo_Poster-Corrigido.pdf\">J\u00e9ssica Bregagnoli Bueno e Mateus Felipe Paludo &#8211; DESIGN GR\u00c1FICO BRASILEIRO E A ATUA\u00c7\u00c3O DE MULHERES ENTRE OS ANOS 1950 E 1969<\/a><\/p>\n\n\n\n<p><a href=\"https:\/\/utfpr-ct-static-content.s3.amazonaws.com\/utfpr.curitiba.br\/wp-content\/uploads\/sites\/62\/2023\/06\/Joao-Guilherme-da-Cunha-Brauhardt-Hessel_Poster_Tamanho_Reduzido_Corrigido.pdf\">Jo\u00e3o Guilherme da Cunha Brauhardt Hessel &#8211; AN\u00c1LISE DA REPRESENTATIVIDADE DE PERSONAGENS COM DEFICI\u00caNCIA EM \u201cPROCURANDO NEMO\u201d E \u201cPROCURANDO DORY\u201d<\/a><\/p>\n\n\n\n<p><a href=\"https:\/\/utfpr-ct-static-content.s3.amazonaws.com\/utfpr.curitiba.br\/wp-content\/uploads\/sites\/62\/2023\/06\/Mariana-Suemi-Noguti_Poster.pdf\">Mariana Suemi Noguti &#8211; REPRESENTATIVIDADE FEMININA E PROTAGONISMO LGBTQIAP+ EM THE LAST OF US<\/a><\/p>\n\n\n\n<p><a href=\"https:\/\/utfpr-ct-static-content.s3.amazonaws.com\/utfpr.curitiba.br\/wp-content\/uploads\/sites\/62\/2023\/06\/Matheus-Keller-da-Silva_Poster.pdf\">Matheus Keller da Silva &#8211; GUIA TIPOGR\u00c1FICO PARA ESTUDANTES DE DESIGN DA UTFPR<\/a><\/p>\n\n\n\n<p><a href=\"https:\/\/utfpr-ct-static-content.s3.amazonaws.com\/utfpr.curitiba.br\/wp-content\/uploads\/sites\/62\/2023\/06\/Mirna-Laureano-Diniz-_Poster.pdf\">Mirna Laureano Diniz &#8211; TIPOGRAFIA E AS ESTAMPAS DA MODA: UM ESTUDO DESSA TEND\u00caNCIA E CRIA\u00c7\u00c3O DE UMA COLE\u00c7\u00c3O DE ESTAMPAS TIPOGR\u00c1FICAS<\/a><\/p>\n\n\n\n<p><a href=\"https:\/\/utfpr-ct-static-content.s3.amazonaws.com\/utfpr.curitiba.br\/wp-content\/uploads\/sites\/62\/2023\/06\/Mysma-Mesquita-de-Melo_POSTER.pdf\">Mysma Mesquita de Melo &#8211; DIFUNDINDO E DESMISTIFICANDO A INFORMA\u00c7\u00c3O SOBRE O TRANSTORNO ESQUIZOFR\u00caNICO POR MEIO DO DESIGN<\/a><\/p>\n\n\n\n<p><a href=\"https:\/\/utfpr-ct-static-content.s3.amazonaws.com\/utfpr.curitiba.br\/wp-content\/uploads\/sites\/62\/2023\/06\/PATRICIA-KOWALESKI_poster.pdf\">Patr\u00edcia Kowaleski &#8211; UMA COLE\u00c7\u00c3O DE CART\u00d5ES POSTAIS INSPIRADOS EM MARCAS DE PROVENI\u00caNCIA DE LIVROS USADOS<\/a><\/p>\n\n\n\n<p><a href=\"https:\/\/utfpr-ct-static-content.s3.amazonaws.com\/utfpr.curitiba.br\/wp-content\/uploads\/sites\/62\/2023\/06\/Pedro-Henrique-Lodi_Poster.pdf\">Pedro Henrique Lodi &#8211; A CONQUISTA ESPACIAL BRASILEIRA: UMA PROPOSTA DE S\u00c9RIE DOCUMENTAL<\/a><\/p>\n\n\n\n<p><a href=\"https:\/\/utfpr-ct-static-content.s3.amazonaws.com\/utfpr.curitiba.br\/wp-content\/uploads\/sites\/62\/2023\/06\/Raissa-Kazue-Shoya_Poster.pdf\">Raissa Kazue Shoya &#8211; DESENVOLVIMENTO DE MOCK-UPS DIGITAIS PARA ESTUDANTES DA \u00c1REA DE DESIGN GR\u00c1FICO<\/a><\/p>\n\n\n\n<p><a href=\"https:\/\/utfpr-ct-static-content.s3.amazonaws.com\/utfpr.curitiba.br\/wp-content\/uploads\/sites\/62\/2023\/06\/STEFANY-PESENTI.pdf\">Stefany Moniqui Pesenti &#8211; CONHECENDO O CINEMA EXPERIMENTAL<\/a><\/p>\n\n\n\n<p><a href=\"https:\/\/utfpr-ct-static-content.s3.amazonaws.com\/utfpr.curitiba.br\/wp-content\/uploads\/sites\/62\/2023\/06\/Vinicius-de-Souza-Lima-Moura_Poster.pdf\">Vin\u00edcius de Souza Lima Moura &#8211; AN\u00c1LISE DE REPRESENTATIVIDADE LGBT+ EM LEAGUE OF LEGENDS<\/a><\/p>\n\n\n\n<p><a href=\"https:\/\/utfpr-ct-static-content.s3.amazonaws.com\/utfpr.curitiba.br\/wp-content\/uploads\/sites\/62\/2023\/06\/Vinicius-Soltowsky_Poster.pdf\">Vinicius Soltowsky &#8211; PROJETO DE MANUAL DE IDENTIDADE VISUAL PARA GRIFE DA UNIVERSIDADE TECNOL\u00d3GICA FEDERA<\/a><\/p>\n\n\n\n<p><\/p>\n","protected":false},"excerpt":{"rendered":"<p>CURSO DE BACHARELADO EM DESIGN Bianca Bertolazzo &#8211; GEST\u00c3O DE DESIGN: MODELO DE NEG\u00d3CIOS COLABORATIVO Camila Martins de Jesus Aguiar &#8211; A INTERA\u00c7\u00c3O HUMANO COMPUTADOR NOS SERVI\u00c7OS P\u00daBLICOS DIGITAIS BRASILEIROS SOB A PERSPECTIVA FEMINISTA Clara Okiishi Gonzalez &#8211; CRIA\u00c7\u00c3O DE UMA MARCA DE PRODUTOS PERSONALIZADOS Gabriela Reway &#8211; SITE DA UTFPR: UM ESTUDO DE CASO &hellip; <\/p>\n<p class=\"link-more\"><a href=\"https:\/\/utfpr.curitiba.br\/dadin\/?p=6321\" class=\"more-link\">Continue lendo<span class=\"screen-reader-text\"> &#8220;UTF faz Design \u2013 P\u00f4steres dos TCCs 2023.1&#8221;<\/span><\/a><\/p>\n","protected":false},"author":191,"featured_media":3662,"comment_status":"closed","ping_status":"closed","sticky":false,"template":"","format":"standard","meta":{"footnotes":""},"categories":[1],"tags":[78,79,92],"class_list":["post-6321","post","type-post","status-publish","format-standard","has-post-thumbnail","hentry","category-sem-categoria","tag-bancas-de-trabalho-de-conclusao","tag-tcc","tag-utf-faz-design"],"_links":{"self":[{"href":"https:\/\/utfpr.curitiba.br\/dadin\/index.php?rest_route=\/wp\/v2\/posts\/6321","targetHints":{"allow":["GET"]}}],"collection":[{"href":"https:\/\/utfpr.curitiba.br\/dadin\/index.php?rest_route=\/wp\/v2\/posts"}],"about":[{"href":"https:\/\/utfpr.curitiba.br\/dadin\/index.php?rest_route=\/wp\/v2\/types\/post"}],"author":[{"embeddable":true,"href":"https:\/\/utfpr.curitiba.br\/dadin\/index.php?rest_route=\/wp\/v2\/users\/191"}],"replies":[{"embeddable":true,"href":"https:\/\/utfpr.curitiba.br\/dadin\/index.php?rest_route=%2Fwp%2Fv2%2Fcomments&post=6321"}],"version-history":[{"count":1,"href":"https:\/\/utfpr.curitiba.br\/dadin\/index.php?rest_route=\/wp\/v2\/posts\/6321\/revisions"}],"predecessor-version":[{"id":6323,"href":"https:\/\/utfpr.curitiba.br\/dadin\/index.php?rest_route=\/wp\/v2\/posts\/6321\/revisions\/6323"}],"wp:featuredmedia":[{"embeddable":true,"href":"https:\/\/utfpr.curitiba.br\/dadin\/index.php?rest_route=\/wp\/v2\/media\/3662"}],"wp:attachment":[{"href":"https:\/\/utfpr.curitiba.br\/dadin\/index.php?rest_route=%2Fwp%2Fv2%2Fmedia&parent=6321"}],"wp:term":[{"taxonomy":"category","embeddable":true,"href":"https:\/\/utfpr.curitiba.br\/dadin\/index.php?rest_route=%2Fwp%2Fv2%2Fcategories&post=6321"},{"taxonomy":"post_tag","embeddable":true,"href":"https:\/\/utfpr.curitiba.br\/dadin\/index.php?rest_route=%2Fwp%2Fv2%2Ftags&post=6321"}],"curies":[{"name":"wp","href":"https:\/\/api.w.org\/{rel}","templated":true}]}}