{"id":4698,"date":"2021-09-27T15:57:39","date_gmt":"2021-09-27T18:57:39","guid":{"rendered":"https:\/\/dadin.ct.utfpr.edu.br\/?p=4698"},"modified":"2021-09-27T15:57:39","modified_gmt":"2021-09-27T18:57:39","slug":"vaga-estagio-em-audiovisual-tre-pr","status":"publish","type":"post","link":"https:\/\/utfpr.curitiba.br\/dadin\/?p=4698","title":{"rendered":"Vaga Est\u00e1gio em Audiovisual &#8211; TRE-PR"},"content":{"rendered":"<p>Tribunal Regional Eleitoral do Paran\u00e1<\/p>\n<p>Descri\u00e7\u00e3o do trabalho:<br \/>\n&#8211; Produ\u00e7\u00e3o audiovisual<br \/>\n&#8211; Produ\u00e7\u00e3o de roteiros<br \/>\n&#8211; Manuseio de c\u00e2meras de v\u00eddeo e fotogr\u00e1ficas<br \/>\n&#8211; Auxiliar em produ\u00e7\u00e3o de est\u00fadio audiovisual.<\/p>\n<p>Exig\u00eancias:<br \/>\n&#8211; Conhecimento do pacote Adobe<br \/>\n&#8211; Proatividade<\/p>\n<p>Bolsa aux\u00edlio: R$900,00 + VT<br \/>\nDas 13:00 as 17:00<br \/>\nTribunal Regional Eleitoral do Paran\u00e1 &#8211; Prado Velho<\/p>\n<p>Encaminhar curr\u00edculo e portf\u00f3lio para :\u00a0<a href=\"mailto:spa@tre-pr.jus.br\" target=\"_blank\" rel=\"noopener\">spa@tre-pr.jus.br<\/a><br \/>\n<a href=\"mailto:bernardo.gonzalez@tre-pr.jus.br\" target=\"_blank\" rel=\"noopener\">bernardo.gonzalez@tre-pr.jus.<wbr \/>br<\/a><br \/>\nContato para d\u00favidas:<br \/>\nFalar com Bernardo (41)3330-8699<\/p>\n","protected":false},"excerpt":{"rendered":"<p>Tribunal Regional Eleitoral do Paran\u00e1 Descri\u00e7\u00e3o do trabalho: &#8211; Produ\u00e7\u00e3o audiovisual &#8211; Produ\u00e7\u00e3o de roteiros &#8211; Manuseio de c\u00e2meras de v\u00eddeo e fotogr\u00e1ficas &#8211; Auxiliar em produ\u00e7\u00e3o de est\u00fadio audiovisual. Exig\u00eancias: &#8211; Conhecimento do pacote Adobe &#8211; Proatividade Bolsa aux\u00edlio: R$900,00 + VT Das 13:00 as 17:00 Tribunal Regional Eleitoral do Paran\u00e1 &#8211; Prado Velho &hellip; <\/p>\n<p class=\"link-more\"><a href=\"https:\/\/utfpr.curitiba.br\/dadin\/?p=4698\" class=\"more-link\">Continue lendo<span class=\"screen-reader-text\"> &#8220;Vaga Est\u00e1gio em Audiovisual &#8211; TRE-PR&#8221;<\/span><\/a><\/p>\n","protected":false},"author":35,"featured_media":0,"comment_status":"closed","ping_status":"closed","sticky":false,"template":"","format":"standard","meta":{"footnotes":""},"categories":[1],"tags":[],"class_list":["post-4698","post","type-post","status-publish","format-standard","hentry","category-sem-categoria"],"_links":{"self":[{"href":"https:\/\/utfpr.curitiba.br\/dadin\/index.php?rest_route=\/wp\/v2\/posts\/4698","targetHints":{"allow":["GET"]}}],"collection":[{"href":"https:\/\/utfpr.curitiba.br\/dadin\/index.php?rest_route=\/wp\/v2\/posts"}],"about":[{"href":"https:\/\/utfpr.curitiba.br\/dadin\/index.php?rest_route=\/wp\/v2\/types\/post"}],"author":[{"embeddable":true,"href":"https:\/\/utfpr.curitiba.br\/dadin\/index.php?rest_route=\/wp\/v2\/users\/35"}],"replies":[{"embeddable":true,"href":"https:\/\/utfpr.curitiba.br\/dadin\/index.php?rest_route=%2Fwp%2Fv2%2Fcomments&post=4698"}],"version-history":[{"count":1,"href":"https:\/\/utfpr.curitiba.br\/dadin\/index.php?rest_route=\/wp\/v2\/posts\/4698\/revisions"}],"predecessor-version":[{"id":4699,"href":"https:\/\/utfpr.curitiba.br\/dadin\/index.php?rest_route=\/wp\/v2\/posts\/4698\/revisions\/4699"}],"wp:attachment":[{"href":"https:\/\/utfpr.curitiba.br\/dadin\/index.php?rest_route=%2Fwp%2Fv2%2Fmedia&parent=4698"}],"wp:term":[{"taxonomy":"category","embeddable":true,"href":"https:\/\/utfpr.curitiba.br\/dadin\/index.php?rest_route=%2Fwp%2Fv2%2Fcategories&post=4698"},{"taxonomy":"post_tag","embeddable":true,"href":"https:\/\/utfpr.curitiba.br\/dadin\/index.php?rest_route=%2Fwp%2Fv2%2Ftags&post=4698"}],"curies":[{"name":"wp","href":"https:\/\/api.w.org\/{rel}","templated":true}]}}