{"id":4678,"date":"2021-09-20T15:20:22","date_gmt":"2021-09-20T18:20:22","guid":{"rendered":"https:\/\/dadin.ct.utfpr.edu.br\/?p=4678"},"modified":"2021-09-20T15:20:22","modified_gmt":"2021-09-20T18:20:22","slug":"app-nos-e-premiado-no-if-world-design-guide-social-impact-prize","status":"publish","type":"post","link":"https:\/\/utfpr.curitiba.br\/dadin\/?p=4678","title":{"rendered":"App N\u00f3s \u00e9 premiado no iF World Design Guide &#8211; Social Impact Prize"},"content":{"rendered":"<p>O n\u00f3s foi premiado por uma das maiores institui\u00e7\u00f5es de premia\u00e7\u00f5es internacionais do Design, o iF World Design Guide &#8211; Social Impact Prize.<\/p>\n<p>Parab\u00e9ns a todos envolvidos!<\/p>\n<p><img fetchpriority=\"high\" decoding=\"async\" class=\"aligncenter wp-image-4679 size-large\" src=\"https:\/\/utfpr-ct-static-content.s3.amazonaws.com\/utfpr.curitiba.br\/wp-content\/uploads\/sites\/62\/2021\/09\/feedback_poster_NOS-Donation-App_page-0001-724x1024.jpg\" alt=\"\" width=\"525\" height=\"743\" srcset=\"https:\/\/utfpr-ct-static-content.s3.amazonaws.com\/utfpr.curitiba.br\/wp-content\/uploads\/sites\/62\/2021\/09\/feedback_poster_NOS-Donation-App_page-0001-724x1024.jpg 724w, https:\/\/utfpr-ct-static-content.s3.amazonaws.com\/utfpr.curitiba.br\/wp-content\/uploads\/sites\/62\/2021\/09\/feedback_poster_NOS-Donation-App_page-0001-212x300.jpg 212w, https:\/\/utfpr-ct-static-content.s3.amazonaws.com\/utfpr.curitiba.br\/wp-content\/uploads\/sites\/62\/2021\/09\/feedback_poster_NOS-Donation-App_page-0001-768x1086.jpg 768w, https:\/\/utfpr-ct-static-content.s3.amazonaws.com\/utfpr.curitiba.br\/wp-content\/uploads\/sites\/62\/2021\/09\/feedback_poster_NOS-Donation-App_page-0001-1086x1536.jpg 1086w, https:\/\/utfpr-ct-static-content.s3.amazonaws.com\/utfpr.curitiba.br\/wp-content\/uploads\/sites\/62\/2021\/09\/feedback_poster_NOS-Donation-App_page-0001-1448x2048.jpg 1448w, https:\/\/utfpr-ct-static-content.s3.amazonaws.com\/utfpr.curitiba.br\/wp-content\/uploads\/sites\/62\/2021\/09\/feedback_poster_NOS-Donation-App_page-0001.jpg 1754w\" sizes=\"(max-width: 525px) 100vw, 525px\" \/><\/p>\n","protected":false},"excerpt":{"rendered":"<p>O n\u00f3s foi premiado por uma das maiores institui\u00e7\u00f5es de premia\u00e7\u00f5es internacionais do Design, o iF World Design Guide &#8211; Social Impact Prize. Parab\u00e9ns a todos envolvidos!<\/p>\n","protected":false},"author":35,"featured_media":0,"comment_status":"closed","ping_status":"closed","sticky":false,"template":"","format":"standard","meta":{"footnotes":""},"categories":[1],"tags":[],"class_list":["post-4678","post","type-post","status-publish","format-standard","hentry","category-sem-categoria"],"_links":{"self":[{"href":"https:\/\/utfpr.curitiba.br\/dadin\/index.php?rest_route=\/wp\/v2\/posts\/4678","targetHints":{"allow":["GET"]}}],"collection":[{"href":"https:\/\/utfpr.curitiba.br\/dadin\/index.php?rest_route=\/wp\/v2\/posts"}],"about":[{"href":"https:\/\/utfpr.curitiba.br\/dadin\/index.php?rest_route=\/wp\/v2\/types\/post"}],"author":[{"embeddable":true,"href":"https:\/\/utfpr.curitiba.br\/dadin\/index.php?rest_route=\/wp\/v2\/users\/35"}],"replies":[{"embeddable":true,"href":"https:\/\/utfpr.curitiba.br\/dadin\/index.php?rest_route=%2Fwp%2Fv2%2Fcomments&post=4678"}],"version-history":[{"count":1,"href":"https:\/\/utfpr.curitiba.br\/dadin\/index.php?rest_route=\/wp\/v2\/posts\/4678\/revisions"}],"predecessor-version":[{"id":4680,"href":"https:\/\/utfpr.curitiba.br\/dadin\/index.php?rest_route=\/wp\/v2\/posts\/4678\/revisions\/4680"}],"wp:attachment":[{"href":"https:\/\/utfpr.curitiba.br\/dadin\/index.php?rest_route=%2Fwp%2Fv2%2Fmedia&parent=4678"}],"wp:term":[{"taxonomy":"category","embeddable":true,"href":"https:\/\/utfpr.curitiba.br\/dadin\/index.php?rest_route=%2Fwp%2Fv2%2Fcategories&post=4678"},{"taxonomy":"post_tag","embeddable":true,"href":"https:\/\/utfpr.curitiba.br\/dadin\/index.php?rest_route=%2Fwp%2Fv2%2Ftags&post=4678"}],"curies":[{"name":"wp","href":"https:\/\/api.w.org\/{rel}","templated":true}]}}