{"id":4658,"date":"2021-09-02T09:56:07","date_gmt":"2021-09-02T12:56:07","guid":{"rendered":"https:\/\/dadin.ct.utfpr.edu.br\/?p=4658"},"modified":"2021-09-02T09:56:07","modified_gmt":"2021-09-02T12:56:07","slug":"estagiarios-de-pos-graduacao-em-publicidade-e-propaganda-desing-ou-afins","status":"publish","type":"post","link":"https:\/\/utfpr.curitiba.br\/dadin\/?p=4658","title":{"rendered":"Estagi\u00e1rios de P\u00f3s-Gradua\u00e7\u00e3o em Publicidade e Propaganda, Desing ou afins"},"content":{"rendered":"<p>O Ateli\u00ea de Inova\u00e7\u00e3o do Tribunal de Justi\u00e7a do Paran\u00e1 est\u00e1 selecionado\u00a0<strong>Estagi\u00e1rios de P\u00f3s-Gradua\u00e7\u00e3o em\u00a0<\/strong><strong>Publicidade e Propaganda, Desing ou afins<\/strong>.<\/p>\n<p>Seguem abaixo dados sobre os editais e as vagas:<\/p>\n<ul>\n<li>Requisitos: estar matriculado em P\u00f3s-Gradua\u00e7\u00e3o em Publicidade e Propaganda, Desing ou afins.<\/li>\n<li>Carga horaria: 6 horas<\/li>\n<li>Benef\u00edcios: Bolsa auxilio de R$ 2.132,14 (dois mil, cento e trinta e dois reais e quatorze centavos) + aux\u00edlio-transporte no valor de R$ 8,50 (oito reais e cinquenta centavos) por dia efetivamente estagiado.<\/li>\n<li>Inscri\u00e7\u00f5es: das 08h00min de 01\/09\/2021 \u00e0s 17h00min de 09\/09\/2021<\/li>\n<li>Provas: on-line dispon\u00edvel em 10\/09\/2021, das 08h00min \u00e0s 17h00min<\/li>\n<li>Mais informa\u00e7\u00f5es podem ser consultadas atrav\u00e9s do link <strong><a href=\"https:\/\/bit.ly\/estagio-pos-pp\" target=\"_blank\" rel=\"noopener noreferrer\" data-saferedirecturl=\"https:\/\/www.google.com\/url?q=https:\/\/bit.ly\/estagio-pos-pp&amp;source=gmail&amp;ust=1630436876018000&amp;usg=AFQjCNFwalkY2cM0io8ACfu07FLSbFDqzw\">https:\/\/bit.ly\/estagio-pos-pp<\/a><\/strong><\/li>\n<\/ul>\n","protected":false},"excerpt":{"rendered":"<p>O Ateli\u00ea de Inova\u00e7\u00e3o do Tribunal de Justi\u00e7a do Paran\u00e1 est\u00e1 selecionado\u00a0Estagi\u00e1rios de P\u00f3s-Gradua\u00e7\u00e3o em\u00a0Publicidade e Propaganda, Desing ou afins. Seguem abaixo dados sobre os editais e as vagas: Requisitos: estar matriculado em P\u00f3s-Gradua\u00e7\u00e3o em Publicidade e Propaganda, Desing ou afins. Carga horaria: 6 horas Benef\u00edcios: Bolsa auxilio de R$ 2.132,14 (dois mil, cento e &hellip; <\/p>\n<p class=\"link-more\"><a href=\"https:\/\/utfpr.curitiba.br\/dadin\/?p=4658\" class=\"more-link\">Continue lendo<span class=\"screen-reader-text\"> &#8220;Estagi\u00e1rios de P\u00f3s-Gradua\u00e7\u00e3o em Publicidade e Propaganda, Desing ou afins&#8221;<\/span><\/a><\/p>\n","protected":false},"author":35,"featured_media":0,"comment_status":"closed","ping_status":"closed","sticky":false,"template":"","format":"standard","meta":{"footnotes":""},"categories":[1],"tags":[],"class_list":["post-4658","post","type-post","status-publish","format-standard","hentry","category-sem-categoria"],"_links":{"self":[{"href":"https:\/\/utfpr.curitiba.br\/dadin\/index.php?rest_route=\/wp\/v2\/posts\/4658","targetHints":{"allow":["GET"]}}],"collection":[{"href":"https:\/\/utfpr.curitiba.br\/dadin\/index.php?rest_route=\/wp\/v2\/posts"}],"about":[{"href":"https:\/\/utfpr.curitiba.br\/dadin\/index.php?rest_route=\/wp\/v2\/types\/post"}],"author":[{"embeddable":true,"href":"https:\/\/utfpr.curitiba.br\/dadin\/index.php?rest_route=\/wp\/v2\/users\/35"}],"replies":[{"embeddable":true,"href":"https:\/\/utfpr.curitiba.br\/dadin\/index.php?rest_route=%2Fwp%2Fv2%2Fcomments&post=4658"}],"version-history":[{"count":2,"href":"https:\/\/utfpr.curitiba.br\/dadin\/index.php?rest_route=\/wp\/v2\/posts\/4658\/revisions"}],"predecessor-version":[{"id":4660,"href":"https:\/\/utfpr.curitiba.br\/dadin\/index.php?rest_route=\/wp\/v2\/posts\/4658\/revisions\/4660"}],"wp:attachment":[{"href":"https:\/\/utfpr.curitiba.br\/dadin\/index.php?rest_route=%2Fwp%2Fv2%2Fmedia&parent=4658"}],"wp:term":[{"taxonomy":"category","embeddable":true,"href":"https:\/\/utfpr.curitiba.br\/dadin\/index.php?rest_route=%2Fwp%2Fv2%2Fcategories&post=4658"},{"taxonomy":"post_tag","embeddable":true,"href":"https:\/\/utfpr.curitiba.br\/dadin\/index.php?rest_route=%2Fwp%2Fv2%2Ftags&post=4658"}],"curies":[{"name":"wp","href":"https:\/\/api.w.org\/{rel}","templated":true}]}}