{"id":4601,"date":"2021-08-05T11:51:07","date_gmt":"2021-08-05T14:51:07","guid":{"rendered":"https:\/\/dadin.ct.utfpr.edu.br\/?p=4601"},"modified":"2021-08-06T11:06:29","modified_gmt":"2021-08-06T14:06:29","slug":"app-nos-nosso-olhar-solidario-e-premiado","status":"publish","type":"post","link":"https:\/\/utfpr.curitiba.br\/dadin\/?p=4601","title":{"rendered":"\ud83c\udf1f\ud83c\udfc6 App N\u00f3s recebe pr\u00eamio de Design de Impacto Social pelo iF \u2764\ufe0f\ud83d\udc9b"},"content":{"rendered":"<p>iF Design premia o projeto de Extens\u00e3o da UTFPR, o app N\u00f3s, com apoio financeiro, junto a outros projetos globais de impacto social. O aplicativo conecta quem est\u00e1 precisando de ajuda com quem est\u00e1 disposto a ajudar, por georrefenciamento, oportunizando boas a\u00e7\u00f5es. Conta com um banco de dados humanizado, que faz a verifica\u00e7\u00e3o de necessidades reais e advogados volunt\u00e1rios seguem protocolo KYP Know Your Partner, para verifica\u00e7\u00e3o de idoneidade. O projeto possui patente no INPI, j\u00e1 faz 15 meses de vida, tem impacto previsto em 180.000 pessoas e pode ser baixado em vers\u00e3o Android ou iOS. Que se unir \u00e0 rede solid\u00e1ria? O pr\u00eamio \u00e9 nosso!<\/p>\n<p>\ud83d\udcf2 Baixe aqui:\u00a0<a href=\"http:\/\/bit.ly\/nosandroid | http:\/\/bit.ly\/nosapple\" data-wplink-url-error=\"true\">http:\/\/bit.ly\/nosandroid | http:\/\/bit.ly\/nosapple<\/a><br \/>\n\ud83d\udd17\u00a0<a href=\"http:\/\/instagram.com\/nos.app\">http:\/\/instagram.com\/nos.app<\/a><\/p>\n<p>\u2764\ufe0f\ud83d\udc9bConhe\u00e7am mais lindos projetos globais de impacto social:\u00a0<a href=\"https:\/\/bit.ly\/nosif2021\">https:\/\/bit.ly\/nosif2021<\/a><\/p>\n<p><img fetchpriority=\"high\" decoding=\"async\" class=\"aligncenter wp-image-4602 size-full\" src=\"https:\/\/utfpr-ct-static-content.s3.amazonaws.com\/utfpr.curitiba.br\/wp-content\/uploads\/sites\/62\/2021\/08\/AppNos.png\" alt=\"\" width=\"537\" height=\"539\" srcset=\"https:\/\/utfpr-ct-static-content.s3.amazonaws.com\/utfpr.curitiba.br\/wp-content\/uploads\/sites\/62\/2021\/08\/AppNos.png 537w, https:\/\/utfpr-ct-static-content.s3.amazonaws.com\/utfpr.curitiba.br\/wp-content\/uploads\/sites\/62\/2021\/08\/AppNos-300x300.png 300w, https:\/\/utfpr-ct-static-content.s3.amazonaws.com\/utfpr.curitiba.br\/wp-content\/uploads\/sites\/62\/2021\/08\/AppNos-150x150.png 150w, https:\/\/utfpr-ct-static-content.s3.amazonaws.com\/utfpr.curitiba.br\/wp-content\/uploads\/sites\/62\/2021\/08\/AppNos-100x100.png 100w\" sizes=\"(max-width: 537px) 100vw, 537px\" \/><\/p>\n","protected":false},"excerpt":{"rendered":"<p>iF Design premia o projeto de Extens\u00e3o da UTFPR, o app N\u00f3s, com apoio financeiro, junto a outros projetos globais de impacto social. O aplicativo conecta quem est\u00e1 precisando de ajuda com quem est\u00e1 disposto a ajudar, por georrefenciamento, oportunizando boas a\u00e7\u00f5es. Conta com um banco de dados humanizado, que faz a verifica\u00e7\u00e3o de necessidades &hellip; <\/p>\n<p class=\"link-more\"><a href=\"https:\/\/utfpr.curitiba.br\/dadin\/?p=4601\" class=\"more-link\">Continue lendo<span class=\"screen-reader-text\"> &#8220;\ud83c\udf1f\ud83c\udfc6 App N\u00f3s recebe pr\u00eamio de Design de Impacto Social pelo iF \u2764\ufe0f\ud83d\udc9b&#8221;<\/span><\/a><\/p>\n","protected":false},"author":35,"featured_media":0,"comment_status":"closed","ping_status":"closed","sticky":false,"template":"","format":"standard","meta":{"footnotes":""},"categories":[1],"tags":[],"class_list":["post-4601","post","type-post","status-publish","format-standard","hentry","category-sem-categoria"],"_links":{"self":[{"href":"https:\/\/utfpr.curitiba.br\/dadin\/index.php?rest_route=\/wp\/v2\/posts\/4601","targetHints":{"allow":["GET"]}}],"collection":[{"href":"https:\/\/utfpr.curitiba.br\/dadin\/index.php?rest_route=\/wp\/v2\/posts"}],"about":[{"href":"https:\/\/utfpr.curitiba.br\/dadin\/index.php?rest_route=\/wp\/v2\/types\/post"}],"author":[{"embeddable":true,"href":"https:\/\/utfpr.curitiba.br\/dadin\/index.php?rest_route=\/wp\/v2\/users\/35"}],"replies":[{"embeddable":true,"href":"https:\/\/utfpr.curitiba.br\/dadin\/index.php?rest_route=%2Fwp%2Fv2%2Fcomments&post=4601"}],"version-history":[{"count":4,"href":"https:\/\/utfpr.curitiba.br\/dadin\/index.php?rest_route=\/wp\/v2\/posts\/4601\/revisions"}],"predecessor-version":[{"id":4606,"href":"https:\/\/utfpr.curitiba.br\/dadin\/index.php?rest_route=\/wp\/v2\/posts\/4601\/revisions\/4606"}],"wp:attachment":[{"href":"https:\/\/utfpr.curitiba.br\/dadin\/index.php?rest_route=%2Fwp%2Fv2%2Fmedia&parent=4601"}],"wp:term":[{"taxonomy":"category","embeddable":true,"href":"https:\/\/utfpr.curitiba.br\/dadin\/index.php?rest_route=%2Fwp%2Fv2%2Fcategories&post=4601"},{"taxonomy":"post_tag","embeddable":true,"href":"https:\/\/utfpr.curitiba.br\/dadin\/index.php?rest_route=%2Fwp%2Fv2%2Ftags&post=4601"}],"curies":[{"name":"wp","href":"https:\/\/api.w.org\/{rel}","templated":true}]}}