{"id":4571,"date":"2021-07-09T16:37:09","date_gmt":"2021-07-09T19:37:09","guid":{"rendered":"https:\/\/dadin.ct.utfpr.edu.br\/?p=4571"},"modified":"2021-07-09T16:37:09","modified_gmt":"2021-07-09T19:37:09","slug":"vaga-de-estagio-em-design-composta","status":"publish","type":"post","link":"https:\/\/utfpr.curitiba.br\/dadin\/?p=4571","title":{"rendered":"Vaga de est\u00e1gio em Design &#8211; Composta+"},"content":{"rendered":"<p>Conhe\u00e7a como \u00e9 trabalhar com prop\u00f3sito, na Composta+<\/p>\n<p>A empresa reduz impactos ambientais e sociais atrav\u00e9s da valoriza\u00e7\u00e3o dos res\u00edduos org\u00e2nicos, e causa ainda mais impacto positivo no mundo!<\/p>\n<p>Por isso, buscam algu\u00e9m fora da curva para fazer parte desse time cheio de impacto e crescer junto!<\/p>\n<p>A vaga \u00e9 na \u00c1rea de Marketing &#8211; Est\u00e1gio em Design<br \/>\nNecess\u00e1rio estar cursando design ou \u00e1reas correlatas.<br \/>\nO local de trabalho \u00e9 na Cidade industrial de Curitiba.<br \/>\nDeve ter disponibilidade para trabalhar com uma rotina h\u00edbrida de Home Office.<br \/>\nNecessidade de experi\u00eancia em cria\u00e7\u00e3o de artes para redes sociais, materiais impressos, e em apresenta\u00e7\u00f5es.<\/p>\n<p>Interessados devem encaminhar portfolio e curr\u00edculo para <a href=\"mailto:experiencia@compostamais.com\" target=\"_blank\" rel=\"noopener\">experiencia@compostamais.<wbr \/>com<\/a><\/p>\n<p><img fetchpriority=\"high\" decoding=\"async\" class=\"aligncenter wp-image-4572 size-medium\" src=\"https:\/\/utfpr-ct-static-content.s3.amazonaws.com\/utfpr.curitiba.br\/wp-content\/uploads\/sites\/62\/2021\/07\/Vaga-Estagio-300x300.jpeg\" alt=\"\" width=\"300\" height=\"300\" srcset=\"https:\/\/utfpr-ct-static-content.s3.amazonaws.com\/utfpr.curitiba.br\/wp-content\/uploads\/sites\/62\/2021\/07\/Vaga-Estagio-300x300.jpeg 300w, https:\/\/utfpr-ct-static-content.s3.amazonaws.com\/utfpr.curitiba.br\/wp-content\/uploads\/sites\/62\/2021\/07\/Vaga-Estagio-1024x1024.jpeg 1024w, https:\/\/utfpr-ct-static-content.s3.amazonaws.com\/utfpr.curitiba.br\/wp-content\/uploads\/sites\/62\/2021\/07\/Vaga-Estagio-150x150.jpeg 150w, https:\/\/utfpr-ct-static-content.s3.amazonaws.com\/utfpr.curitiba.br\/wp-content\/uploads\/sites\/62\/2021\/07\/Vaga-Estagio-768x768.jpeg 768w, https:\/\/utfpr-ct-static-content.s3.amazonaws.com\/utfpr.curitiba.br\/wp-content\/uploads\/sites\/62\/2021\/07\/Vaga-Estagio-100x100.jpeg 100w, https:\/\/utfpr-ct-static-content.s3.amazonaws.com\/utfpr.curitiba.br\/wp-content\/uploads\/sites\/62\/2021\/07\/Vaga-Estagio.jpeg 1080w\" sizes=\"(max-width: 300px) 100vw, 300px\" \/><\/p>\n","protected":false},"excerpt":{"rendered":"<p>Conhe\u00e7a como \u00e9 trabalhar com prop\u00f3sito, na Composta+ A empresa reduz impactos ambientais e sociais atrav\u00e9s da valoriza\u00e7\u00e3o dos res\u00edduos org\u00e2nicos, e causa ainda mais impacto positivo no mundo! Por isso, buscam algu\u00e9m fora da curva para fazer parte desse time cheio de impacto e crescer junto! A vaga \u00e9 na \u00c1rea de Marketing &#8211; &hellip; <\/p>\n<p class=\"link-more\"><a href=\"https:\/\/utfpr.curitiba.br\/dadin\/?p=4571\" class=\"more-link\">Continue lendo<span class=\"screen-reader-text\"> &#8220;Vaga de est\u00e1gio em Design &#8211; Composta+&#8221;<\/span><\/a><\/p>\n","protected":false},"author":35,"featured_media":0,"comment_status":"closed","ping_status":"closed","sticky":false,"template":"","format":"standard","meta":{"footnotes":""},"categories":[1],"tags":[],"class_list":["post-4571","post","type-post","status-publish","format-standard","hentry","category-sem-categoria"],"_links":{"self":[{"href":"https:\/\/utfpr.curitiba.br\/dadin\/index.php?rest_route=\/wp\/v2\/posts\/4571","targetHints":{"allow":["GET"]}}],"collection":[{"href":"https:\/\/utfpr.curitiba.br\/dadin\/index.php?rest_route=\/wp\/v2\/posts"}],"about":[{"href":"https:\/\/utfpr.curitiba.br\/dadin\/index.php?rest_route=\/wp\/v2\/types\/post"}],"author":[{"embeddable":true,"href":"https:\/\/utfpr.curitiba.br\/dadin\/index.php?rest_route=\/wp\/v2\/users\/35"}],"replies":[{"embeddable":true,"href":"https:\/\/utfpr.curitiba.br\/dadin\/index.php?rest_route=%2Fwp%2Fv2%2Fcomments&post=4571"}],"version-history":[{"count":1,"href":"https:\/\/utfpr.curitiba.br\/dadin\/index.php?rest_route=\/wp\/v2\/posts\/4571\/revisions"}],"predecessor-version":[{"id":4573,"href":"https:\/\/utfpr.curitiba.br\/dadin\/index.php?rest_route=\/wp\/v2\/posts\/4571\/revisions\/4573"}],"wp:attachment":[{"href":"https:\/\/utfpr.curitiba.br\/dadin\/index.php?rest_route=%2Fwp%2Fv2%2Fmedia&parent=4571"}],"wp:term":[{"taxonomy":"category","embeddable":true,"href":"https:\/\/utfpr.curitiba.br\/dadin\/index.php?rest_route=%2Fwp%2Fv2%2Fcategories&post=4571"},{"taxonomy":"post_tag","embeddable":true,"href":"https:\/\/utfpr.curitiba.br\/dadin\/index.php?rest_route=%2Fwp%2Fv2%2Ftags&post=4571"}],"curies":[{"name":"wp","href":"https:\/\/api.w.org\/{rel}","templated":true}]}}