{"id":4496,"date":"2021-06-22T16:17:06","date_gmt":"2021-06-22T19:17:06","guid":{"rendered":"https:\/\/dadin.ct.utfpr.edu.br\/?p=4496"},"modified":"2021-06-22T16:17:06","modified_gmt":"2021-06-22T19:17:06","slug":"vaga-para-bolsista-voluntario-no-projeto-rea-de-design-editorial-3","status":"publish","type":"post","link":"https:\/\/utfpr.curitiba.br\/dadin\/?p=4496","title":{"rendered":"Vaga para bolsista volunt\u00e1rio no Projeto REA de Design Editorial"},"content":{"rendered":"<p>O Projeto REA de Design Editorial, com orienta\u00e7\u00e3o das professoras Eunice Liu e Claudia Bordin, procura bolsista volunt\u00e1rio(a) para <strong>edi\u00e7\u00e3o de conte\u00fado audiovisual<\/strong>, com emiss\u00e3o de certificado para horas complementares (dura\u00e7\u00e3o de 2 meses).<br \/>\nInteressados devem entrar em contato com a professora Claudia via e-mail (<a href=\"mailto:prof.claudiabordin@gmail.com\">prof.claudiabordin@gmail.com<\/a>).<\/p>\n","protected":false},"excerpt":{"rendered":"<p>O Projeto REA de Design Editorial, com orienta\u00e7\u00e3o das professoras Eunice Liu e Claudia Bordin, procura bolsista volunt\u00e1rio(a) para edi\u00e7\u00e3o de conte\u00fado audiovisual, com emiss\u00e3o de certificado para horas complementares (dura\u00e7\u00e3o de 2 meses). Interessados devem entrar em contato com a professora Claudia via e-mail (prof.claudiabordin@gmail.com).<\/p>\n","protected":false},"author":62,"featured_media":0,"comment_status":"closed","ping_status":"closed","sticky":false,"template":"","format":"standard","meta":{"footnotes":""},"categories":[1],"tags":[],"class_list":["post-4496","post","type-post","status-publish","format-standard","hentry","category-sem-categoria"],"_links":{"self":[{"href":"https:\/\/utfpr.curitiba.br\/dadin\/index.php?rest_route=\/wp\/v2\/posts\/4496","targetHints":{"allow":["GET"]}}],"collection":[{"href":"https:\/\/utfpr.curitiba.br\/dadin\/index.php?rest_route=\/wp\/v2\/posts"}],"about":[{"href":"https:\/\/utfpr.curitiba.br\/dadin\/index.php?rest_route=\/wp\/v2\/types\/post"}],"author":[{"embeddable":true,"href":"https:\/\/utfpr.curitiba.br\/dadin\/index.php?rest_route=\/wp\/v2\/users\/62"}],"replies":[{"embeddable":true,"href":"https:\/\/utfpr.curitiba.br\/dadin\/index.php?rest_route=%2Fwp%2Fv2%2Fcomments&post=4496"}],"version-history":[{"count":1,"href":"https:\/\/utfpr.curitiba.br\/dadin\/index.php?rest_route=\/wp\/v2\/posts\/4496\/revisions"}],"predecessor-version":[{"id":4497,"href":"https:\/\/utfpr.curitiba.br\/dadin\/index.php?rest_route=\/wp\/v2\/posts\/4496\/revisions\/4497"}],"wp:attachment":[{"href":"https:\/\/utfpr.curitiba.br\/dadin\/index.php?rest_route=%2Fwp%2Fv2%2Fmedia&parent=4496"}],"wp:term":[{"taxonomy":"category","embeddable":true,"href":"https:\/\/utfpr.curitiba.br\/dadin\/index.php?rest_route=%2Fwp%2Fv2%2Fcategories&post=4496"},{"taxonomy":"post_tag","embeddable":true,"href":"https:\/\/utfpr.curitiba.br\/dadin\/index.php?rest_route=%2Fwp%2Fv2%2Ftags&post=4496"}],"curies":[{"name":"wp","href":"https:\/\/api.w.org\/{rel}","templated":true}]}}