{"id":4493,"date":"2021-06-17T17:12:27","date_gmt":"2021-06-17T20:12:27","guid":{"rendered":"https:\/\/dadin.ct.utfpr.edu.br\/?p=4493"},"modified":"2021-06-17T17:12:27","modified_gmt":"2021-06-17T20:12:27","slug":"vaga-de-freelancer-pronobis-agroflorestal","status":"publish","type":"post","link":"https:\/\/utfpr.curitiba.br\/dadin\/?p=4493","title":{"rendered":"Vaga de Freelancer &#8211; ProNobis Agroflorestal"},"content":{"rendered":"<p>A ProNobis Agroflorestal procura designer para cria\u00e7\u00e3o de embalagens para linha de produtos.<\/p>\n<p><strong>Responsabilidades:<\/strong><\/p>\n<ul>\n<li>Cria\u00e7\u00e3o de conceito;<\/li>\n<li>Cria\u00e7\u00e3o de r\u00f3tulos para embalagens;<\/li>\n<li>Diagrama\u00e7\u00e3o de textos e imagens nas embalagens.<\/li>\n<\/ul>\n<p><strong>Requisitos:<\/strong><\/p>\n<ul>\n<li>Tenha familiaridade com o nicho da empresa;<\/li>\n<li>Entenda sobre embalagens e r\u00f3tulos.<\/li>\n<\/ul>\n<p>Contato: Thales<br \/>\n(41) 99871-0887<br \/>\n<a href=\"mailto:contato@pronobisagroflorestal.com.br\">contato@pronobisagroflorestal.com.br<\/a><\/p>\n","protected":false},"excerpt":{"rendered":"<p>A ProNobis Agroflorestal procura designer para cria\u00e7\u00e3o de embalagens para linha de produtos. Responsabilidades: Cria\u00e7\u00e3o de conceito; Cria\u00e7\u00e3o de r\u00f3tulos para embalagens; Diagrama\u00e7\u00e3o de textos e imagens nas embalagens. Requisitos: Tenha familiaridade com o nicho da empresa; Entenda sobre embalagens e r\u00f3tulos. Contato: Thales (41) 99871-0887 contato@pronobisagroflorestal.com.br<\/p>\n","protected":false},"author":62,"featured_media":0,"comment_status":"closed","ping_status":"closed","sticky":false,"template":"","format":"standard","meta":{"footnotes":""},"categories":[1],"tags":[],"class_list":["post-4493","post","type-post","status-publish","format-standard","hentry","category-sem-categoria"],"_links":{"self":[{"href":"https:\/\/utfpr.curitiba.br\/dadin\/index.php?rest_route=\/wp\/v2\/posts\/4493","targetHints":{"allow":["GET"]}}],"collection":[{"href":"https:\/\/utfpr.curitiba.br\/dadin\/index.php?rest_route=\/wp\/v2\/posts"}],"about":[{"href":"https:\/\/utfpr.curitiba.br\/dadin\/index.php?rest_route=\/wp\/v2\/types\/post"}],"author":[{"embeddable":true,"href":"https:\/\/utfpr.curitiba.br\/dadin\/index.php?rest_route=\/wp\/v2\/users\/62"}],"replies":[{"embeddable":true,"href":"https:\/\/utfpr.curitiba.br\/dadin\/index.php?rest_route=%2Fwp%2Fv2%2Fcomments&post=4493"}],"version-history":[{"count":1,"href":"https:\/\/utfpr.curitiba.br\/dadin\/index.php?rest_route=\/wp\/v2\/posts\/4493\/revisions"}],"predecessor-version":[{"id":4494,"href":"https:\/\/utfpr.curitiba.br\/dadin\/index.php?rest_route=\/wp\/v2\/posts\/4493\/revisions\/4494"}],"wp:attachment":[{"href":"https:\/\/utfpr.curitiba.br\/dadin\/index.php?rest_route=%2Fwp%2Fv2%2Fmedia&parent=4493"}],"wp:term":[{"taxonomy":"category","embeddable":true,"href":"https:\/\/utfpr.curitiba.br\/dadin\/index.php?rest_route=%2Fwp%2Fv2%2Fcategories&post=4493"},{"taxonomy":"post_tag","embeddable":true,"href":"https:\/\/utfpr.curitiba.br\/dadin\/index.php?rest_route=%2Fwp%2Fv2%2Ftags&post=4493"}],"curies":[{"name":"wp","href":"https:\/\/api.w.org\/{rel}","templated":true}]}}