{"id":4490,"date":"2021-06-17T17:08:02","date_gmt":"2021-06-17T20:08:02","guid":{"rendered":"https:\/\/dadin.ct.utfpr.edu.br\/?p=4490"},"modified":"2021-06-17T17:08:52","modified_gmt":"2021-06-17T20:08:52","slug":"vaga-de-estagio-neosilos","status":"publish","type":"post","link":"https:\/\/utfpr.curitiba.br\/dadin\/?p=4490","title":{"rendered":"Vaga de Est\u00e1gio &#8211; Neosilos"},"content":{"rendered":"<p>A startup Neosilos est\u00e1 realizando sele\u00e7\u00e3o de candidatos para vaga de est\u00e1gio em atividades relacionadas a Design Visual \u2013 com foco em m\u00eddias sociais.<br \/>\nSomos uma startup que desenvolve tecnologias para o agroneg\u00f3cio e \u00e9 composta por uma equipe multidisciplinar &#8211; engenharias, computa\u00e7\u00e3o e design de produto. O estudante que trabalhar conosco ter\u00e1 autonomia e apoio para inovar\/sair do lugar comum para inovar nos nossos diferentes projetos.<br \/>\nValorizamos o design e o entendemos como mecanismo de diferencia\u00e7\u00e3o da nossa empresa em um mercado t\u00e3o tradicional quanto o do agro. Faremos o que estiver ao nosso alcance para prover as melhores condi\u00e7\u00f5es para que voc\u00ea possa se desenvolver conosco.<\/p>\n<p>Segue abaixo a descri\u00e7\u00e3o das <strong>atividades<\/strong>:<\/p>\n<ul>\n<li>Cria\u00e7\u00e3o de pe\u00e7as gr\u00e1ficas com foco em m\u00eddias sociais por meio de registros<br \/>\nfotogr\u00e1ficos, colagens, v\u00eddeos p\u00edlulas, anima\u00e7\u00f5es, etc;<\/li>\n<li>Aux\u00edlio na produ\u00e7\u00e3o de apresenta\u00e7\u00f5es corporativas;<\/li>\n<li>Cria\u00e7\u00e3o de sketches de pe\u00e7as audiovisuais;<\/li>\n<li>Utiliza\u00e7\u00e3o de ferramentas do pacote Adobe (Photoshop, Illustrator, Premiere,<br \/>\nInDesign, Lightroom).<\/p>\n<p><strong>Requisitos:<\/strong><\/li>\n<li>Graduando em design, tecnologia em design gr\u00e1fico, comunica\u00e7\u00e3o institucional,<br \/>\ncomunica\u00e7\u00e3o organizacional ou \u00e1reas correlatas;<\/li>\n<li>Experi\u00eancia em diagrama\u00e7\u00e3o utilizando pacote Adobe (Photoshop, Illustrator,<br \/>\nInDesign) ou similar.<\/li>\n<li>Interesse por edi\u00e7\u00e3o de fotos e v\u00eddeos utilizando pacote Adobe (Lightroom, Premiere) ou similar.<\/li>\n<li>Ingl\u00eas (leitura) avan\u00e7ado.<\/li>\n<\/ul>\n<p><strong>Diferenciais:<\/strong><\/p>\n<ul>\n<li>Experi\u00eancia pr\u00e9via em edi\u00e7\u00e3o de fotos e v\u00eddeos;<\/li>\n<li>Interesse por UX\/UI;<\/li>\n<li>Interesse por marketing digital e empreendedorismo.<\/li>\n<\/ul>\n<p><strong>Local:<\/strong> Parte na Incubadora de Inova\u00e7\u00f5es UTFPR-Curitiba (sede Ecoville) e parte Home Office;<br \/>\n<strong>Carga hor\u00e1ria de dedica\u00e7\u00e3o ao projeto de pesquisa:<\/strong> 20h semanais;<br \/>\n<strong>Per\u00edodo da bolsa:<\/strong> 6 meses, prorrog\u00e1vel;<br \/>\n<strong>Valor da bolsa-aux\u00edlio<\/strong>: R$ 12.50\/h ou 1.000,00\/mensais;<\/p>\n<p>Os interessados que atendam aos requisitos m\u00ednimos acima descritos dever\u00e3o encaminhar documenta\u00e7\u00e3o abaixo relacionada aos cuidados de Ian Cavalcante, no email <a href=\"mailto:ian@neosilos.com\">ian@neosilos.com<\/a>:<\/p>\n<ul>\n<li>Curr\u00edculo resumido: escrita pr\u00f3pria ou link Lattes atualizado;<\/li>\n<li>Portf\u00f3lio acerca das atividades desta vaga (Behance, site, etc);<\/li>\n<li>Quaisquer outros documentos que contribuam para avalia\u00e7\u00e3o do candidato<br \/>\n(cursos conclu\u00eddos, blog, perfil pessoal ou profissional nas redes sociais, etc).<\/p>\n<p>Quaisquer d\u00favidas podem ser enviadas por WhatsApp: (41) 99897-2726 ou pelo email <a href=\"mailto:ian@neosilos.com\">ian@neosilos.com<\/a><\/li>\n<\/ul>\n","protected":false},"excerpt":{"rendered":"<p>A startup Neosilos est\u00e1 realizando sele\u00e7\u00e3o de candidatos para vaga de est\u00e1gio em atividades relacionadas a Design Visual \u2013 com foco em m\u00eddias sociais. Somos uma startup que desenvolve tecnologias para o agroneg\u00f3cio e \u00e9 composta por uma equipe multidisciplinar &#8211; engenharias, computa\u00e7\u00e3o e design de produto. O estudante que trabalhar conosco ter\u00e1 autonomia e &hellip; <\/p>\n<p class=\"link-more\"><a href=\"https:\/\/utfpr.curitiba.br\/dadin\/?p=4490\" class=\"more-link\">Continue lendo<span class=\"screen-reader-text\"> &#8220;Vaga de Est\u00e1gio &#8211; Neosilos&#8221;<\/span><\/a><\/p>\n","protected":false},"author":62,"featured_media":0,"comment_status":"closed","ping_status":"closed","sticky":false,"template":"","format":"standard","meta":{"footnotes":""},"categories":[1],"tags":[],"class_list":["post-4490","post","type-post","status-publish","format-standard","hentry","category-sem-categoria"],"_links":{"self":[{"href":"https:\/\/utfpr.curitiba.br\/dadin\/index.php?rest_route=\/wp\/v2\/posts\/4490","targetHints":{"allow":["GET"]}}],"collection":[{"href":"https:\/\/utfpr.curitiba.br\/dadin\/index.php?rest_route=\/wp\/v2\/posts"}],"about":[{"href":"https:\/\/utfpr.curitiba.br\/dadin\/index.php?rest_route=\/wp\/v2\/types\/post"}],"author":[{"embeddable":true,"href":"https:\/\/utfpr.curitiba.br\/dadin\/index.php?rest_route=\/wp\/v2\/users\/62"}],"replies":[{"embeddable":true,"href":"https:\/\/utfpr.curitiba.br\/dadin\/index.php?rest_route=%2Fwp%2Fv2%2Fcomments&post=4490"}],"version-history":[{"count":2,"href":"https:\/\/utfpr.curitiba.br\/dadin\/index.php?rest_route=\/wp\/v2\/posts\/4490\/revisions"}],"predecessor-version":[{"id":4492,"href":"https:\/\/utfpr.curitiba.br\/dadin\/index.php?rest_route=\/wp\/v2\/posts\/4490\/revisions\/4492"}],"wp:attachment":[{"href":"https:\/\/utfpr.curitiba.br\/dadin\/index.php?rest_route=%2Fwp%2Fv2%2Fmedia&parent=4490"}],"wp:term":[{"taxonomy":"category","embeddable":true,"href":"https:\/\/utfpr.curitiba.br\/dadin\/index.php?rest_route=%2Fwp%2Fv2%2Fcategories&post=4490"},{"taxonomy":"post_tag","embeddable":true,"href":"https:\/\/utfpr.curitiba.br\/dadin\/index.php?rest_route=%2Fwp%2Fv2%2Ftags&post=4490"}],"curies":[{"name":"wp","href":"https:\/\/api.w.org\/{rel}","templated":true}]}}