{"id":4488,"date":"2021-06-17T17:01:30","date_gmt":"2021-06-17T20:01:30","guid":{"rendered":"https:\/\/dadin.ct.utfpr.edu.br\/?p=4488"},"modified":"2021-06-17T17:01:30","modified_gmt":"2021-06-17T20:01:30","slug":"vagas-de-estagio-celepar","status":"publish","type":"post","link":"https:\/\/utfpr.curitiba.br\/dadin\/?p=4488","title":{"rendered":"Vagas de est\u00e1gio &#8211; Celepar"},"content":{"rendered":"<p><img decoding=\"async\" class=\"\" src=\"https:\/\/ci3.googleusercontent.com\/proxy\/E8LURx6z6-KXDz1QZpkGP6RM8EakeGUM37zBd1D7RLnOa5wLpta7Y8I9sk1gY5mLhwuNRwBH02kJBJYt6lFUb34VLM9Kw2XrDtIRXi8bfKa17lg-rwXEfY32Ik4USJ1WA8eT_cnOReSvUzg=s0-d-e1-ft#https:\/\/www.pr.gov.br\/logos\/assinatura_expresso\/logo_assinatura_email_celepar_220x65.png\" alt=\"CELEPAR\" width=\"406\" height=\"120\" \/><\/p>\n<p>Est\u00e3o abertas as inscri\u00e7\u00f5es para novas vagas de est\u00e1gio na Celepar.<\/p>\n<p>As vagas abrangem as seguintes \u00e1reas acad\u00eamicas:<\/p>\n<ul>\n<li>Design Digital<\/li>\n<li>Marketing Digital<\/li>\n<li>Publicidade e Propaganda<\/li>\n<li>Conte\u00fado para M\u00eddias Sociais \/ Social Media<\/li>\n<\/ul>\n<p>Primeiro, realize seu cadastro na Central de Est\u00e1gio do Governo do Paran\u00e1 em <a href=\"http:\/\/www.centraldeestagio.pr.gov.br\/Pagina\/Cadastro-do-estudante\">http:\/\/www.centraldeestagio.pr.gov.br\/Pagina\/Cadastro-do-estudante<\/a> (caso ainda n\u00e3o possua)<\/p>\n<p>Ap\u00f3s, acesse as vagas dispon\u00edveis:<\/p>\n<p>2 vagas para o per\u00edodo da manh\u00e3<br \/>\n<a href=\"http:\/\/www4.pr.gov.br\/gee\/jsp\/frm_cons_detalhe_vaga.jsp?codoferta=141315\">www4.pr.gov.br\/gee\/jsp\/frm_cons_detalhe_vaga.jsp?codoferta=141315<\/a><br \/>\n<a href=\"http:\/\/www4.pr.gov.br\/gee\/jsp\/frm_cons_detalhe_vaga.jsp?codoferta=141316\">www4.pr.gov.br\/gee\/jsp\/frm_cons_detalhe_vaga.jsp?codoferta=141316<\/a><\/p>\n<p>3 vagas para o per\u00edodo da tarde<br \/>\n<a href=\"http:\/\/www4.pr.gov.br\/gee\/jsp\/frm_cons_detalhe_vaga.jsp?codoferta=141319\">www4.pr.gov.br\/gee\/jsp\/frm_cons_detalhe_vaga.jsp?codoferta=141319<\/a><br \/>\n<a href=\"http:\/\/www4.pr.gov.br\/gee\/jsp\/frm_cons_detalhe_vaga.jsp?codoferta=141320\">www4.pr.gov.br\/gee\/jsp\/frm_cons_detalhe_vaga.jsp?codoferta=141320<\/a><br \/>\n<a href=\"http:\/\/www4.pr.gov.br\/gee\/jsp\/frm_cons_detalhe_vaga.jsp?codoferta=141321\">www4.pr.gov.br\/gee\/jsp\/frm_cons_detalhe_vaga.jsp?codoferta=141321<\/a><\/p>\n<p>As atividades dos estagi\u00e1rios ser\u00e3o efetuadas, inicialmente, de forma remota.<\/p>\n","protected":false},"excerpt":{"rendered":"<p>Est\u00e3o abertas as inscri\u00e7\u00f5es para novas vagas de est\u00e1gio na Celepar. As vagas abrangem as seguintes \u00e1reas acad\u00eamicas: Design Digital Marketing Digital Publicidade e Propaganda Conte\u00fado para M\u00eddias Sociais \/ Social Media Primeiro, realize seu cadastro na Central de Est\u00e1gio do Governo do Paran\u00e1 em http:\/\/www.centraldeestagio.pr.gov.br\/Pagina\/Cadastro-do-estudante (caso ainda n\u00e3o possua) Ap\u00f3s, acesse as vagas dispon\u00edveis: &hellip; <\/p>\n<p class=\"link-more\"><a href=\"https:\/\/utfpr.curitiba.br\/dadin\/?p=4488\" class=\"more-link\">Continue lendo<span class=\"screen-reader-text\"> &#8220;Vagas de est\u00e1gio &#8211; Celepar&#8221;<\/span><\/a><\/p>\n","protected":false},"author":62,"featured_media":0,"comment_status":"closed","ping_status":"closed","sticky":false,"template":"","format":"standard","meta":{"footnotes":""},"categories":[1],"tags":[],"class_list":["post-4488","post","type-post","status-publish","format-standard","hentry","category-sem-categoria"],"_links":{"self":[{"href":"https:\/\/utfpr.curitiba.br\/dadin\/index.php?rest_route=\/wp\/v2\/posts\/4488","targetHints":{"allow":["GET"]}}],"collection":[{"href":"https:\/\/utfpr.curitiba.br\/dadin\/index.php?rest_route=\/wp\/v2\/posts"}],"about":[{"href":"https:\/\/utfpr.curitiba.br\/dadin\/index.php?rest_route=\/wp\/v2\/types\/post"}],"author":[{"embeddable":true,"href":"https:\/\/utfpr.curitiba.br\/dadin\/index.php?rest_route=\/wp\/v2\/users\/62"}],"replies":[{"embeddable":true,"href":"https:\/\/utfpr.curitiba.br\/dadin\/index.php?rest_route=%2Fwp%2Fv2%2Fcomments&post=4488"}],"version-history":[{"count":1,"href":"https:\/\/utfpr.curitiba.br\/dadin\/index.php?rest_route=\/wp\/v2\/posts\/4488\/revisions"}],"predecessor-version":[{"id":4489,"href":"https:\/\/utfpr.curitiba.br\/dadin\/index.php?rest_route=\/wp\/v2\/posts\/4488\/revisions\/4489"}],"wp:attachment":[{"href":"https:\/\/utfpr.curitiba.br\/dadin\/index.php?rest_route=%2Fwp%2Fv2%2Fmedia&parent=4488"}],"wp:term":[{"taxonomy":"category","embeddable":true,"href":"https:\/\/utfpr.curitiba.br\/dadin\/index.php?rest_route=%2Fwp%2Fv2%2Fcategories&post=4488"},{"taxonomy":"post_tag","embeddable":true,"href":"https:\/\/utfpr.curitiba.br\/dadin\/index.php?rest_route=%2Fwp%2Fv2%2Ftags&post=4488"}],"curies":[{"name":"wp","href":"https:\/\/api.w.org\/{rel}","templated":true}]}}