{"id":4482,"date":"2021-06-14T09:46:36","date_gmt":"2021-06-14T12:46:36","guid":{"rendered":"https:\/\/dadin.ct.utfpr.edu.br\/?p=4482"},"modified":"2021-06-14T09:46:36","modified_gmt":"2021-06-14T12:46:36","slug":"estagio-em-design-grafico-tre-pr","status":"publish","type":"post","link":"https:\/\/utfpr.curitiba.br\/dadin\/?p=4482","title":{"rendered":"Est\u00e1gio em Design Gr\u00e1fico &#8211; TRE-PR"},"content":{"rendered":"<p>Vaga de est\u00e1gio em design gr\u00e1fico no Tribunal Regional Eleitoral do Paran\u00e1 (TRE-PR)<\/p>\n<p>&nbsp;<\/p>\n<div>\n<div><strong>Responsabilidades:<\/strong><\/div>\n<div>&#8211; Cria\u00e7\u00e3o de pe\u00e7as para as redes sociais<\/div>\n<div>&#8211; Diagrama\u00e7\u00e3o de materiais internos e externos<\/div>\n<div>&#8211; Ajuste de fotos e imagens<\/div>\n<div><\/div>\n<div><strong>Requisitos:<\/strong><\/div>\n<div>&#8211; Conhecimento dos programas do pacote Adobe (Illustrator, Indesign e Photoshop)<\/div>\n<div><\/div>\n<div><strong>Valor da bolsa:<\/strong> R$900\u00a0+ R$ 9 de Vale Transporte por dia estagiado.<\/div>\n<div><\/div>\n<div><strong>Enviar curr\u00edculo e portf\u00f3lio para\u00a0<a href=\"mailto:simoneh@tre-pr.jus.br\" target=\"_blank\" rel=\"noopener\">simoneh@tre-pr.jus.br<\/a><\/strong><\/div>\n<\/div>\n","protected":false},"excerpt":{"rendered":"<p>Vaga de est\u00e1gio em design gr\u00e1fico no Tribunal Regional Eleitoral do Paran\u00e1 (TRE-PR) &nbsp; Responsabilidades: &#8211; Cria\u00e7\u00e3o de pe\u00e7as para as redes sociais &#8211; Diagrama\u00e7\u00e3o de materiais internos e externos &#8211; Ajuste de fotos e imagens Requisitos: &#8211; Conhecimento dos programas do pacote Adobe (Illustrator, Indesign e Photoshop) Valor da bolsa: R$900\u00a0+ R$ 9 de &hellip; <\/p>\n<p class=\"link-more\"><a href=\"https:\/\/utfpr.curitiba.br\/dadin\/?p=4482\" class=\"more-link\">Continue lendo<span class=\"screen-reader-text\"> &#8220;Est\u00e1gio em Design Gr\u00e1fico &#8211; TRE-PR&#8221;<\/span><\/a><\/p>\n","protected":false},"author":62,"featured_media":0,"comment_status":"closed","ping_status":"closed","sticky":false,"template":"","format":"standard","meta":{"footnotes":""},"categories":[1],"tags":[],"class_list":["post-4482","post","type-post","status-publish","format-standard","hentry","category-sem-categoria"],"_links":{"self":[{"href":"https:\/\/utfpr.curitiba.br\/dadin\/index.php?rest_route=\/wp\/v2\/posts\/4482","targetHints":{"allow":["GET"]}}],"collection":[{"href":"https:\/\/utfpr.curitiba.br\/dadin\/index.php?rest_route=\/wp\/v2\/posts"}],"about":[{"href":"https:\/\/utfpr.curitiba.br\/dadin\/index.php?rest_route=\/wp\/v2\/types\/post"}],"author":[{"embeddable":true,"href":"https:\/\/utfpr.curitiba.br\/dadin\/index.php?rest_route=\/wp\/v2\/users\/62"}],"replies":[{"embeddable":true,"href":"https:\/\/utfpr.curitiba.br\/dadin\/index.php?rest_route=%2Fwp%2Fv2%2Fcomments&post=4482"}],"version-history":[{"count":1,"href":"https:\/\/utfpr.curitiba.br\/dadin\/index.php?rest_route=\/wp\/v2\/posts\/4482\/revisions"}],"predecessor-version":[{"id":4483,"href":"https:\/\/utfpr.curitiba.br\/dadin\/index.php?rest_route=\/wp\/v2\/posts\/4482\/revisions\/4483"}],"wp:attachment":[{"href":"https:\/\/utfpr.curitiba.br\/dadin\/index.php?rest_route=%2Fwp%2Fv2%2Fmedia&parent=4482"}],"wp:term":[{"taxonomy":"category","embeddable":true,"href":"https:\/\/utfpr.curitiba.br\/dadin\/index.php?rest_route=%2Fwp%2Fv2%2Fcategories&post=4482"},{"taxonomy":"post_tag","embeddable":true,"href":"https:\/\/utfpr.curitiba.br\/dadin\/index.php?rest_route=%2Fwp%2Fv2%2Ftags&post=4482"}],"curies":[{"name":"wp","href":"https:\/\/api.w.org\/{rel}","templated":true}]}}