{"id":4478,"date":"2021-06-14T09:41:27","date_gmt":"2021-06-14T12:41:27","guid":{"rendered":"https:\/\/dadin.ct.utfpr.edu.br\/?p=4478"},"modified":"2021-06-14T09:42:29","modified_gmt":"2021-06-14T12:42:29","slug":"estagio-em-design-grafico-thales-dis-brasil","status":"publish","type":"post","link":"https:\/\/utfpr.curitiba.br\/dadin\/?p=4478","title":{"rendered":"Est\u00e1gio em Design Gr\u00e1fico &#8211; Thales DIS Brasil"},"content":{"rendered":"\n<p><strong>Sobre a Thales Brasil:<\/strong><\/p>\n\n\n\n<p>A Thales, l\u00edder global de tecnologia para os mercados de aeroespa\u00e7o, espa\u00e7o, defesa, seguran\u00e7a, transporte e identidade digital, est\u00e1 presente no Brasil h\u00e1 53 anos. Empregando cerca de 1.000 funcion\u00e1rios no pa\u00eds, a companhia conta com uma estrutura completa para atender as necessidades desse ambiente complexo e em constante mudan\u00e7a em que vivemos.<\/p>\n\n\n\n<p>A opera\u00e7\u00e3o da Thales conta com quatro escrit\u00f3rios em diferentes localidades do Brasil e tr\u00eas f\u00e1bricas, localizadas em S\u00e3o Bernardo do Campo (SP), Barueri (SP) e Pinhais (PR). As plantas s\u00e3o respons\u00e1veis, respectivamente, pelo desenvolvimento, qualifica\u00e7\u00e3o, produ\u00e7\u00e3o e servi\u00e7os de radares, sonares, sistemas de entretenimento em voo e avi\u00f4nicos; produ\u00e7\u00e3o de cart\u00f5es banc\u00e1rios e documentos eletr\u00f4nicos de policarbonato de alta qualidade; e personaliza\u00e7\u00e3o de cart\u00f5es banc\u00e1rios.<\/p>\n\n\n\n<p><\/p>\n\n\n\n<p><strong>Breve Descri\u00e7\u00e3o:<\/strong><\/p>\n\n\n\n<p>O Designer d\u00e1 suporte \u00e0 Unidade de Neg\u00f3cios a qual est\u00e1 alocado e foca nos resultados conforme as metas definidas para atender \u00e0s expectativas dos clientes. Atuar\u00e1 diariamente para atender as necessidades externas de clientes e\/ou Customer Services e tamb\u00e9m dos clientes internos dentro da f\u00e1brica. Dever\u00e1 responsabilizar-se pela entrega de servi\u00e7os tais como pdf, prova f\u00edsica ou amostra de cart\u00f5es mobile e embalagem. Dever\u00e1 realizar cadastro e libera\u00e7\u00e3o de c\u00f3digos\/itens no PDM e responsabilizar-se pelo desenvolvimento t\u00e9cnico de itens de embalagem, tais como envelopes, mini guias, folhetos, caixas, etiquetas, pallets, embalagens flex\u00edveis, etc. Comunicar-se com fornecedores externos e dar o suporte para implementa\u00e7\u00e3o no processo produtivo junto \u00e0 linha de manuseio na f\u00e1brica.<\/p>\n\n\n\n<p><\/p>\n\n\n\n<p><strong><u>Designer \u2013 Vaga Tempor\u00e1ria<\/u><\/strong><\/p>\n\n\n\n<p>Educa\u00e7\u00e3o: Cursando o \u00faltimo ano e\/ou conclu\u00eddo em Design de Produto, Design Gr\u00e1fico ou Design.<\/p>\n\n\n\n<p>Ingl\u00eas avan\u00e7ado<\/p>\n\n\n\n<p>Compet\u00eancias T\u00e9cnicas: Adobe Illustrator \/ Photoshop avan\u00e7ado<\/p>\n\n\n\n<p>Diferencial:<\/p>\n\n\n\n<p>&#8211; \u00c1rea de embalagens<\/p>\n\n\n\n<p>&#8211; Trabalho em gr\u00e1ficas ou ambiente industrial<\/p>\n\n\n\n<p>&#8211; Colorimetria ou teoria da cor<\/p>\n\n\n\n<p>&#8211; Arte final [fechamento de arquivos]<\/p>\n\n\n\n<p>&#8211; Conhecimento t\u00e9cnico em materiais &#8211; de embalagem tamb\u00e9m &#8211; e suas especifica\u00e7\u00f5es [gramatura, tipos, etc.]<\/p>\n\n\n\n<p>&#8211; Execu\u00e7\u00e3o e\/ou participa\u00e7\u00e3o em projetos<\/p>\n\n\n\n<p>&#8211; An\u00e1lise e solu\u00e7\u00e3o de problemas<\/p>\n\n\n\n<p><\/p>\n\n\n\n<p><strong>Enviar curr\u00edculo e portf\u00f3lio para <a rel=\"noreferrer noopener\" href=\"mailto:isabeli.rosa@thalesgroup.com\" target=\"_blank\">isabeli.rosa@thalesgroup.com<\/a><\/strong><\/p>\n","protected":false},"excerpt":{"rendered":"<p>Sobre a Thales Brasil: A Thales, l\u00edder global de tecnologia para os mercados de aeroespa\u00e7o, espa\u00e7o, defesa, seguran\u00e7a, transporte e identidade digital, est\u00e1 presente no Brasil h\u00e1 53 anos. Empregando cerca de 1.000 funcion\u00e1rios no pa\u00eds, a companhia conta com uma estrutura completa para atender as necessidades desse ambiente complexo e em constante mudan\u00e7a em &hellip; <\/p>\n<p class=\"link-more\"><a href=\"https:\/\/utfpr.curitiba.br\/dadin\/?p=4478\" class=\"more-link\">Continue lendo<span class=\"screen-reader-text\"> &#8220;Est\u00e1gio em Design Gr\u00e1fico &#8211; Thales DIS Brasil&#8221;<\/span><\/a><\/p>\n","protected":false},"author":62,"featured_media":0,"comment_status":"closed","ping_status":"closed","sticky":false,"template":"","format":"standard","meta":{"footnotes":""},"categories":[1],"tags":[],"class_list":["post-4478","post","type-post","status-publish","format-standard","hentry","category-sem-categoria"],"_links":{"self":[{"href":"https:\/\/utfpr.curitiba.br\/dadin\/index.php?rest_route=\/wp\/v2\/posts\/4478","targetHints":{"allow":["GET"]}}],"collection":[{"href":"https:\/\/utfpr.curitiba.br\/dadin\/index.php?rest_route=\/wp\/v2\/posts"}],"about":[{"href":"https:\/\/utfpr.curitiba.br\/dadin\/index.php?rest_route=\/wp\/v2\/types\/post"}],"author":[{"embeddable":true,"href":"https:\/\/utfpr.curitiba.br\/dadin\/index.php?rest_route=\/wp\/v2\/users\/62"}],"replies":[{"embeddable":true,"href":"https:\/\/utfpr.curitiba.br\/dadin\/index.php?rest_route=%2Fwp%2Fv2%2Fcomments&post=4478"}],"version-history":[{"count":3,"href":"https:\/\/utfpr.curitiba.br\/dadin\/index.php?rest_route=\/wp\/v2\/posts\/4478\/revisions"}],"predecessor-version":[{"id":4481,"href":"https:\/\/utfpr.curitiba.br\/dadin\/index.php?rest_route=\/wp\/v2\/posts\/4478\/revisions\/4481"}],"wp:attachment":[{"href":"https:\/\/utfpr.curitiba.br\/dadin\/index.php?rest_route=%2Fwp%2Fv2%2Fmedia&parent=4478"}],"wp:term":[{"taxonomy":"category","embeddable":true,"href":"https:\/\/utfpr.curitiba.br\/dadin\/index.php?rest_route=%2Fwp%2Fv2%2Fcategories&post=4478"},{"taxonomy":"post_tag","embeddable":true,"href":"https:\/\/utfpr.curitiba.br\/dadin\/index.php?rest_route=%2Fwp%2Fv2%2Ftags&post=4478"}],"curies":[{"name":"wp","href":"https:\/\/api.w.org\/{rel}","templated":true}]}}