{"id":4463,"date":"2021-06-02T11:58:58","date_gmt":"2021-06-02T14:58:58","guid":{"rendered":"https:\/\/dadin.ct.utfpr.edu.br\/?p=4463"},"modified":"2021-06-02T11:58:58","modified_gmt":"2021-06-02T14:58:58","slug":"vaga-de-estagio-para-designer-l3ft","status":"publish","type":"post","link":"https:\/\/utfpr.curitiba.br\/dadin\/?p=4463","title":{"rendered":"Vaga de est\u00e1gio para Designer &#8211; L3FT"},"content":{"rendered":"<p>A L3FT \u00e9 uma ag\u00eancia de marketing digital focada em resultado. Nosso comprometimento \u00e9 com uma entrega criativa, somada a solu\u00e7\u00f5es realistas e eficazes de comunica\u00e7\u00e3o.<\/p>\n<p>S\u00e3o cerca de 30 clientes fixos de setores como educa\u00e7\u00e3o, sa\u00fade, financeiro, moda, arquitetura e autom\u00f3veis.<\/p>\n<p>&nbsp;<\/p>\n<p><strong><em>Principais fun\u00e7\u00f5es: <\/em><\/strong>cria\u00e7\u00e3o de pe\u00e7as para redes sociais; cria\u00e7\u00e3o de pe\u00e7as para m\u00eddia; cria\u00e7\u00e3o de newsletter; cria\u00e7\u00e3o de landing pages. Desenvolvimento de pe\u00e7as animadas \u00e9 um diferencial!<\/p>\n<p><em><strong>Carga hor\u00e1ria:<\/strong>\u00a0<\/em>5 horas\/dia<\/p>\n<p><em><strong>Formato:<\/strong>\u00a0<\/em>atualmente, trabalhamos em sistema de home-office, ainda sem data de retorno ao presencial.<\/p>\n<p>&nbsp;<\/p>\n<p>Para se candidatar, enviar curr\u00edculo e portf\u00f3lio para\u00a0<a href=\"mailto:fernanda@l3ft.com.br\" target=\"_blank\" rel=\"noopener\">fernanda@l3ft.com.br<\/a><\/p>\n","protected":false},"excerpt":{"rendered":"<p>A L3FT \u00e9 uma ag\u00eancia de marketing digital focada em resultado. Nosso comprometimento \u00e9 com uma entrega criativa, somada a solu\u00e7\u00f5es realistas e eficazes de comunica\u00e7\u00e3o. S\u00e3o cerca de 30 clientes fixos de setores como educa\u00e7\u00e3o, sa\u00fade, financeiro, moda, arquitetura e autom\u00f3veis. &nbsp; Principais fun\u00e7\u00f5es: cria\u00e7\u00e3o de pe\u00e7as para redes sociais; cria\u00e7\u00e3o de pe\u00e7as para &hellip; <\/p>\n<p class=\"link-more\"><a href=\"https:\/\/utfpr.curitiba.br\/dadin\/?p=4463\" class=\"more-link\">Continue lendo<span class=\"screen-reader-text\"> &#8220;Vaga de est\u00e1gio para Designer &#8211; L3FT&#8221;<\/span><\/a><\/p>\n","protected":false},"author":62,"featured_media":0,"comment_status":"closed","ping_status":"closed","sticky":false,"template":"","format":"standard","meta":{"footnotes":""},"categories":[1],"tags":[],"class_list":["post-4463","post","type-post","status-publish","format-standard","hentry","category-sem-categoria"],"_links":{"self":[{"href":"https:\/\/utfpr.curitiba.br\/dadin\/index.php?rest_route=\/wp\/v2\/posts\/4463","targetHints":{"allow":["GET"]}}],"collection":[{"href":"https:\/\/utfpr.curitiba.br\/dadin\/index.php?rest_route=\/wp\/v2\/posts"}],"about":[{"href":"https:\/\/utfpr.curitiba.br\/dadin\/index.php?rest_route=\/wp\/v2\/types\/post"}],"author":[{"embeddable":true,"href":"https:\/\/utfpr.curitiba.br\/dadin\/index.php?rest_route=\/wp\/v2\/users\/62"}],"replies":[{"embeddable":true,"href":"https:\/\/utfpr.curitiba.br\/dadin\/index.php?rest_route=%2Fwp%2Fv2%2Fcomments&post=4463"}],"version-history":[{"count":1,"href":"https:\/\/utfpr.curitiba.br\/dadin\/index.php?rest_route=\/wp\/v2\/posts\/4463\/revisions"}],"predecessor-version":[{"id":4464,"href":"https:\/\/utfpr.curitiba.br\/dadin\/index.php?rest_route=\/wp\/v2\/posts\/4463\/revisions\/4464"}],"wp:attachment":[{"href":"https:\/\/utfpr.curitiba.br\/dadin\/index.php?rest_route=%2Fwp%2Fv2%2Fmedia&parent=4463"}],"wp:term":[{"taxonomy":"category","embeddable":true,"href":"https:\/\/utfpr.curitiba.br\/dadin\/index.php?rest_route=%2Fwp%2Fv2%2Fcategories&post=4463"},{"taxonomy":"post_tag","embeddable":true,"href":"https:\/\/utfpr.curitiba.br\/dadin\/index.php?rest_route=%2Fwp%2Fv2%2Ftags&post=4463"}],"curies":[{"name":"wp","href":"https:\/\/api.w.org\/{rel}","templated":true}]}}