{"id":4459,"date":"2021-06-01T12:16:44","date_gmt":"2021-06-01T15:16:44","guid":{"rendered":"https:\/\/dadin.ct.utfpr.edu.br\/?p=4459"},"modified":"2021-06-01T12:16:44","modified_gmt":"2021-06-01T15:16:44","slug":"vaga-de-estagio-em-design-grafico-ax-arquitetura","status":"publish","type":"post","link":"https:\/\/utfpr.curitiba.br\/dadin\/?p=4459","title":{"rendered":"Vaga de est\u00e1gio em Design Gr\u00e1fico &#8211; AX Arquitetura"},"content":{"rendered":"\n\n\n<p><strong>Responsabilidades:<\/strong><\/p>\n\n\n\n<ul class=\"wp-block-list\"><li>Atualiza\u00e7\u00f5es do site<\/li><li>Produ\u00e7\u00e3o de conte\u00fado e atualiza\u00e7\u00f5es nas redes sociais digitais (v\u00eddeos e imagens)<\/li><li>Produ\u00e7\u00e3o de apresenta\u00e7\u00f5es corporativas<\/li><\/ul>\n\n\n\n<p><strong>Requisitos:<\/strong><\/p>\n\n\n\n<ul class=\"wp-block-list\"><li>Cursando a partir do 5\u00ba per\u00edodo<\/li><li>Conhecimento em pacote Adobe (Photoshop, Illustrator, InDesign) e\/ou CorelDRAW<\/li><li>Conhecimento em edi\u00e7\u00e3o de v\u00eddeos<\/li><\/ul>\n\n\n\n<p><strong>Trabalho presencial em Almirante Tamandar\u00e9\/PR.<\/strong><br>Enviar curr\u00edculo e portf\u00f3lio para <a rel=\"noreferrer noopener\" href=\"mailto:axarquitetura@hotmail.com\" target=\"_blank\">axarquitetura@hotmail.com<\/a><\/p>\n","protected":false},"excerpt":{"rendered":"<p>Responsabilidades: Atualiza\u00e7\u00f5es do site Produ\u00e7\u00e3o de conte\u00fado e atualiza\u00e7\u00f5es nas redes sociais digitais (v\u00eddeos e imagens) Produ\u00e7\u00e3o de apresenta\u00e7\u00f5es corporativas Requisitos: Cursando a partir do 5\u00ba per\u00edodo Conhecimento em pacote Adobe (Photoshop, Illustrator, InDesign) e\/ou CorelDRAW Conhecimento em edi\u00e7\u00e3o de v\u00eddeos Trabalho presencial em Almirante Tamandar\u00e9\/PR.Enviar curr\u00edculo e portf\u00f3lio para axarquitetura@hotmail.com<\/p>\n","protected":false},"author":62,"featured_media":0,"comment_status":"closed","ping_status":"closed","sticky":false,"template":"","format":"standard","meta":{"footnotes":""},"categories":[1],"tags":[],"class_list":["post-4459","post","type-post","status-publish","format-standard","hentry","category-sem-categoria"],"_links":{"self":[{"href":"https:\/\/utfpr.curitiba.br\/dadin\/index.php?rest_route=\/wp\/v2\/posts\/4459","targetHints":{"allow":["GET"]}}],"collection":[{"href":"https:\/\/utfpr.curitiba.br\/dadin\/index.php?rest_route=\/wp\/v2\/posts"}],"about":[{"href":"https:\/\/utfpr.curitiba.br\/dadin\/index.php?rest_route=\/wp\/v2\/types\/post"}],"author":[{"embeddable":true,"href":"https:\/\/utfpr.curitiba.br\/dadin\/index.php?rest_route=\/wp\/v2\/users\/62"}],"replies":[{"embeddable":true,"href":"https:\/\/utfpr.curitiba.br\/dadin\/index.php?rest_route=%2Fwp%2Fv2%2Fcomments&post=4459"}],"version-history":[{"count":3,"href":"https:\/\/utfpr.curitiba.br\/dadin\/index.php?rest_route=\/wp\/v2\/posts\/4459\/revisions"}],"predecessor-version":[{"id":4462,"href":"https:\/\/utfpr.curitiba.br\/dadin\/index.php?rest_route=\/wp\/v2\/posts\/4459\/revisions\/4462"}],"wp:attachment":[{"href":"https:\/\/utfpr.curitiba.br\/dadin\/index.php?rest_route=%2Fwp%2Fv2%2Fmedia&parent=4459"}],"wp:term":[{"taxonomy":"category","embeddable":true,"href":"https:\/\/utfpr.curitiba.br\/dadin\/index.php?rest_route=%2Fwp%2Fv2%2Fcategories&post=4459"},{"taxonomy":"post_tag","embeddable":true,"href":"https:\/\/utfpr.curitiba.br\/dadin\/index.php?rest_route=%2Fwp%2Fv2%2Ftags&post=4459"}],"curies":[{"name":"wp","href":"https:\/\/api.w.org\/{rel}","templated":true}]}}