{"id":4453,"date":"2021-05-27T10:16:12","date_gmt":"2021-05-27T13:16:12","guid":{"rendered":"https:\/\/dadin.ct.utfpr.edu.br\/?p=4453"},"modified":"2021-05-27T10:18:49","modified_gmt":"2021-05-27T13:18:49","slug":"vaga-para-bolsista-teatro-da-utfpr-tut","status":"publish","type":"post","link":"https:\/\/utfpr.curitiba.br\/dadin\/?p=4453","title":{"rendered":"Vaga para Bolsista &#8211; Teatro da UTFPR (TUT)"},"content":{"rendered":"<div><img fetchpriority=\"high\" decoding=\"async\" class=\"alignnone  wp-image-4454\" src=\"https:\/\/utfpr-ct-static-content.s3.amazonaws.com\/utfpr.curitiba.br\/wp-content\/uploads\/sites\/62\/2021\/05\/DSC00558-300x225.jpg\" alt=\"\" width=\"499\" height=\"374\" srcset=\"https:\/\/utfpr-ct-static-content.s3.amazonaws.com\/utfpr.curitiba.br\/wp-content\/uploads\/sites\/62\/2021\/05\/DSC00558-300x225.jpg 300w, https:\/\/utfpr-ct-static-content.s3.amazonaws.com\/utfpr.curitiba.br\/wp-content\/uploads\/sites\/62\/2021\/05\/DSC00558-1024x768.jpg 1024w, https:\/\/utfpr-ct-static-content.s3.amazonaws.com\/utfpr.curitiba.br\/wp-content\/uploads\/sites\/62\/2021\/05\/DSC00558-768x576.jpg 768w, https:\/\/utfpr-ct-static-content.s3.amazonaws.com\/utfpr.curitiba.br\/wp-content\/uploads\/sites\/62\/2021\/05\/DSC00558-1536x1152.jpg 1536w, https:\/\/utfpr-ct-static-content.s3.amazonaws.com\/utfpr.curitiba.br\/wp-content\/uploads\/sites\/62\/2021\/05\/DSC00558-2048x1536.jpg 2048w\" sizes=\"(max-width: 499px) 100vw, 499px\" \/><\/div>\n<div><\/div>\n<div>O TUT, projeto de extens\u00e3o de teatro da UTFPR, coordenado pelo prof. Ismael Scheffler, est\u00e1 procurando um aluno de design para 3 meses de trabalho com bolsa de extens\u00e3o no valor de<strong> R$ 400,00 mensais, <\/strong>para os meses de junho, julho e agosto &#8211; come\u00e7ando na semana que vem!<\/div>\n<div><strong><br \/>\nQuais ser\u00e3o suas tarefas?\u00a0<\/strong><\/div>\n<ul>\n<li style=\"list-style-type: none;\">\n<ul>\n<li>Atualiza\u00e7\u00e3o do site: <a href=\"https:\/\/tut.ct.utfpr.edu.br\/\" target=\"_blank\" rel=\"noopener\" data-saferedirecturl=\"https:\/\/www.google.com\/url?q=https:\/\/tut.ct.utfpr.edu.br\/&amp;source=gmail&amp;ust=1622206781403000&amp;usg=AFQjCNEoZTTQzDHErvFxecKD2GL-p9ynVw\">https:\/\/tut.ct.<wbr \/>utfpr.edu.br\/<\/a><\/li>\n<li>Produ\u00e7\u00e3o de conte\u00fado e atualiza\u00e7\u00f5es nas redes sociais digitais: <a href=\"https:\/\/www.facebook.com\/tutteatro\" target=\"_blank\" rel=\"noopener\" data-saferedirecturl=\"https:\/\/www.google.com\/url?q=https:\/\/www.facebook.com\/tutteatro&amp;source=gmail&amp;ust=1622206781404000&amp;usg=AFQjCNH0yBdRawS5lFrTZljWeuCHuOz6qg\">https:\/\/www.facebook.<wbr \/>com\/tutteatro<\/a>\u00a0e\u00a0<a href=\"https:\/\/www.instagram.com\/tut_utfpr\/\" target=\"_blank\" rel=\"noopener\" data-saferedirecturl=\"https:\/\/www.google.com\/url?q=https:\/\/www.instagram.com\/tut_utfpr\/&amp;source=gmail&amp;ust=1622206781404000&amp;usg=AFQjCNE1yoA-Q-igRdhQDG1yPIo2wUlwFw\">https:\/\/www.<wbr \/>instagram.com\/tut_utfpr\/<\/a><\/li>\n<li>Produ\u00e7\u00e3o de materiais para divulga\u00e7\u00e3o de eventos on-line do TUT<\/li>\n<li>Apoio nas transmiss\u00f5es dos eventos on-line sobre teatro<\/li>\n<li>O maior projeto: desenvolvimento do projeto gr\u00e1fico do livro &#8220;Caricaturas e tipos c\u00f4micos no teatro&#8221;, com os desenhos e textos que est\u00e3o sendo produzidos por 8 alunos com a orienta\u00e7\u00e3o dos professores Jos\u00e9 Marconi e Ismael Scheffler.<\/li>\n<\/ul>\n<\/li>\n<\/ul>\n<div><strong><br \/>\nOs requisitos para trabalhar no projeto s\u00e3o:<\/strong><\/div>\n<ul>\n<li style=\"list-style-type: none;\">\n<ul>\n<li>Ter cursado disciplina de design editorial ou ter experi\u00eancia na \u00e1rea gr\u00e1fica de livro<\/li>\n<li>Possuir equipamento e softwares para tratamento de imagem e desenvolvimento do projeto gr\u00e1fico do livro<\/li>\n<li>Ser aluno matriculado na UTFPR no pr\u00f3ximo semestre (2021\/1)<\/li>\n<li>N\u00e3o estar trabalhando nem estagiando<\/li>\n<li>N\u00e3o estar recebendo nenhum outro tipo de bolsa (podendo estar recebendo aux\u00edlio estudantil)<\/li>\n<li>Se comprometer com as 20h semanais pelos tr\u00eas meses<\/li>\n<\/ul>\n<\/li>\n<\/ul>\n<div><\/div>\n<div>Interessados, favor mandar e-mail para:\u00a0<a href=\"mailto:scheffler@professores.utfpr.edu.br\" target=\"_blank\" rel=\"noopener\">scheffler@professores.<wbr \/>utfpr.edu.br<\/a>, at\u00e9 s\u00e1bado (dia 29), com nome, per\u00edodo do curso, WhatsApp, link de portf\u00f3lio se possuir (ou algum trabalho que acha que possa ser legal)!<\/div>\n","protected":false},"excerpt":{"rendered":"<p>O TUT, projeto de extens\u00e3o de teatro da UTFPR, coordenado pelo prof. Ismael Scheffler, est\u00e1 procurando um aluno de design para 3 meses de trabalho com bolsa de extens\u00e3o no valor de R$ 400,00 mensais, para os meses de junho, julho e agosto &#8211; come\u00e7ando na semana que vem! Quais ser\u00e3o suas tarefas?\u00a0 Atualiza\u00e7\u00e3o do &hellip; <\/p>\n<p class=\"link-more\"><a href=\"https:\/\/utfpr.curitiba.br\/dadin\/?p=4453\" class=\"more-link\">Continue lendo<span class=\"screen-reader-text\"> &#8220;Vaga para Bolsista &#8211; Teatro da UTFPR (TUT)&#8221;<\/span><\/a><\/p>\n","protected":false},"author":62,"featured_media":0,"comment_status":"closed","ping_status":"closed","sticky":false,"template":"","format":"standard","meta":{"footnotes":""},"categories":[1],"tags":[],"class_list":["post-4453","post","type-post","status-publish","format-standard","hentry","category-sem-categoria"],"_links":{"self":[{"href":"https:\/\/utfpr.curitiba.br\/dadin\/index.php?rest_route=\/wp\/v2\/posts\/4453","targetHints":{"allow":["GET"]}}],"collection":[{"href":"https:\/\/utfpr.curitiba.br\/dadin\/index.php?rest_route=\/wp\/v2\/posts"}],"about":[{"href":"https:\/\/utfpr.curitiba.br\/dadin\/index.php?rest_route=\/wp\/v2\/types\/post"}],"author":[{"embeddable":true,"href":"https:\/\/utfpr.curitiba.br\/dadin\/index.php?rest_route=\/wp\/v2\/users\/62"}],"replies":[{"embeddable":true,"href":"https:\/\/utfpr.curitiba.br\/dadin\/index.php?rest_route=%2Fwp%2Fv2%2Fcomments&post=4453"}],"version-history":[{"count":3,"href":"https:\/\/utfpr.curitiba.br\/dadin\/index.php?rest_route=\/wp\/v2\/posts\/4453\/revisions"}],"predecessor-version":[{"id":4457,"href":"https:\/\/utfpr.curitiba.br\/dadin\/index.php?rest_route=\/wp\/v2\/posts\/4453\/revisions\/4457"}],"wp:attachment":[{"href":"https:\/\/utfpr.curitiba.br\/dadin\/index.php?rest_route=%2Fwp%2Fv2%2Fmedia&parent=4453"}],"wp:term":[{"taxonomy":"category","embeddable":true,"href":"https:\/\/utfpr.curitiba.br\/dadin\/index.php?rest_route=%2Fwp%2Fv2%2Fcategories&post=4453"},{"taxonomy":"post_tag","embeddable":true,"href":"https:\/\/utfpr.curitiba.br\/dadin\/index.php?rest_route=%2Fwp%2Fv2%2Ftags&post=4453"}],"curies":[{"name":"wp","href":"https:\/\/api.w.org\/{rel}","templated":true}]}}