{"id":4450,"date":"2021-05-26T08:29:54","date_gmt":"2021-05-26T11:29:54","guid":{"rendered":"https:\/\/dadin.ct.utfpr.edu.br\/?p=4450"},"modified":"2021-05-26T08:49:39","modified_gmt":"2021-05-26T11:49:39","slug":"2a-fase-do-auxilio-estudantil-2021-2022","status":"publish","type":"post","link":"https:\/\/utfpr.curitiba.br\/dadin\/?p=4450","title":{"rendered":"2\u00aa fase do Aux\u00edlio Estudantil 2021-2022"},"content":{"rendered":"<p>O\u00a0<a href=\"http:\/\/portal.utfpr.edu.br\/editais\/assessoria-estudantil\/reitoria\/processo-de-selecao-do-auxilio-estudantil-2021\">edital<\/a>\u00a0do Aux\u00edlio Estudantil foi atualizado para a defini\u00e7\u00e3o de prazos e procedimentos para a 2\u00aa fase, relativa \u00e0 concess\u00e3o entre julho de 2021 e fevereiro de 2022.<\/p>\n<p>Se voc\u00ea tem interesse em receber o apoio, vale checar\u00a0o novo cronograma!<\/p>\n<h3><b>\ud83d\udccc Quais s\u00e3o as modalidades ofertadas?<\/b><\/h3>\n<p>Podem ser requeridas tr\u00eas modalidades de aux\u00edlio. A ordem de contempla\u00e7\u00e3o \u00e9 feita com base na pontua\u00e7\u00e3o no \u00edndice de vulnerabilidade socioecon\u00f4mica, da seguinte maneira:<br \/>\n1.\u00a0<strong>Todos as modalidades para o grupo priorit\u00e1rio<\/strong>, que t\u00eam mais de 115 pontos no indicador.<br \/>\n2.\u00a0<strong>B\u00e1sica<\/strong>: recurso de R$ 200 mensais para ajudar com custos com material did\u00e1tico, transporte, internet e demais despesas para estudo na UTFPR.<br \/>\n3.\u00a0<strong>Moradia<\/strong>: valor de R$ 300 para contribuir com o pagamento de despesas com estadia para quem precisa morar fora do domic\u00edlio de origem para estudar na Universidade.<br \/>\n4.\u00a0<strong>Alimenta\u00e7\u00e3o<\/strong>: cr\u00e9dito para duas refei\u00e7\u00f5es, de segunda a sexta-feira, e mais uma no s\u00e1bado, por meio do Restaurante Universit\u00e1rio (RU). Quando o espa\u00e7o n\u00e3o est\u00e1 em funcionamento, o apoio \u00e9 de R$ 100 para almo\u00e7o e de R$ 100 para jantar, por dep\u00f3sito mensal.<\/p>\n<h3><b>\ud83c\udf93\u00a0Quem pode se inscrever?<\/b><\/h3>\n<p>Podem participar os alunos com renda familiar per capita de at\u00e9 1,5 sal\u00e1rio m\u00ednimo. Para isso, \u00e9 preciso estar regulamente matriculado no t\u00e9cnico, na gradua\u00e7\u00e3o ou no\u00a0<i>Stricto Sensu<\/i>\u00a0da UTFPR, al\u00e9m de cursar, pelo menos, uma disciplina.<br \/>\nEm regra, o aux\u00edlio estudantil n\u00e3o pode ser acumulado com bolsas, caso a soma seja maior que 1,5 sal\u00e1rio m\u00ednimo. As exce\u00e7\u00f5es s\u00e3o para: os de etnia ind\u00edgena, os oriundos de comunidades quilombolas ou os que recebem ajuda de custo para estabelecimento em mobilidade internacional.<\/p>\n<h3><b>\ud83d\udcc5 Quais as datas de inscri\u00e7\u00e3o?<\/b><\/h3>\n<p><b>\u2606 Veteranos<\/b>\u00a0&#8211; Ingressantes em per\u00edodo letivo anterior a 2021.1<br \/>\n<b>\u00a0 \u00a0 27\/05 a 11\/06 &#8211; Veteranos 2a<\/b>, com:<b><br \/>\n<\/b>&#8211; matr\u00edcula regular at\u00e9 a inscri\u00e7\u00e3o e que n\u00e3o participaram da etapa 1<br \/>\n&#8211; participa\u00e7\u00e3o em programas de Mobilidade Internacional ou Dupla Diploma\u00e7\u00e3o<br \/>\n&#8211; inscri\u00e7\u00e3o indeferida na etapa 1.<br \/>\n<b>\u00a0 \u00a0 14 a 25\/06 &#8211; Veteranos 2b<\/b>, com retorno em junho deste ano, no semestre 2021.1, por:<br \/>\n&#8211; destrancamento de curso<br \/>\n&#8211; transfer\u00eancia de curso ou ex officio<br \/>\n<b>\u2606 Calouros<\/b>\u00a0&#8211; Ingressantes pela primeira vez no\u00a0<i>campus<\/i>, no mesmo per\u00edodo de solicita\u00e7\u00e3o do aux\u00edlio<br \/>\n<b>\u00a0 \u00a0 14 a 25\/06 &#8211; Calouros 2c<\/b>, com:<br \/>\n&#8211; matr\u00edcula at\u00e9 o 1\u00ba dia de aula em junho deste ano, no semestre 2021.1<br \/>\n<b>\u00a0 \u00a0 28\/06 a 09\/07 \u2013 Calouros 2d<\/b>, com:<br \/>\n&#8211; matr\u00edcula pela chamada nominal e por vagas remanescentes<\/p>\n<h3><b>\ud83d\udcd1 Do que preciso para inscri\u00e7\u00e3o?<\/b><\/h3>\n<p>Confira o\u00a0<a href=\"http:\/\/portal.utfpr.edu.br\/editais\/assessoria-estudantil\/reitoria\/processo-de-selecao-do-auxilio-estudantil-2021\">edital<\/a>, principalmente o anexo A para verificar quais s\u00e3o os documentos exigidos e as regras do processo. Deixe tudo separado e organizado para comprovar a sua condi\u00e7\u00e3o socioecon\u00f4mica. A\u00ed \u00e9 s\u00f3 digitalizar da seguinte forma:<br \/>\n&#8211; Formato: PDF, JPG ou PNG<br \/>\n&#8211; Tamanho m\u00e1ximo: 2MB cada<br \/>\n&#8211; Condi\u00e7\u00f5es*: sem rasuras, completos e, se houver, com numera\u00e7\u00e3o de p\u00e1ginas vis\u00edveis. Caso o documento tenha mais de uma p\u00e1gina, coloque em um \u00fanico arquivo.<\/p>\n<h3><b>\ud83d\udcbb Como fa\u00e7o minha inscri\u00e7\u00e3o on-line?<\/b><\/h3>\n<p>1. Dentro do prazo da sua categoria, acesse o\u00a0<a href=\"http:\/\/portal.utfpr.edu.br\/alunos\/portal-do-aluno\">Portal do Aluno<\/a>\u00a0do seu\u00a0<em>campus<\/em>\u00a0e selecione \u2018Inscri\u00e7\u00e3o Aux\u00edlio Estudantil\u2019. O acesso pode ocorrer em dispositivos m\u00f3veis pelo navegador Google Chrome.<br \/>\n2. Preencha o question\u00e1rio socioecon\u00f4mico.<br \/>\n3. Insira os membros do seu grupo familiar no quadro de composi\u00e7\u00e3o<br \/>\n4. Selecione os aux\u00edlios que quer solicitar<br \/>\n5. Fa\u00e7a o upload de todos os documentos digitalizados do Anexo A, seus e de cada membro da fam\u00edlia<br \/>\n6. Revise para ter certeza de que est\u00e1 tudo certo! Depois de terminar o processo, n\u00e3o tem como alterar.<br \/>\n7. Clique em \u2018Finalizar inscri\u00e7\u00e3o\u2019 e veja o protocolo do processo.<\/p>\n<h3><b>\ud83e\udd14 Como fa\u00e7o se a minha inscri\u00e7\u00e3o foi indeferida na etapa 1?<\/b><\/h3>\n<p>1. Acesse o\u00a0<a href=\"http:\/\/portal.utfpr.edu.br\/alunos\/portal-do-aluno\">Portal do Aluno<\/a>, no per\u00edodo de inscri\u00e7\u00e3o do seu grupo, e confirme a realiza\u00e7\u00e3o da nova inscri\u00e7\u00e3o.<br \/>\n2. Quando confirmar, os arquivos que foram inseridos anteriormente v\u00e3o ser exclu\u00eddos do sistema, exceto os documentos de identifica\u00e7\u00e3o j\u00e1 homologados.<br \/>\n3. Preencha os dados e fa\u00e7a o upload dos documentos exigidos<br \/>\n4. Clique em \u2018Finalizar inscri\u00e7\u00e3o\u2019 e veja o protocolo do processo.<\/p>\n<h3><b>\ud83d\ude36 Fui contemplado na etapa 1. Posso me inscrever na 2\u00aa fase?<\/b><\/h3>\n<p class=\" \">N\u00e3o \u00e9 permitida nova inscri\u00e7\u00e3o. Se houver mudan\u00e7as na condi\u00e7\u00e3o socioecon\u00f4mica do seu grupo familiar, encaminhe um e-mail para o\u00a0<a title=\"\" href=\"http:\/\/portal.utfpr.edu.br\/alunos\/servicos\/apoio\" target=\"_self\" rel=\"noopener\">N\u00facleo de Apoio Pedag\u00f3gico e Estudantil (Nuape)\u00a0<\/a>do seu campus para receber orienta\u00e7\u00f5es de como proceder.<\/p>\n<h3><b>\ud83d\udce7 Pronto, fiz minha inscri\u00e7\u00e3o. Como confiro a an\u00e1lise preliminar?<\/b><\/h3>\n<p>D\u00e1 para conferir direto no sistema. Al\u00e9m disso, os inscritos v\u00e3o receber uma mensagem individual com a an\u00e1lise pr\u00e9via do processo. Ent\u00e3o, se tiver algo para algo para corrigir ou complementar, voc\u00ea vai ter 3 dias \u00fateis, ap\u00f3s notifica\u00e7\u00e3o. Ent\u00e3o, fique ligado no seu e-mail principal cadastrado no\u00a0<a href=\"http:\/\/portal.utfpr.edu.br\/alunos\/portal-do-aluno\">Portal do Aluno<\/a>, nos seguintes per\u00edodos:<br \/>\n27\/05 a 02\/08 &#8211; Veteranos 2a<br \/>\n14\/06 a 02\/08 &#8211; Veteranos 2b e Calouros 2c<br \/>\n28\/06 a 02\/08 \u2013 Calouros 2d<\/p>\n<h3><b>\ud83d\udcdd Quais outras datas importantes?<\/b><\/h3>\n<p>Todos os candidatos devem ficar atentos \u00e0s demais datas do cronograma.<br \/>\n06\/08 \u2013 An\u00e1lise da complementa\u00e7\u00e3o de documentos ou informa\u00e7\u00f5es<br \/>\n09 e 10\/08 \u2013 Prazo para entrar com recurso para contestar an\u00e1lise<br \/>\n18\/08 \u2013 Divulga\u00e7\u00e3o de inscri\u00e7\u00f5es aceitas ou n\u00e3o<br \/>\n19\/08 \u2013 Resultado do processo, por meio da rela\u00e7\u00e3o unificada de contemplados<br \/>\n30\/08 \u2013 Publica\u00e7\u00e3o da lista de espera<\/p>\n<h3><b>Mais sobre o programa<br \/>\n<\/b><\/h3>\n<p>Esta \u00e9 a segunda etapa de concess\u00e3o do\u00a0<a href=\"http:\/\/portal.utfpr.edu.br\/alunos\/bolsas\/auxilio-estudantil\/auxilio-estudantil\">aux\u00edlio estudantil da UTFPR<\/a>, programa que \u00e9 realizado pela\u00a0<a href=\"http:\/\/portal.utfpr.edu.br\/estrutura\/grad\/graduacao-e-educacao-profissional#assessoria-de-assist-ncia-estudantil---assae\">Assessoria de Assuntos Estudantis<\/a>\u00a0(Assae) da\u00a0<a href=\"http:\/\/portal.utfpr.edu.br\/estrutura\/grad\/graduacao-e-educacao-profissional\">Pr\u00f3-Reitoria de Gradua\u00e7\u00e3o<\/a>\u00a0(Prograd).\u00a0Na primeira fase, foram beneficiados 2.338 alunos da Universidade, com a destina\u00e7\u00e3o de um valor total de R$ 12 milh\u00f5es. Ainda, est\u00e1 prevista a sele\u00e7\u00e3o para a terceira concess\u00e3o em setembro deste ano.<\/p>\n<p class=\" \">As d\u00favidas sobre o processo podem ser retiradas com o\u00a0<a title=\"\" href=\"http:\/\/portal.utfpr.edu.br\/alunos\/servicos\/apoio\" target=\"_self\" rel=\"noopener\">Nuape<\/a>\u00a0do seu\u00a0campus.\u00a0Outras informa\u00e7\u00f5es sobre outros aux\u00edlios e oportunidades para estudantes da Universidade est\u00e3o na\u00a0<a title=\"\" href=\"http:\/\/portal.utfpr.edu.br\/alunos\/tamojunto\" target=\"_self\" rel=\"noopener\">p\u00e1gina Tamo Junto<\/a>.<\/p>\n","protected":false},"excerpt":{"rendered":"<p>O\u00a0edital\u00a0do Aux\u00edlio Estudantil foi atualizado para a defini\u00e7\u00e3o de prazos e procedimentos para a 2\u00aa fase, relativa \u00e0 concess\u00e3o entre julho de 2021 e fevereiro de 2022. Se voc\u00ea tem interesse em receber o apoio, vale checar\u00a0o novo cronograma! \ud83d\udccc Quais s\u00e3o as modalidades ofertadas? Podem ser requeridas tr\u00eas modalidades de aux\u00edlio. A ordem de &hellip; <\/p>\n<p class=\"link-more\"><a href=\"https:\/\/utfpr.curitiba.br\/dadin\/?p=4450\" class=\"more-link\">Continue lendo<span class=\"screen-reader-text\"> &#8220;2\u00aa fase do Aux\u00edlio Estudantil 2021-2022&#8221;<\/span><\/a><\/p>\n","protected":false},"author":62,"featured_media":0,"comment_status":"closed","ping_status":"closed","sticky":false,"template":"","format":"standard","meta":{"footnotes":""},"categories":[1],"tags":[],"class_list":["post-4450","post","type-post","status-publish","format-standard","hentry","category-sem-categoria"],"_links":{"self":[{"href":"https:\/\/utfpr.curitiba.br\/dadin\/index.php?rest_route=\/wp\/v2\/posts\/4450","targetHints":{"allow":["GET"]}}],"collection":[{"href":"https:\/\/utfpr.curitiba.br\/dadin\/index.php?rest_route=\/wp\/v2\/posts"}],"about":[{"href":"https:\/\/utfpr.curitiba.br\/dadin\/index.php?rest_route=\/wp\/v2\/types\/post"}],"author":[{"embeddable":true,"href":"https:\/\/utfpr.curitiba.br\/dadin\/index.php?rest_route=\/wp\/v2\/users\/62"}],"replies":[{"embeddable":true,"href":"https:\/\/utfpr.curitiba.br\/dadin\/index.php?rest_route=%2Fwp%2Fv2%2Fcomments&post=4450"}],"version-history":[{"count":2,"href":"https:\/\/utfpr.curitiba.br\/dadin\/index.php?rest_route=\/wp\/v2\/posts\/4450\/revisions"}],"predecessor-version":[{"id":4452,"href":"https:\/\/utfpr.curitiba.br\/dadin\/index.php?rest_route=\/wp\/v2\/posts\/4450\/revisions\/4452"}],"wp:attachment":[{"href":"https:\/\/utfpr.curitiba.br\/dadin\/index.php?rest_route=%2Fwp%2Fv2%2Fmedia&parent=4450"}],"wp:term":[{"taxonomy":"category","embeddable":true,"href":"https:\/\/utfpr.curitiba.br\/dadin\/index.php?rest_route=%2Fwp%2Fv2%2Fcategories&post=4450"},{"taxonomy":"post_tag","embeddable":true,"href":"https:\/\/utfpr.curitiba.br\/dadin\/index.php?rest_route=%2Fwp%2Fv2%2Ftags&post=4450"}],"curies":[{"name":"wp","href":"https:\/\/api.w.org\/{rel}","templated":true}]}}