{"id":4446,"date":"2021-05-25T08:47:40","date_gmt":"2021-05-25T11:47:40","guid":{"rendered":"https:\/\/dadin.ct.utfpr.edu.br\/?p=4446"},"modified":"2021-05-25T08:47:40","modified_gmt":"2021-05-25T11:47:40","slug":"pesquisa-de-percepcao-discente-tecnologia-em-design-grafico-2020-2","status":"publish","type":"post","link":"https:\/\/utfpr.curitiba.br\/dadin\/?p=4446","title":{"rendered":"Pesquisa de Percep\u00e7\u00e3o Discente &#8211; Tecnologia em Design Gr\u00e1fico 2020\/2"},"content":{"rendered":"<p>O preenchimento desse formul\u00e1rio \u00e9 IMPORTANTE para nortear a coordena\u00e7\u00e3o do curso de Tecnologia em Design Gr\u00e1fico (CODEG-CT) nas propostas de melhorias das disciplinas para o pr\u00f3ximo semestre.<br \/>\nPor isso, n\u00e3o deixe de participar e nos ajudar a fazer um curso melhor!<\/p>\n<p>Para responder, acesse: <a href=\"http:\/\/forms.gle\/GZSnwxij5jvg152q9\">forms.gle\/GZSnwxij5jvg152q9<\/a><\/p>\n","protected":false},"excerpt":{"rendered":"<p>O preenchimento desse formul\u00e1rio \u00e9 IMPORTANTE para nortear a coordena\u00e7\u00e3o do curso de Tecnologia em Design Gr\u00e1fico (CODEG-CT) nas propostas de melhorias das disciplinas para o pr\u00f3ximo semestre. Por isso, n\u00e3o deixe de participar e nos ajudar a fazer um curso melhor! Para responder, acesse: forms.gle\/GZSnwxij5jvg152q9<\/p>\n","protected":false},"author":62,"featured_media":0,"comment_status":"closed","ping_status":"closed","sticky":false,"template":"","format":"standard","meta":{"footnotes":""},"categories":[1],"tags":[],"class_list":["post-4446","post","type-post","status-publish","format-standard","hentry","category-sem-categoria"],"_links":{"self":[{"href":"https:\/\/utfpr.curitiba.br\/dadin\/index.php?rest_route=\/wp\/v2\/posts\/4446","targetHints":{"allow":["GET"]}}],"collection":[{"href":"https:\/\/utfpr.curitiba.br\/dadin\/index.php?rest_route=\/wp\/v2\/posts"}],"about":[{"href":"https:\/\/utfpr.curitiba.br\/dadin\/index.php?rest_route=\/wp\/v2\/types\/post"}],"author":[{"embeddable":true,"href":"https:\/\/utfpr.curitiba.br\/dadin\/index.php?rest_route=\/wp\/v2\/users\/62"}],"replies":[{"embeddable":true,"href":"https:\/\/utfpr.curitiba.br\/dadin\/index.php?rest_route=%2Fwp%2Fv2%2Fcomments&post=4446"}],"version-history":[{"count":1,"href":"https:\/\/utfpr.curitiba.br\/dadin\/index.php?rest_route=\/wp\/v2\/posts\/4446\/revisions"}],"predecessor-version":[{"id":4447,"href":"https:\/\/utfpr.curitiba.br\/dadin\/index.php?rest_route=\/wp\/v2\/posts\/4446\/revisions\/4447"}],"wp:attachment":[{"href":"https:\/\/utfpr.curitiba.br\/dadin\/index.php?rest_route=%2Fwp%2Fv2%2Fmedia&parent=4446"}],"wp:term":[{"taxonomy":"category","embeddable":true,"href":"https:\/\/utfpr.curitiba.br\/dadin\/index.php?rest_route=%2Fwp%2Fv2%2Fcategories&post=4446"},{"taxonomy":"post_tag","embeddable":true,"href":"https:\/\/utfpr.curitiba.br\/dadin\/index.php?rest_route=%2Fwp%2Fv2%2Ftags&post=4446"}],"curies":[{"name":"wp","href":"https:\/\/api.w.org\/{rel}","templated":true}]}}