{"id":4443,"date":"2021-05-18T13:02:22","date_gmt":"2021-05-18T16:02:22","guid":{"rendered":"https:\/\/dadin.ct.utfpr.edu.br\/?p=4443"},"modified":"2021-05-18T13:02:22","modified_gmt":"2021-05-18T16:02:22","slug":"vaga-de-estagio-no-grupo-jota","status":"publish","type":"post","link":"https:\/\/utfpr.curitiba.br\/dadin\/?p=4443","title":{"rendered":"Vaga de est\u00e1gio no Grupo JOTA"},"content":{"rendered":"<p style=\"font-weight: 400;\">Vaga para est\u00e1gio em design gr\u00e1fico no Grupo JOTA, para atuar com <strong>diagrama\u00e7\u00e3o de revistas, tratamento de imagem e cria\u00e7\u00e3o de pe\u00e7as<\/strong>.<\/p>\n<p style=\"font-weight: 400;\">Requisitos:<\/p>\n<ul>\n<li style=\"list-style-type: none;\">\n<ul>\n<li style=\"font-weight: 400;\">A partir do 5\u00ba per\u00edodo<\/li>\n<li style=\"font-weight: 400;\">Pr\u00e1tica com MAC e ferramentas Adobe (Ilustrator, Indesign e Photoshop)<\/li>\n<li style=\"font-weight: 400;\">De seg-sex, presencial<\/li>\n<li style=\"font-weight: 400;\">Bolsa R$ 650,00 + VT + refei\u00e7\u00e3o no local<\/li>\n<\/ul>\n<\/li>\n<\/ul>\n<p style=\"font-weight: 400;\">Enviar curr\u00edculo e portf\u00f3lio para <a href=\"mailto:rh@jotacomunicacao.com.br\">rh@jotacomunicacao.com.br<\/a><\/p>\n","protected":false},"excerpt":{"rendered":"<p>Vaga para est\u00e1gio em design gr\u00e1fico no Grupo JOTA, para atuar com diagrama\u00e7\u00e3o de revistas, tratamento de imagem e cria\u00e7\u00e3o de pe\u00e7as. Requisitos: A partir do 5\u00ba per\u00edodo Pr\u00e1tica com MAC e ferramentas Adobe (Ilustrator, Indesign e Photoshop) De seg-sex, presencial Bolsa R$ 650,00 + VT + refei\u00e7\u00e3o no local Enviar curr\u00edculo e portf\u00f3lio para &hellip; <\/p>\n<p class=\"link-more\"><a href=\"https:\/\/utfpr.curitiba.br\/dadin\/?p=4443\" class=\"more-link\">Continue lendo<span class=\"screen-reader-text\"> &#8220;Vaga de est\u00e1gio no Grupo JOTA&#8221;<\/span><\/a><\/p>\n","protected":false},"author":62,"featured_media":0,"comment_status":"closed","ping_status":"closed","sticky":false,"template":"","format":"standard","meta":{"footnotes":""},"categories":[1],"tags":[],"class_list":["post-4443","post","type-post","status-publish","format-standard","hentry","category-sem-categoria"],"_links":{"self":[{"href":"https:\/\/utfpr.curitiba.br\/dadin\/index.php?rest_route=\/wp\/v2\/posts\/4443","targetHints":{"allow":["GET"]}}],"collection":[{"href":"https:\/\/utfpr.curitiba.br\/dadin\/index.php?rest_route=\/wp\/v2\/posts"}],"about":[{"href":"https:\/\/utfpr.curitiba.br\/dadin\/index.php?rest_route=\/wp\/v2\/types\/post"}],"author":[{"embeddable":true,"href":"https:\/\/utfpr.curitiba.br\/dadin\/index.php?rest_route=\/wp\/v2\/users\/62"}],"replies":[{"embeddable":true,"href":"https:\/\/utfpr.curitiba.br\/dadin\/index.php?rest_route=%2Fwp%2Fv2%2Fcomments&post=4443"}],"version-history":[{"count":1,"href":"https:\/\/utfpr.curitiba.br\/dadin\/index.php?rest_route=\/wp\/v2\/posts\/4443\/revisions"}],"predecessor-version":[{"id":4444,"href":"https:\/\/utfpr.curitiba.br\/dadin\/index.php?rest_route=\/wp\/v2\/posts\/4443\/revisions\/4444"}],"wp:attachment":[{"href":"https:\/\/utfpr.curitiba.br\/dadin\/index.php?rest_route=%2Fwp%2Fv2%2Fmedia&parent=4443"}],"wp:term":[{"taxonomy":"category","embeddable":true,"href":"https:\/\/utfpr.curitiba.br\/dadin\/index.php?rest_route=%2Fwp%2Fv2%2Fcategories&post=4443"},{"taxonomy":"post_tag","embeddable":true,"href":"https:\/\/utfpr.curitiba.br\/dadin\/index.php?rest_route=%2Fwp%2Fv2%2Ftags&post=4443"}],"curies":[{"name":"wp","href":"https:\/\/api.w.org\/{rel}","templated":true}]}}