{"id":4423,"date":"2021-05-11T13:58:10","date_gmt":"2021-05-11T16:58:10","guid":{"rendered":"https:\/\/dadin.ct.utfpr.edu.br\/?p=4423"},"modified":"2021-05-11T13:58:10","modified_gmt":"2021-05-11T16:58:10","slug":"editora-ufpr-lanca-concurso-de-imagens-para-confeccao-da-agenda-2022","status":"publish","type":"post","link":"https:\/\/utfpr.curitiba.br\/dadin\/?p=4423","title":{"rendered":"Editora UFPR lan\u00e7a Concurso de imagens para confec\u00e7\u00e3o da Agenda 2022"},"content":{"rendered":"<p>&nbsp;<\/p>\n<p><img fetchpriority=\"high\" decoding=\"async\" class=\"alignnone  wp-image-4424\" src=\"https:\/\/utfpr-ct-static-content.s3.amazonaws.com\/utfpr.curitiba.br\/wp-content\/uploads\/sites\/62\/2021\/05\/e844db27-29a2-4e88-b954-bf07d6dddb70arte_concurso_site_W-300x169.png\" alt=\"\" width=\"489\" height=\"276\" srcset=\"https:\/\/utfpr-ct-static-content.s3.amazonaws.com\/utfpr.curitiba.br\/wp-content\/uploads\/sites\/62\/2021\/05\/e844db27-29a2-4e88-b954-bf07d6dddb70arte_concurso_site_W-300x169.png 300w, https:\/\/utfpr-ct-static-content.s3.amazonaws.com\/utfpr.curitiba.br\/wp-content\/uploads\/sites\/62\/2021\/05\/e844db27-29a2-4e88-b954-bf07d6dddb70arte_concurso_site_W.png 640w\" sizes=\"(max-width: 489px) 100vw, 489px\" \/><\/p>\n<p><span data-contrast=\"auto\">A Agenda UFPR 2022<\/span><span data-contrast=\"auto\">\u00a0contar\u00e1 com a participa\u00e7\u00e3o da comunidade<\/span><span data-contrast=\"auto\">\u00a0<\/span><span data-contrast=\"auto\">em seu<\/span><span data-contrast=\"auto\">\u00a0processo de produ\u00e7\u00e3o<\/span><span data-contrast=\"auto\">. <\/span>Podem participar as imagens produzidas nas variadas linguagens das artes visuais (fotografia, pintura, ilustra\u00e7\u00e3o, gravura, desenho, entre outras). Lembrando que elas devem contemplar temas relacionados \u00e0 ci\u00eancia, universidade e pandemia.<br \/>\nPara saber mais sobre o concurso entre no site:<br \/>\n<a href=\"https:\/\/www.editora.ufpr.br\/blog\/122\">https:\/\/www.editora.ufpr.br\/blog\/122<\/a><\/p>\n","protected":false},"excerpt":{"rendered":"<p>&nbsp; A Agenda UFPR 2022\u00a0contar\u00e1 com a participa\u00e7\u00e3o da comunidade\u00a0em seu\u00a0processo de produ\u00e7\u00e3o. Podem participar as imagens produzidas nas variadas linguagens das artes visuais (fotografia, pintura, ilustra\u00e7\u00e3o, gravura, desenho, entre outras). Lembrando que elas devem contemplar temas relacionados \u00e0 ci\u00eancia, universidade e pandemia. Para saber mais sobre o concurso entre no site: https:\/\/www.editora.ufpr.br\/blog\/122<\/p>\n","protected":false},"author":62,"featured_media":0,"comment_status":"closed","ping_status":"closed","sticky":false,"template":"","format":"standard","meta":{"footnotes":""},"categories":[1],"tags":[],"class_list":["post-4423","post","type-post","status-publish","format-standard","hentry","category-sem-categoria"],"_links":{"self":[{"href":"https:\/\/utfpr.curitiba.br\/dadin\/index.php?rest_route=\/wp\/v2\/posts\/4423","targetHints":{"allow":["GET"]}}],"collection":[{"href":"https:\/\/utfpr.curitiba.br\/dadin\/index.php?rest_route=\/wp\/v2\/posts"}],"about":[{"href":"https:\/\/utfpr.curitiba.br\/dadin\/index.php?rest_route=\/wp\/v2\/types\/post"}],"author":[{"embeddable":true,"href":"https:\/\/utfpr.curitiba.br\/dadin\/index.php?rest_route=\/wp\/v2\/users\/62"}],"replies":[{"embeddable":true,"href":"https:\/\/utfpr.curitiba.br\/dadin\/index.php?rest_route=%2Fwp%2Fv2%2Fcomments&post=4423"}],"version-history":[{"count":1,"href":"https:\/\/utfpr.curitiba.br\/dadin\/index.php?rest_route=\/wp\/v2\/posts\/4423\/revisions"}],"predecessor-version":[{"id":4425,"href":"https:\/\/utfpr.curitiba.br\/dadin\/index.php?rest_route=\/wp\/v2\/posts\/4423\/revisions\/4425"}],"wp:attachment":[{"href":"https:\/\/utfpr.curitiba.br\/dadin\/index.php?rest_route=%2Fwp%2Fv2%2Fmedia&parent=4423"}],"wp:term":[{"taxonomy":"category","embeddable":true,"href":"https:\/\/utfpr.curitiba.br\/dadin\/index.php?rest_route=%2Fwp%2Fv2%2Fcategories&post=4423"},{"taxonomy":"post_tag","embeddable":true,"href":"https:\/\/utfpr.curitiba.br\/dadin\/index.php?rest_route=%2Fwp%2Fv2%2Ftags&post=4423"}],"curies":[{"name":"wp","href":"https:\/\/api.w.org\/{rel}","templated":true}]}}