{"id":4417,"date":"2021-05-06T14:29:04","date_gmt":"2021-05-06T17:29:04","guid":{"rendered":"https:\/\/dadin.ct.utfpr.edu.br\/?p=4417"},"modified":"2021-05-06T14:29:04","modified_gmt":"2021-05-06T17:29:04","slug":"vaga-para-designer-ux-senior-ou-pleno-na-ferreri","status":"publish","type":"post","link":"https:\/\/utfpr.curitiba.br\/dadin\/?p=4417","title":{"rendered":"Vaga para Designer UX (s\u00eanior ou pleno) na Ferreri"},"content":{"rendered":"<p>A Ferreri \u00e9 uma software house que atua no desenvolvimento de produtos digitais para grandes empresas e startups. Fundada em 2015 por um grupo de s\u00f3cios-programadores, a empresa mant\u00e9m at\u00e9 hoje a paix\u00e3o em usar a tecnologia para a melhor resolu\u00e7\u00e3o de cada problema.<\/p>\n<p>Com um modelo de trabalho baseado no conhecimento do usu\u00e1rio, proximidade com o cliente, engenharia de software e boas pr\u00e1ticas, garantimos alta qualidade nas entregas e j\u00e1 contamos com grandes clientes em nosso portf\u00f3lio, como Netflix, Centauro, Oi, MRV, Grupo Prever, entre outros.<\/p>\n<h4>Cultura<\/h4>\n<p>Somos amantes da tecnologia, inova\u00e7\u00e3o e software de qualidade, e isso nos move ao enfrentarmos os desafios de cada tarefa.<\/p>\n<p>Trabalhamos desde a funda\u00e7\u00e3o de maneira 100% remota e com liberdade de hor\u00e1rios. Todos t\u00eam autonomia e flexibilidade nas tarefas que recebem, por isso \u00e9 importante que haja comprometimento, honestidade e disposi\u00e7\u00e3o a dar o melhor de si. N\u00e3o gostamos de micromanagement e cobran\u00e7a, mas isso n\u00e3o significa que n\u00e3o se espera muito de cada um.<\/p>\n<p>Na Ferreri, todos s\u00e3o ouvidos: clientes, usu\u00e1rios, criadores e desenvolvedores, o que universaliza o sentimento de dono e respons\u00e1vel por cada projeto.<\/p>\n<p>Acreditamos que a qualidade de vida \u00e9 fundamental para o bem-estar e melhor desempenho de cada time, e nosso trabalho deve sempre apoiar isso.<\/p>\n<h4>Tecnologias com as quais j\u00e1 trabalhamos<\/h4>\n<p>&#8211; Figma \/ Sketch \/ Adobe XD<br \/>\n&#8211; React \/ React Native \/ Vue.js \/ Angular \/ TypeScript \/ JavaScript<br \/>\n&#8211; Ruby (Rails) \/ Python (Django) \/ NodeJS \/ C# (.NET Core)<br \/>\n&#8211; PostgreSQL<br \/>\n&#8211; Docker \/ Kubernetes \/ Microsservi\u00e7os<br \/>\n&#8211; Google Cloud \/ AWS \/ Azure<\/p>\n<h4>A vaga<\/h4>\n<p>Estamos em busca de um designer especialista em UX (pleno ou s\u00eanior) para integrar uma de nossas squads.<\/p>\n<h4>Responsabilidades<\/h4>\n<p>&#8211; Cria\u00e7\u00e3o de Design System para plataforma digital;<br \/>\n&#8211; Em conjunto com equipe de devs e designers, contribuir na identifica\u00e7\u00e3o de demandas, defini\u00e7\u00e3o de problemas e cria\u00e7\u00e3o das solu\u00e7\u00f5es que ser\u00e3o implementadas;<br \/>\n&#8211; Trabalho em conjunto com cliente e equipe de desenvolvedores para cria\u00e7\u00e3o de conceitos visuais em websites funcionais, aplicativos nativos, microsites, e-mails em HTML, etc.<\/p>\n<h4>Requisitos<\/h4>\n<h4>Esperamos que voc\u00ea tenha:<\/h4>\n<p>&#8211; Transpar\u00eancia para resolver os obst\u00e1culos em equipe;<br \/>\n&#8211; Humildade para contribuir e receber contribui\u00e7\u00f5es;<br \/>\n&#8211; Responsabilidade para assumir tarefas e tomar decis\u00f5es;<br \/>\n&#8211; Mentalidade de dono do produto, com disposi\u00e7\u00e3o para atentar a detalhes e ter apre\u00e7o pela qualidade;<br \/>\n&#8211; Autonomia e capacidade de autogerenciamento;<br \/>\n&#8211; Capacidade de comunica\u00e7\u00e3o presente e regular com o time;<br \/>\n&#8211; Tenha conhecimento especializado das melhores pr\u00e1ticas de experi\u00eancia do usu\u00e1rio e capacidade de desenhar solu\u00e7\u00f5es com base em necessidades exclusivas de usu\u00e1rios espec\u00edficos.<br \/>\n&#8211; Trabalhe em colabora\u00e7\u00e3o com equipes internas de desenvolvimento para garantir a integra\u00e7\u00e3o perfeita com uma excelente experi\u00eancia do usu\u00e1rio.<br \/>\n&#8211; Tenha aten\u00e7\u00e3o aos detalhes e capacidade de priorizar demandas concorrentes.<br \/>\n&#8211; Desenvoltura, boa comunica\u00e7\u00e3o e disposi\u00e7\u00e3o para buscar informa\u00e7\u00f5es e sanar d\u00favidas.<br \/>\n&#8211; Tenha como valores: independ\u00eancia, ownership e auto gerenciamento.<br \/>\n&#8211; Tenha experi\u00eancia em design UI e UX.<br \/>\n&#8211; Organiza\u00e7\u00e3o e consist\u00eancia em rela\u00e7\u00e3o ao Design System estabelecido.<br \/>\n&#8211; Tenha familiaridade de usar Figma (preferencialmente), Adobe Creative Suite ou Sketch e dar vida a eles como uma experi\u00eancia unificada e funcional.<\/p>\n<h4>Local<\/h4>\n<p>Nosso trabalho \u00e9 100% remoto. Contamos com a pluralidade cultural de pessoas espalhadas pelos quatro cantos do Brasil.<\/p>\n<h4>Benef\u00edcios<\/h4>\n<p>&#8211; Sal\u00e1rio compat\u00edvel com o mercado;<br \/>\n&#8211; Cart\u00e3o de benef\u00edcios com cr\u00e9ditos mensais para Refei\u00e7\u00e3o, Alimenta\u00e7\u00e3o e Cultura;<br \/>\n&#8211; Aux\u00edlio bem-estar: reembolso de parte do valor da mensalidade de atividades que ajudem na sa\u00fade do corpo e da mente (esportes, academia, pilates, terapia\/psic\u00f3logo, entre outros);<br \/>\n&#8211; Trabalho 100% remoto;<br \/>\n&#8211; Hor\u00e1rios flex\u00edveis;<br \/>\n&#8211; Trabalhar com tecnologia de ponta;<br \/>\n&#8211; Ambiente descontra\u00eddo e inclusivo que proporciona desenvolvimento pessoal e aprendizado constante.<\/p>\n<h4>Como se candidatar<\/h4>\n<p>Por favor enviar um e-mail com todas as informa\u00e7\u00f5es relevantes que puder fornecer sobre voc\u00ea: curr\u00edculo, Behance, Dribbble, Figma, LinkedIn, experi\u00eancia, etc. Favor enviar tamb\u00e9m a pretens\u00e3o salarial, caso tenha uma em mente.<\/p>\n<p>O e-mail deve ser enviado para <a href=\"mailto:vagas@ferreri.co\">vagas@ferreri.co<\/a> com o assunto no seguinte formato: &#8220;Nome &#8211; Especialidade&#8221;. Exemplo: &#8220;Jorge Silva &#8211; Design UX&#8221;.<\/p>\n","protected":false},"excerpt":{"rendered":"<p>A Ferreri \u00e9 uma software house que atua no desenvolvimento de produtos digitais para grandes empresas e startups. Fundada em 2015 por um grupo de s\u00f3cios-programadores, a empresa mant\u00e9m at\u00e9 hoje a paix\u00e3o em usar a tecnologia para a melhor resolu\u00e7\u00e3o de cada problema. Com um modelo de trabalho baseado no conhecimento do usu\u00e1rio, proximidade &hellip; <\/p>\n<p class=\"link-more\"><a href=\"https:\/\/utfpr.curitiba.br\/dadin\/?p=4417\" class=\"more-link\">Continue lendo<span class=\"screen-reader-text\"> &#8220;Vaga para Designer UX (s\u00eanior ou pleno) na Ferreri&#8221;<\/span><\/a><\/p>\n","protected":false},"author":62,"featured_media":0,"comment_status":"closed","ping_status":"closed","sticky":false,"template":"","format":"standard","meta":{"footnotes":""},"categories":[1],"tags":[],"class_list":["post-4417","post","type-post","status-publish","format-standard","hentry","category-sem-categoria"],"_links":{"self":[{"href":"https:\/\/utfpr.curitiba.br\/dadin\/index.php?rest_route=\/wp\/v2\/posts\/4417","targetHints":{"allow":["GET"]}}],"collection":[{"href":"https:\/\/utfpr.curitiba.br\/dadin\/index.php?rest_route=\/wp\/v2\/posts"}],"about":[{"href":"https:\/\/utfpr.curitiba.br\/dadin\/index.php?rest_route=\/wp\/v2\/types\/post"}],"author":[{"embeddable":true,"href":"https:\/\/utfpr.curitiba.br\/dadin\/index.php?rest_route=\/wp\/v2\/users\/62"}],"replies":[{"embeddable":true,"href":"https:\/\/utfpr.curitiba.br\/dadin\/index.php?rest_route=%2Fwp%2Fv2%2Fcomments&post=4417"}],"version-history":[{"count":1,"href":"https:\/\/utfpr.curitiba.br\/dadin\/index.php?rest_route=\/wp\/v2\/posts\/4417\/revisions"}],"predecessor-version":[{"id":4418,"href":"https:\/\/utfpr.curitiba.br\/dadin\/index.php?rest_route=\/wp\/v2\/posts\/4417\/revisions\/4418"}],"wp:attachment":[{"href":"https:\/\/utfpr.curitiba.br\/dadin\/index.php?rest_route=%2Fwp%2Fv2%2Fmedia&parent=4417"}],"wp:term":[{"taxonomy":"category","embeddable":true,"href":"https:\/\/utfpr.curitiba.br\/dadin\/index.php?rest_route=%2Fwp%2Fv2%2Fcategories&post=4417"},{"taxonomy":"post_tag","embeddable":true,"href":"https:\/\/utfpr.curitiba.br\/dadin\/index.php?rest_route=%2Fwp%2Fv2%2Ftags&post=4417"}],"curies":[{"name":"wp","href":"https:\/\/api.w.org\/{rel}","templated":true}]}}