{"id":4412,"date":"2021-05-05T15:21:15","date_gmt":"2021-05-05T18:21:15","guid":{"rendered":"https:\/\/dadin.ct.utfpr.edu.br\/?p=4412"},"modified":"2021-05-05T15:25:27","modified_gmt":"2021-05-05T18:25:27","slug":"conversa-sobre-o-oficio-de-costureira-e-a-costura-de-figurinos-com-nair-brandt-scheffler","status":"publish","type":"post","link":"https:\/\/utfpr.curitiba.br\/dadin\/?p=4412","title":{"rendered":"Conversa sobre: O of\u00edcio de costureira e a costura de figurinos, com Nair Brandt Scheffler"},"content":{"rendered":"<p><img fetchpriority=\"high\" decoding=\"async\" class=\"alignnone  wp-image-4413\" src=\"https:\/\/utfpr-ct-static-content.s3.amazonaws.com\/utfpr.curitiba.br\/wp-content\/uploads\/sites\/62\/2021\/05\/WhatsApp-Image-2021-05-05-at-15.01.45-300x300.jpeg\" alt=\"\" width=\"442\" height=\"442\" srcset=\"https:\/\/utfpr-ct-static-content.s3.amazonaws.com\/utfpr.curitiba.br\/wp-content\/uploads\/sites\/62\/2021\/05\/WhatsApp-Image-2021-05-05-at-15.01.45-300x300.jpeg 300w, https:\/\/utfpr-ct-static-content.s3.amazonaws.com\/utfpr.curitiba.br\/wp-content\/uploads\/sites\/62\/2021\/05\/WhatsApp-Image-2021-05-05-at-15.01.45-1024x1024.jpeg 1024w, https:\/\/utfpr-ct-static-content.s3.amazonaws.com\/utfpr.curitiba.br\/wp-content\/uploads\/sites\/62\/2021\/05\/WhatsApp-Image-2021-05-05-at-15.01.45-150x150.jpeg 150w, https:\/\/utfpr-ct-static-content.s3.amazonaws.com\/utfpr.curitiba.br\/wp-content\/uploads\/sites\/62\/2021\/05\/WhatsApp-Image-2021-05-05-at-15.01.45-768x768.jpeg 768w, https:\/\/utfpr-ct-static-content.s3.amazonaws.com\/utfpr.curitiba.br\/wp-content\/uploads\/sites\/62\/2021\/05\/WhatsApp-Image-2021-05-05-at-15.01.45-100x100.jpeg 100w, https:\/\/utfpr-ct-static-content.s3.amazonaws.com\/utfpr.curitiba.br\/wp-content\/uploads\/sites\/62\/2021\/05\/WhatsApp-Image-2021-05-05-at-15.01.45.jpeg 1080w\" sizes=\"(max-width: 442px) 100vw, 442px\" \/><\/p>\n<p>Trabalhando como costureira h\u00e1 mais de 50 anos, Nair Brandt Scheffler compartilhar\u00e1 suas experi\u00eancias e aprendizados neste of\u00edcio, tratando sobre diferentes contextos profissionais, materiais, equipamentos e processos de trabalho. Passando pelo vestu\u00e1rio e artesanato, a entrevistada tratar\u00e1 ainda sobre a costura de trajes art\u00edsticos, abordando com aten\u00e7\u00e3o figurinos para a dan\u00e7a e o teatro.<\/p>\n<p>Teatro em Pauta &#8211; TUT 2021 \u00e9 um projeto de extens\u00e3o realizado online em 2021. Diante do momento de pandemia e distanciamento social, o TUT &#8211; Teatro da UTFPR- campus Curitiba prop\u00f5e encontros virtuais e lives sobre tem\u00e1ticas relacionadas principalmente ao teatro, abrangendo tamb\u00e9m literatura, artes visuais, design e tem\u00e1ticas interdisciplinares. Inscreva-se na p\u00e1gina do evento https:\/\/www.even3.com.br\/tut2021\/ e selecione as atividades em que ir\u00e1 participar. Assim, voc\u00ea receber\u00e1 o link de cada encontro. Ser\u00e1 concedida declara\u00e7\u00e3o de participa\u00e7\u00e3o para cada atividade aos inscritos no site: https:\/\/www.even3.com.br\/tut2021\/ e que preencherem o formul\u00e1rio de presen\u00e7a divulgado a cada encontro.<\/p>\n<p>Assista diretamente no Youtube, em<strong> 05 de maio, \u00e0s 19h<\/strong>, participando pelo chat: <a href=\"https:\/\/youtu.be\/dQ_MLW-3eaI\">https:\/\/youtu.be\/dQ_MLW-3eaI<\/a><\/p>\n","protected":false},"excerpt":{"rendered":"<p>Trabalhando como costureira h\u00e1 mais de 50 anos, Nair Brandt Scheffler compartilhar\u00e1 suas experi\u00eancias e aprendizados neste of\u00edcio, tratando sobre diferentes contextos profissionais, materiais, equipamentos e processos de trabalho. Passando pelo vestu\u00e1rio e artesanato, a entrevistada tratar\u00e1 ainda sobre a costura de trajes art\u00edsticos, abordando com aten\u00e7\u00e3o figurinos para a dan\u00e7a e o teatro. Teatro &hellip; <\/p>\n<p class=\"link-more\"><a href=\"https:\/\/utfpr.curitiba.br\/dadin\/?p=4412\" class=\"more-link\">Continue lendo<span class=\"screen-reader-text\"> &#8220;Conversa sobre: O of\u00edcio de costureira e a costura de figurinos, com Nair Brandt Scheffler&#8221;<\/span><\/a><\/p>\n","protected":false},"author":62,"featured_media":0,"comment_status":"closed","ping_status":"closed","sticky":false,"template":"","format":"standard","meta":{"footnotes":""},"categories":[1],"tags":[],"class_list":["post-4412","post","type-post","status-publish","format-standard","hentry","category-sem-categoria"],"_links":{"self":[{"href":"https:\/\/utfpr.curitiba.br\/dadin\/index.php?rest_route=\/wp\/v2\/posts\/4412","targetHints":{"allow":["GET"]}}],"collection":[{"href":"https:\/\/utfpr.curitiba.br\/dadin\/index.php?rest_route=\/wp\/v2\/posts"}],"about":[{"href":"https:\/\/utfpr.curitiba.br\/dadin\/index.php?rest_route=\/wp\/v2\/types\/post"}],"author":[{"embeddable":true,"href":"https:\/\/utfpr.curitiba.br\/dadin\/index.php?rest_route=\/wp\/v2\/users\/62"}],"replies":[{"embeddable":true,"href":"https:\/\/utfpr.curitiba.br\/dadin\/index.php?rest_route=%2Fwp%2Fv2%2Fcomments&post=4412"}],"version-history":[{"count":2,"href":"https:\/\/utfpr.curitiba.br\/dadin\/index.php?rest_route=\/wp\/v2\/posts\/4412\/revisions"}],"predecessor-version":[{"id":4415,"href":"https:\/\/utfpr.curitiba.br\/dadin\/index.php?rest_route=\/wp\/v2\/posts\/4412\/revisions\/4415"}],"wp:attachment":[{"href":"https:\/\/utfpr.curitiba.br\/dadin\/index.php?rest_route=%2Fwp%2Fv2%2Fmedia&parent=4412"}],"wp:term":[{"taxonomy":"category","embeddable":true,"href":"https:\/\/utfpr.curitiba.br\/dadin\/index.php?rest_route=%2Fwp%2Fv2%2Fcategories&post=4412"},{"taxonomy":"post_tag","embeddable":true,"href":"https:\/\/utfpr.curitiba.br\/dadin\/index.php?rest_route=%2Fwp%2Fv2%2Ftags&post=4412"}],"curies":[{"name":"wp","href":"https:\/\/api.w.org\/{rel}","templated":true}]}}