{"id":4406,"date":"2021-05-03T17:03:44","date_gmt":"2021-05-03T20:03:44","guid":{"rendered":"https:\/\/dadin.ct.utfpr.edu.br\/?p=4406"},"modified":"2021-05-03T17:04:02","modified_gmt":"2021-05-03T20:04:02","slug":"vaga-de-estagio-em-arte-finalizacao","status":"publish","type":"post","link":"https:\/\/utfpr.curitiba.br\/dadin\/?p=4406","title":{"rendered":"Vaga de est\u00e1gio em Arte-Finaliza\u00e7\u00e3o"},"content":{"rendered":"\t\t<div data-elementor-type=\"wp-post\" data-elementor-id=\"4406\" class=\"elementor elementor-4406\">\n\t\t\t\t\t\t<section class=\"elementor-section elementor-top-section elementor-element elementor-element-75a1b01b elementor-section-boxed elementor-section-height-default elementor-section-height-default\" data-id=\"75a1b01b\" data-element_type=\"section\" data-e-type=\"section\">\n\t\t\t\t\t\t<div class=\"elementor-container elementor-column-gap-default\">\n\t\t\t\t\t<div class=\"elementor-column elementor-col-100 elementor-top-column elementor-element elementor-element-72e7e680\" data-id=\"72e7e680\" data-element_type=\"column\" data-e-type=\"column\">\n\t\t\t<div class=\"elementor-widget-wrap elementor-element-populated\">\n\t\t\t\t\t\t<div class=\"elementor-element elementor-element-43836dd6 elementor-widget elementor-widget-text-editor\" data-id=\"43836dd6\" data-element_type=\"widget\" data-e-type=\"widget\" data-widget_type=\"text-editor.default\">\n\t\t\t\t<div class=\"elementor-widget-container\">\n\t\t\t\t\t\t\t\t\tA We Art est\u00e1 contratando estagi\u00e1rio em Arte-Finaliza\u00e7\u00e3o, para servi\u00e7o presencial no bairro \u00c1gua Verde, em Curitiba\/PR. Confira os r<span class=\"JsGRdQ\">equisitos:<\/span>\n<ul>\n \t<li style=\"list-style-type: none;\">\n<ul>\n \t<li><span class=\"JsGRdQ\">Cursar Design de Produtos ou Design Gr\u00e1fico.<\/span><\/li>\n \t<li><span class=\"JsGRdQ\">Valor da bolsa:<\/span><span class=\"JsGRdQ\"> R$800<\/span><\/li>\n \t<li><span class=\"JsGRdQ\">Benef\u00edcios: <\/span><span class=\"JsGRdQ\">vale-transporte<\/span><\/li>\n \t<li><span class=\"JsGRdQ\">Hor\u00e1rio: <\/span><span class=\"JsGRdQ\">08h-14h<\/span><\/li>\n \t<li><span class=\"JsGRdQ\">Local: <\/span><span class=\"JsGRdQ\">\u00c1gua Verde &#8211; Curitiba\/PR<\/span><\/li>\n<\/ul>\n<\/li>\n<\/ul>\nPara mais informa\u00e7\u00f5es acesse o <a href=\"https:\/\/iel-pr.horadoestagio.com.br\/iel\/VagaCandidatoDetalhes.aspx?VagaId=324\">site.<\/a>\t\t\t\t\t\t\t\t<\/div>\n\t\t\t\t<\/div>\n\t\t\t\t\t<\/div>\n\t\t<\/div>\n\t\t\t\t\t<\/div>\n\t\t<\/section>\n\t\t\t\t<\/div>\n\t\t","protected":false},"excerpt":{"rendered":"<p>A We Art est\u00e1 contratando estagi\u00e1rio em Arte-Finaliza\u00e7\u00e3o, para servi\u00e7o presencial no bairro \u00c1gua Verde, em Curitiba\/PR. Confira os requisitos: Cursar Design de Produtos ou Design Gr\u00e1fico. Valor da bolsa: R$800 Benef\u00edcios: vale-transporte Hor\u00e1rio: 08h-14h Local: \u00c1gua Verde &#8211; Curitiba\/PR Para mais informa\u00e7\u00f5es acesse o site.<\/p>\n","protected":false},"author":62,"featured_media":0,"comment_status":"closed","ping_status":"closed","sticky":false,"template":"","format":"standard","meta":{"footnotes":""},"categories":[1],"tags":[],"class_list":["post-4406","post","type-post","status-publish","format-standard","hentry","category-sem-categoria"],"_links":{"self":[{"href":"https:\/\/utfpr.curitiba.br\/dadin\/index.php?rest_route=\/wp\/v2\/posts\/4406","targetHints":{"allow":["GET"]}}],"collection":[{"href":"https:\/\/utfpr.curitiba.br\/dadin\/index.php?rest_route=\/wp\/v2\/posts"}],"about":[{"href":"https:\/\/utfpr.curitiba.br\/dadin\/index.php?rest_route=\/wp\/v2\/types\/post"}],"author":[{"embeddable":true,"href":"https:\/\/utfpr.curitiba.br\/dadin\/index.php?rest_route=\/wp\/v2\/users\/62"}],"replies":[{"embeddable":true,"href":"https:\/\/utfpr.curitiba.br\/dadin\/index.php?rest_route=%2Fwp%2Fv2%2Fcomments&post=4406"}],"version-history":[{"count":3,"href":"https:\/\/utfpr.curitiba.br\/dadin\/index.php?rest_route=\/wp\/v2\/posts\/4406\/revisions"}],"predecessor-version":[{"id":4409,"href":"https:\/\/utfpr.curitiba.br\/dadin\/index.php?rest_route=\/wp\/v2\/posts\/4406\/revisions\/4409"}],"wp:attachment":[{"href":"https:\/\/utfpr.curitiba.br\/dadin\/index.php?rest_route=%2Fwp%2Fv2%2Fmedia&parent=4406"}],"wp:term":[{"taxonomy":"category","embeddable":true,"href":"https:\/\/utfpr.curitiba.br\/dadin\/index.php?rest_route=%2Fwp%2Fv2%2Fcategories&post=4406"},{"taxonomy":"post_tag","embeddable":true,"href":"https:\/\/utfpr.curitiba.br\/dadin\/index.php?rest_route=%2Fwp%2Fv2%2Ftags&post=4406"}],"curies":[{"name":"wp","href":"https:\/\/api.w.org\/{rel}","templated":true}]}}