{"id":4223,"date":"2021-04-16T20:45:01","date_gmt":"2021-04-16T23:45:01","guid":{"rendered":"https:\/\/dadin.ct.utfpr.edu.br\/?p=4223"},"modified":"2021-04-16T20:49:59","modified_gmt":"2021-04-16T23:49:59","slug":"4223","status":"publish","type":"post","link":"https:\/\/utfpr.curitiba.br\/dadin\/?p=4223","title":{"rendered":"FASHION REVOLUTION &#8211; 19\/04"},"content":{"rendered":"\t\t<div data-elementor-type=\"wp-post\" data-elementor-id=\"4223\" class=\"elementor elementor-4223\">\n\t\t\t\t\t\t<section class=\"elementor-section elementor-top-section elementor-element elementor-element-2c356508 elementor-section-boxed elementor-section-height-default elementor-section-height-default\" data-id=\"2c356508\" data-element_type=\"section\" data-e-type=\"section\">\n\t\t\t\t\t\t<div class=\"elementor-container elementor-column-gap-default\">\n\t\t\t\t\t<div class=\"elementor-column elementor-col-100 elementor-top-column elementor-element elementor-element-7ad41725\" data-id=\"7ad41725\" data-element_type=\"column\" data-e-type=\"column\">\n\t\t\t<div class=\"elementor-widget-wrap elementor-element-populated\">\n\t\t\t\t\t\t<div class=\"elementor-element elementor-element-612ef871 elementor-widget elementor-widget-text-editor\" data-id=\"612ef871\" data-element_type=\"widget\" data-e-type=\"widget\" data-widget_type=\"text-editor.default\">\n\t\t\t\t<div class=\"elementor-widget-container\">\n\t\t\t\t\t\t\t\t\t<p>Iniciando nossa programa\u00e7\u00e3o temos a live O PANORAMA DO DESIGN DE MODA NAS UNIVERSIDADES, com:<br \/>Valeska Nakad &#8211; Belas Artes-SP<br \/>Edson Korner &#8211; SENAI-PR<br \/>Adriane Linhares &#8211; UNICURITIBA<br \/>H\u00e9lcio Fabri &#8211; Universidade Positivo<br \/>Patr\u00edcia Almeida &#8211; UTFPR-Apucarana<\/p><p>Vamos conversar sobre ensino, pesquisa, extens\u00e3o do design de moda. A transmiss\u00e3o ser\u00e1 pelo canal no YouTube T\u00e3o longe T\u00e3o Perto.<\/p><p><a href=\"https:\/\/www.youtube.com\/watch?v=3i_AXAqV8fU\">https:\/\/www.youtube.com\/watch?v=3i_AXAqV8fU<\/a><\/p><p>#FashionRevolution #QuemFezMinhasRoupas #DoQueS\u00e3oFeitasMinhasRoupas #DeModa #UTFPR #DADIN #TaoLongeTaoPerto<\/p><p><img fetchpriority=\"high\" decoding=\"async\" class=\"wp-image-4225 size-medium aligncenter\" style=\"font-size: 1rem;\" src=\"https:\/\/utfpr-ct-static-content.s3.amazonaws.com\/dadin.ct.utfpr.edu.br\/wp-content\/uploads\/2021\/04\/WhatsApp-Image-2021-04-16-at-18.31.47-300x300.jpeg\" alt=\"\" width=\"300\" height=\"300\" srcset=\"https:\/\/utfpr-ct-static-content.s3.amazonaws.com\/utfpr.curitiba.br\/wp-content\/uploads\/sites\/62\/2021\/04\/WhatsApp-Image-2021-04-16-at-18.31.47-300x300.jpeg 300w, https:\/\/utfpr-ct-static-content.s3.amazonaws.com\/utfpr.curitiba.br\/wp-content\/uploads\/sites\/62\/2021\/04\/WhatsApp-Image-2021-04-16-at-18.31.47-1024x1024.jpeg 1024w, https:\/\/utfpr-ct-static-content.s3.amazonaws.com\/utfpr.curitiba.br\/wp-content\/uploads\/sites\/62\/2021\/04\/WhatsApp-Image-2021-04-16-at-18.31.47-150x150.jpeg 150w, https:\/\/utfpr-ct-static-content.s3.amazonaws.com\/utfpr.curitiba.br\/wp-content\/uploads\/sites\/62\/2021\/04\/WhatsApp-Image-2021-04-16-at-18.31.47-768x768.jpeg 768w, https:\/\/utfpr-ct-static-content.s3.amazonaws.com\/utfpr.curitiba.br\/wp-content\/uploads\/sites\/62\/2021\/04\/WhatsApp-Image-2021-04-16-at-18.31.47-100x100.jpeg 100w, https:\/\/utfpr-ct-static-content.s3.amazonaws.com\/utfpr.curitiba.br\/wp-content\/uploads\/sites\/62\/2021\/04\/WhatsApp-Image-2021-04-16-at-18.31.47.jpeg 1080w\" sizes=\"(max-width: 300px) 100vw, 300px\" \/><span style=\"font-size: 1rem;\">\u00a0<\/span><img decoding=\"async\" class=\"wp-image-4224 size-medium aligncenter\" style=\"font-size: 1rem;\" src=\"https:\/\/utfpr-ct-static-content.s3.amazonaws.com\/dadin.ct.utfpr.edu.br\/wp-content\/uploads\/2021\/04\/WhatsApp-Image-2021-04-16-at-18.31.48-300x300.jpeg\" alt=\"\" width=\"300\" height=\"300\" srcset=\"https:\/\/utfpr-ct-static-content.s3.amazonaws.com\/utfpr.curitiba.br\/wp-content\/uploads\/sites\/62\/2021\/04\/WhatsApp-Image-2021-04-16-at-18.31.48-300x300.jpeg 300w, https:\/\/utfpr-ct-static-content.s3.amazonaws.com\/utfpr.curitiba.br\/wp-content\/uploads\/sites\/62\/2021\/04\/WhatsApp-Image-2021-04-16-at-18.31.48-150x150.jpeg 150w, https:\/\/utfpr-ct-static-content.s3.amazonaws.com\/utfpr.curitiba.br\/wp-content\/uploads\/sites\/62\/2021\/04\/WhatsApp-Image-2021-04-16-at-18.31.48-100x100.jpeg 100w, https:\/\/utfpr-ct-static-content.s3.amazonaws.com\/utfpr.curitiba.br\/wp-content\/uploads\/sites\/62\/2021\/04\/WhatsApp-Image-2021-04-16-at-18.31.48.jpeg 566w\" sizes=\"(max-width: 300px) 100vw, 300px\" \/><\/p>\t\t\t\t\t\t\t\t<\/div>\n\t\t\t\t<\/div>\n\t\t\t\t\t<\/div>\n\t\t<\/div>\n\t\t\t\t\t<\/div>\n\t\t<\/section>\n\t\t\t\t<\/div>\n\t\t","protected":false},"excerpt":{"rendered":"<p>Iniciando nossa programa\u00e7\u00e3o temos a live O PANORAMA DO DESIGN DE MODA NAS UNIVERSIDADES, com:Valeska Nakad &#8211; Belas Artes-SPEdson Korner &#8211; SENAI-PRAdriane Linhares &#8211; UNICURITIBAH\u00e9lcio Fabri &#8211; Universidade PositivoPatr\u00edcia Almeida &#8211; UTFPR-Apucarana Vamos conversar sobre ensino, pesquisa, extens\u00e3o do design de moda. A transmiss\u00e3o ser\u00e1 pelo canal no YouTube T\u00e3o longe T\u00e3o Perto. https:\/\/www.youtube.com\/watch?v=3i_AXAqV8fU #FashionRevolution &hellip; <\/p>\n<p class=\"link-more\"><a href=\"https:\/\/utfpr.curitiba.br\/dadin\/?p=4223\" class=\"more-link\">Continue lendo<span class=\"screen-reader-text\"> &#8220;FASHION REVOLUTION &#8211; 19\/04&#8221;<\/span><\/a><\/p>\n","protected":false},"author":35,"featured_media":0,"comment_status":"closed","ping_status":"closed","sticky":false,"template":"","format":"standard","meta":{"footnotes":""},"categories":[1],"tags":[],"class_list":["post-4223","post","type-post","status-publish","format-standard","hentry","category-sem-categoria"],"_links":{"self":[{"href":"https:\/\/utfpr.curitiba.br\/dadin\/index.php?rest_route=\/wp\/v2\/posts\/4223","targetHints":{"allow":["GET"]}}],"collection":[{"href":"https:\/\/utfpr.curitiba.br\/dadin\/index.php?rest_route=\/wp\/v2\/posts"}],"about":[{"href":"https:\/\/utfpr.curitiba.br\/dadin\/index.php?rest_route=\/wp\/v2\/types\/post"}],"author":[{"embeddable":true,"href":"https:\/\/utfpr.curitiba.br\/dadin\/index.php?rest_route=\/wp\/v2\/users\/35"}],"replies":[{"embeddable":true,"href":"https:\/\/utfpr.curitiba.br\/dadin\/index.php?rest_route=%2Fwp%2Fv2%2Fcomments&post=4223"}],"version-history":[{"count":11,"href":"https:\/\/utfpr.curitiba.br\/dadin\/index.php?rest_route=\/wp\/v2\/posts\/4223\/revisions"}],"predecessor-version":[{"id":4236,"href":"https:\/\/utfpr.curitiba.br\/dadin\/index.php?rest_route=\/wp\/v2\/posts\/4223\/revisions\/4236"}],"wp:attachment":[{"href":"https:\/\/utfpr.curitiba.br\/dadin\/index.php?rest_route=%2Fwp%2Fv2%2Fmedia&parent=4223"}],"wp:term":[{"taxonomy":"category","embeddable":true,"href":"https:\/\/utfpr.curitiba.br\/dadin\/index.php?rest_route=%2Fwp%2Fv2%2Fcategories&post=4223"},{"taxonomy":"post_tag","embeddable":true,"href":"https:\/\/utfpr.curitiba.br\/dadin\/index.php?rest_route=%2Fwp%2Fv2%2Ftags&post=4223"}],"curies":[{"name":"wp","href":"https:\/\/api.w.org\/{rel}","templated":true}]}}