{"id":4004,"date":"2021-04-12T16:14:31","date_gmt":"2021-04-12T19:14:31","guid":{"rendered":"https:\/\/dadin.ct.utfpr.edu.br\/?p=4004"},"modified":"2021-04-12T16:14:31","modified_gmt":"2021-04-12T19:14:31","slug":"mesa-redonda-genero-domesticidades-em-representacoes-midiaticas","status":"publish","type":"post","link":"https:\/\/utfpr.curitiba.br\/dadin\/?p=4004","title":{"rendered":"Mesa-redonda &#8211; G\u00eanero &#038; Domesticidades em Representa\u00e7\u00f5es Midi\u00e1ticas"},"content":{"rendered":"<p><img fetchpriority=\"high\" decoding=\"async\" class=\"alignnone  wp-image-4005\" src=\"https:\/\/utfpr-ct-static-content.s3.amazonaws.com\/utfpr.curitiba.br\/wp-content\/uploads\/sites\/62\/2021\/04\/100061900920_109922-240x300.jpg\" alt=\"\" width=\"392\" height=\"490\" srcset=\"https:\/\/utfpr-ct-static-content.s3.amazonaws.com\/utfpr.curitiba.br\/wp-content\/uploads\/sites\/62\/2021\/04\/100061900920_109922-240x300.jpg 240w, https:\/\/utfpr-ct-static-content.s3.amazonaws.com\/utfpr.curitiba.br\/wp-content\/uploads\/sites\/62\/2021\/04\/100061900920_109922-820x1024.jpg 820w, https:\/\/utfpr-ct-static-content.s3.amazonaws.com\/utfpr.curitiba.br\/wp-content\/uploads\/sites\/62\/2021\/04\/100061900920_109922-768x959.jpg 768w, https:\/\/utfpr-ct-static-content.s3.amazonaws.com\/utfpr.curitiba.br\/wp-content\/uploads\/sites\/62\/2021\/04\/100061900920_109922.jpg 959w\" sizes=\"(max-width: 392px) 100vw, 392px\" \/><\/p>\n<p>A mesa-redonda, a ser realizada em <strong>14 de abril \u00e0s 14h<\/strong>, marca o in\u00edcio das atividades de 2021 do grupo de pesquisa de <strong>Design &amp; Cultura<\/strong> do PPGTE\/UTFPR.<\/p>\n<p><a href=\"http:\/\/meet.jit.si\/mesa_genero_domesticidades_midia_MC_PPGTE\">Link de acesso<\/a><\/p>\n<p>&nbsp;<\/p>\n","protected":false},"excerpt":{"rendered":"<p>A mesa-redonda, a ser realizada em 14 de abril \u00e0s 14h, marca o in\u00edcio das atividades de 2021 do grupo de pesquisa de Design &amp; Cultura do PPGTE\/UTFPR. Link de acesso &nbsp;<\/p>\n","protected":false},"author":62,"featured_media":0,"comment_status":"closed","ping_status":"closed","sticky":false,"template":"","format":"standard","meta":{"footnotes":""},"categories":[53],"tags":[],"class_list":["post-4004","post","type-post","status-publish","format-standard","hentry","category-eventos-design"],"_links":{"self":[{"href":"https:\/\/utfpr.curitiba.br\/dadin\/index.php?rest_route=\/wp\/v2\/posts\/4004","targetHints":{"allow":["GET"]}}],"collection":[{"href":"https:\/\/utfpr.curitiba.br\/dadin\/index.php?rest_route=\/wp\/v2\/posts"}],"about":[{"href":"https:\/\/utfpr.curitiba.br\/dadin\/index.php?rest_route=\/wp\/v2\/types\/post"}],"author":[{"embeddable":true,"href":"https:\/\/utfpr.curitiba.br\/dadin\/index.php?rest_route=\/wp\/v2\/users\/62"}],"replies":[{"embeddable":true,"href":"https:\/\/utfpr.curitiba.br\/dadin\/index.php?rest_route=%2Fwp%2Fv2%2Fcomments&post=4004"}],"version-history":[{"count":2,"href":"https:\/\/utfpr.curitiba.br\/dadin\/index.php?rest_route=\/wp\/v2\/posts\/4004\/revisions"}],"predecessor-version":[{"id":4007,"href":"https:\/\/utfpr.curitiba.br\/dadin\/index.php?rest_route=\/wp\/v2\/posts\/4004\/revisions\/4007"}],"wp:attachment":[{"href":"https:\/\/utfpr.curitiba.br\/dadin\/index.php?rest_route=%2Fwp%2Fv2%2Fmedia&parent=4004"}],"wp:term":[{"taxonomy":"category","embeddable":true,"href":"https:\/\/utfpr.curitiba.br\/dadin\/index.php?rest_route=%2Fwp%2Fv2%2Fcategories&post=4004"},{"taxonomy":"post_tag","embeddable":true,"href":"https:\/\/utfpr.curitiba.br\/dadin\/index.php?rest_route=%2Fwp%2Fv2%2Ftags&post=4004"}],"curies":[{"name":"wp","href":"https:\/\/api.w.org\/{rel}","templated":true}]}}