{"id":3847,"date":"2021-03-18T19:39:46","date_gmt":"2021-03-18T19:39:46","guid":{"rendered":"https:\/\/dadin.ct.utfpr.edu.br\/?p=3847"},"modified":"2021-03-18T19:50:33","modified_gmt":"2021-03-18T19:50:33","slug":"oportunidade-de-estagio-em-comunicacao-institucional","status":"publish","type":"post","link":"https:\/\/utfpr.curitiba.br\/dadin\/?p=3847","title":{"rendered":"Oportunidade de est\u00e1gio em Comunica\u00e7\u00e3o Institucional"},"content":{"rendered":"<p>Oportunidade no time de RH da Hilab, em Curitiba, cuidando de Comunica\u00e7\u00e3o Institucional e Employee Branding. Atuando desde o desenvolvimento de estrat\u00e9gias at\u00e9 a execu\u00e7\u00e3o das mesmas. A vaga \u00e9 destinada a estudantes de Design, Marketing, Comunica\u00e7\u00e3o Organizacional, Publicidade e \u00e1reas correlatas, para trabalho presencial, preferencialmente a partir do pen\u00faltimo ano de curso.<\/p>\n<p><strong>Requisitos:<\/strong><br \/>\n\u2022 Ensino superior em curso nas \u00e1reas de Design, Marketing, Comunica\u00e7\u00e3o ou correlatas;<br \/>\n\u2022 Interesse em atuar junto \u00e0 \u00c1rea de Gente com Employee Branding e Comunica\u00e7\u00e3o Institucional;<br \/>\n\u2022 Experi\u00eancia ou habilidade em cria\u00e7\u00e3o de conte\u00fado;<br \/>\n\u2022 Experi\u00eancia ou habilidade em design gr\u00e1fico.<\/p>\n<p><strong>Atividades:<\/strong><br \/>\n\u2022 Desenvolvimento junto ao time do plano de Comunica\u00e7\u00e3o Interna;<br \/>\n\u2022 Desenvolvimento junto ao time das estrat\u00e9gias de Employee Branding;<br \/>\n\u2022 Cria\u00e7\u00e3o de conte\u00fado para nossos canais de comunica\u00e7\u00e3o;<br \/>\n\u2022 Cria\u00e7\u00e3o de materiais diversos como v\u00eddeos, banners, etc.<\/p>\n<p><strong>Inscri\u00e7\u00f5es:<br \/>\n<\/strong>\u2022 No site <a href=\"https:\/\/hilab.gupy.io\/\">https:\/\/hilab.gupy.io\/<\/a>, ou;<br \/>\n\u2022 Enviar de curr\u00edculo e portf\u00f3lio atrav\u00e9s do e-mail <a href=\"mailto:rh@hitechnologies.com.br\">rh@hitechnologies.com.br<\/a><\/p>\n<p><img fetchpriority=\"high\" decoding=\"async\" class=\"alignnone  wp-image-3851\" src=\"https:\/\/utfpr-ct-static-content.s3.amazonaws.com\/utfpr.curitiba.br\/wp-content\/uploads\/sites\/62\/2021\/03\/Estagio-Comunicacao-Institucional-1-1-300x300.jpg\" alt=\"\" width=\"600\" height=\"600\" srcset=\"https:\/\/utfpr-ct-static-content.s3.amazonaws.com\/utfpr.curitiba.br\/wp-content\/uploads\/sites\/62\/2021\/03\/Estagio-Comunicacao-Institucional-1-1-300x300.jpg 300w, https:\/\/utfpr-ct-static-content.s3.amazonaws.com\/utfpr.curitiba.br\/wp-content\/uploads\/sites\/62\/2021\/03\/Estagio-Comunicacao-Institucional-1-1-1024x1024.jpg 1024w, https:\/\/utfpr-ct-static-content.s3.amazonaws.com\/utfpr.curitiba.br\/wp-content\/uploads\/sites\/62\/2021\/03\/Estagio-Comunicacao-Institucional-1-1-150x150.jpg 150w, https:\/\/utfpr-ct-static-content.s3.amazonaws.com\/utfpr.curitiba.br\/wp-content\/uploads\/sites\/62\/2021\/03\/Estagio-Comunicacao-Institucional-1-1-768x768.jpg 768w, https:\/\/utfpr-ct-static-content.s3.amazonaws.com\/utfpr.curitiba.br\/wp-content\/uploads\/sites\/62\/2021\/03\/Estagio-Comunicacao-Institucional-1-1-1536x1536.jpg 1536w, https:\/\/utfpr-ct-static-content.s3.amazonaws.com\/utfpr.curitiba.br\/wp-content\/uploads\/sites\/62\/2021\/03\/Estagio-Comunicacao-Institucional-1-1-2048x2048.jpg 2048w, https:\/\/utfpr-ct-static-content.s3.amazonaws.com\/utfpr.curitiba.br\/wp-content\/uploads\/sites\/62\/2021\/03\/Estagio-Comunicacao-Institucional-1-1-100x100.jpg 100w\" sizes=\"(max-width: 600px) 100vw, 600px\" \/><\/p>\n","protected":false},"excerpt":{"rendered":"<p>Oportunidade no time de RH da Hilab, em Curitiba, cuidando de Comunica\u00e7\u00e3o Institucional e Employee Branding. Atuando desde o desenvolvimento de estrat\u00e9gias at\u00e9 a execu\u00e7\u00e3o das mesmas. A vaga \u00e9 destinada a estudantes de Design, Marketing, Comunica\u00e7\u00e3o Organizacional, Publicidade e \u00e1reas correlatas, para trabalho presencial, preferencialmente a partir do pen\u00faltimo ano de curso. Requisitos: \u2022 &hellip; <\/p>\n<p class=\"link-more\"><a href=\"https:\/\/utfpr.curitiba.br\/dadin\/?p=3847\" class=\"more-link\">Continue lendo<span class=\"screen-reader-text\"> &#8220;Oportunidade de est\u00e1gio em Comunica\u00e7\u00e3o Institucional&#8221;<\/span><\/a><\/p>\n","protected":false},"author":30,"featured_media":0,"comment_status":"closed","ping_status":"closed","sticky":false,"template":"","format":"standard","meta":{"footnotes":""},"categories":[1],"tags":[],"class_list":["post-3847","post","type-post","status-publish","format-standard","hentry","category-sem-categoria"],"_links":{"self":[{"href":"https:\/\/utfpr.curitiba.br\/dadin\/index.php?rest_route=\/wp\/v2\/posts\/3847","targetHints":{"allow":["GET"]}}],"collection":[{"href":"https:\/\/utfpr.curitiba.br\/dadin\/index.php?rest_route=\/wp\/v2\/posts"}],"about":[{"href":"https:\/\/utfpr.curitiba.br\/dadin\/index.php?rest_route=\/wp\/v2\/types\/post"}],"author":[{"embeddable":true,"href":"https:\/\/utfpr.curitiba.br\/dadin\/index.php?rest_route=\/wp\/v2\/users\/30"}],"replies":[{"embeddable":true,"href":"https:\/\/utfpr.curitiba.br\/dadin\/index.php?rest_route=%2Fwp%2Fv2%2Fcomments&post=3847"}],"version-history":[{"count":8,"href":"https:\/\/utfpr.curitiba.br\/dadin\/index.php?rest_route=\/wp\/v2\/posts\/3847\/revisions"}],"predecessor-version":[{"id":3856,"href":"https:\/\/utfpr.curitiba.br\/dadin\/index.php?rest_route=\/wp\/v2\/posts\/3847\/revisions\/3856"}],"wp:attachment":[{"href":"https:\/\/utfpr.curitiba.br\/dadin\/index.php?rest_route=%2Fwp%2Fv2%2Fmedia&parent=3847"}],"wp:term":[{"taxonomy":"category","embeddable":true,"href":"https:\/\/utfpr.curitiba.br\/dadin\/index.php?rest_route=%2Fwp%2Fv2%2Fcategories&post=3847"},{"taxonomy":"post_tag","embeddable":true,"href":"https:\/\/utfpr.curitiba.br\/dadin\/index.php?rest_route=%2Fwp%2Fv2%2Ftags&post=3847"}],"curies":[{"name":"wp","href":"https:\/\/api.w.org\/{rel}","templated":true}]}}