{"id":3821,"date":"2021-03-15T20:22:51","date_gmt":"2021-03-15T20:22:51","guid":{"rendered":"https:\/\/dadin.ct.utfpr.edu.br\/?p=3821"},"modified":"2021-03-15T20:22:51","modified_gmt":"2021-03-15T20:22:51","slug":"seja-estagiarioa-de-design-na-sb-credito","status":"publish","type":"post","link":"https:\/\/utfpr.curitiba.br\/dadin\/?p=3821","title":{"rendered":"Seja estagi\u00e1rio(a) de design na SB Cr\u00e9dito"},"content":{"rendered":"<div>\n<p><span lang=\"pt-BR\">Se voc\u00ea \u00e9 uma pessoa criativa e tem vontade de aprender, a SB Cr\u00e9dito \u00e9 o seu lugar<\/span><span lang=\"pt-BR\">!\u00a0<\/span><\/p>\n<\/div>\n<div>\n<p><span lang=\"pt-BR\">L\u00e1 voc\u00ea vai ter um papel muito importante: vai atuar na cria\u00e7\u00e3o de pe\u00e7as gr\u00e1ficas para redes sociais e materiais de comunica\u00e7\u00e3o internos e externos; <\/span><span lang=\"pt-BR\">vai\u00a0<\/span><span lang=\"pt-BR\">prestar apoio na execu\u00e7\u00e3o de atividades de marketing e comunica\u00e7\u00e3o\u00a0<\/span><span lang=\"pt-BR\">e participar de reuni\u00f5es e acompanhar o desenvolvimento de trabalhos efetuados pelas ag\u00eancias.<\/span><\/p>\n<\/div>\n<div>\n<p><span lang=\"pt-BR\">Para fazer parte d<\/span><span lang=\"pt-BR\">o<\/span><span lang=\"pt-BR\">\u00a0<\/span><span lang=\"pt-BR\">inovador\u00a0<\/span><span lang=\"pt-BR\">time<\/span><span lang=\"pt-BR\">\u00a0de Marketing da SB<\/span><span lang=\"pt-BR\">,<\/span><span lang=\"pt-BR\">\u00a0\u00e9 preciso que voc\u00ea esteja cursando Design, Publicidade e Propaganda, Marketing, Comunica\u00e7\u00e3o Social ou \u00e1reas afins; tenha experi\u00eancia na cria\u00e7\u00e3o de pe\u00e7as gr\u00e1ficas e tenha habilidades em ferramentas como Phot<\/span><span lang=\"pt-BR\">oshop e Illustrator. Voc\u00ea vai se destacar ainda mais se tiver conhecimentos em edi\u00e7\u00e3o de v\u00eddeo.\u00a0<\/span><\/p>\n<\/div>\n<div>\n<p><span lang=\"pt-BR\">Para se candidatar \u00e9 s\u00f3 enviar o seu curr\u00edculo e portf\u00f3lio!\u00a0<\/span><\/p>\n<\/div>\n<div>\n<p><a href=\"https:\/\/sbcredito.com.br\/trabalhe-com-a-gente\/\" target=\"_blank\" rel=\"noopener noreferrer\" data-saferedirecturl=\"https:\/\/www.google.com\/url?q=https:\/\/sbcredito.com.br\/trabalhe-com-a-gente\/&amp;source=gmail&amp;ust=1615896174620000&amp;usg=AFQjCNFVpltZ-OuXXywKvgK48pgGbthndQ\"><span lang=\"pt-BR\">https:\/\/sbcredito.com.br\/<wbr \/>trabalhe-com-a-gente\/<\/span>\u00a0<\/a><\/p>\n<\/div>\n","protected":false},"excerpt":{"rendered":"<p>Se voc\u00ea \u00e9 uma pessoa criativa e tem vontade de aprender, a SB Cr\u00e9dito \u00e9 o seu lugar!\u00a0 L\u00e1 voc\u00ea vai ter um papel muito importante: vai atuar na cria\u00e7\u00e3o de pe\u00e7as gr\u00e1ficas para redes sociais e materiais de comunica\u00e7\u00e3o internos e externos; vai\u00a0prestar apoio na execu\u00e7\u00e3o de atividades de marketing e comunica\u00e7\u00e3o\u00a0e participar de &hellip; <\/p>\n<p class=\"link-more\"><a href=\"https:\/\/utfpr.curitiba.br\/dadin\/?p=3821\" class=\"more-link\">Continue lendo<span class=\"screen-reader-text\"> &#8220;Seja estagi\u00e1rio(a) de design na SB Cr\u00e9dito&#8221;<\/span><\/a><\/p>\n","protected":false},"author":35,"featured_media":0,"comment_status":"closed","ping_status":"closed","sticky":false,"template":"","format":"standard","meta":{"footnotes":""},"categories":[1],"tags":[],"class_list":["post-3821","post","type-post","status-publish","format-standard","hentry","category-sem-categoria"],"_links":{"self":[{"href":"https:\/\/utfpr.curitiba.br\/dadin\/index.php?rest_route=\/wp\/v2\/posts\/3821","targetHints":{"allow":["GET"]}}],"collection":[{"href":"https:\/\/utfpr.curitiba.br\/dadin\/index.php?rest_route=\/wp\/v2\/posts"}],"about":[{"href":"https:\/\/utfpr.curitiba.br\/dadin\/index.php?rest_route=\/wp\/v2\/types\/post"}],"author":[{"embeddable":true,"href":"https:\/\/utfpr.curitiba.br\/dadin\/index.php?rest_route=\/wp\/v2\/users\/35"}],"replies":[{"embeddable":true,"href":"https:\/\/utfpr.curitiba.br\/dadin\/index.php?rest_route=%2Fwp%2Fv2%2Fcomments&post=3821"}],"version-history":[{"count":1,"href":"https:\/\/utfpr.curitiba.br\/dadin\/index.php?rest_route=\/wp\/v2\/posts\/3821\/revisions"}],"predecessor-version":[{"id":3822,"href":"https:\/\/utfpr.curitiba.br\/dadin\/index.php?rest_route=\/wp\/v2\/posts\/3821\/revisions\/3822"}],"wp:attachment":[{"href":"https:\/\/utfpr.curitiba.br\/dadin\/index.php?rest_route=%2Fwp%2Fv2%2Fmedia&parent=3821"}],"wp:term":[{"taxonomy":"category","embeddable":true,"href":"https:\/\/utfpr.curitiba.br\/dadin\/index.php?rest_route=%2Fwp%2Fv2%2Fcategories&post=3821"},{"taxonomy":"post_tag","embeddable":true,"href":"https:\/\/utfpr.curitiba.br\/dadin\/index.php?rest_route=%2Fwp%2Fv2%2Ftags&post=3821"}],"curies":[{"name":"wp","href":"https:\/\/api.w.org\/{rel}","templated":true}]}}