{"id":3811,"date":"2021-03-09T14:13:39","date_gmt":"2021-03-09T14:13:39","guid":{"rendered":"https:\/\/dadin.ct.utfpr.edu.br\/?p=3811"},"modified":"2021-03-09T17:23:50","modified_gmt":"2021-03-09T17:23:50","slug":"vaga-de-estagio-para-designer-grafico","status":"publish","type":"post","link":"https:\/\/utfpr.curitiba.br\/dadin\/?p=3811","title":{"rendered":"Vaga de est\u00e1gio para designer gr\u00e1fico"},"content":{"rendered":"<p>Empresa: Jota BM Editora\/Revista VOi (\u00c1gua Verde)<br \/>\nRemunera\u00e7\u00e3o: R$ 600,00 + VT em dinheiro<br \/>\n30h semanais<br \/>\nConta como est\u00e1gio obrigat\u00f3rio<br \/>\nRefei\u00e7\u00f5es na empresa (s\u00e3o uma del\u00edcia)<br \/>\nEstacionamento<br \/>\nComputadores Mac com pacote Adobe<\/p>\n<p>De prefer\u00eancia cursando entre o segundo e o quarto per\u00edodo.<\/p>\n<p>Interessados encaminhar e-mail para\u00a0<a href=\"rh@jotacomunicacao.com.br\">rh@jotacomunicacao.com.br<\/a><\/p>\n","protected":false},"excerpt":{"rendered":"<p>Empresa: Jota BM Editora\/Revista VOi (\u00c1gua Verde) Remunera\u00e7\u00e3o: R$ 600,00 + VT em dinheiro 30h semanais Conta como est\u00e1gio obrigat\u00f3rio Refei\u00e7\u00f5es na empresa (s\u00e3o uma del\u00edcia) Estacionamento Computadores Mac com pacote Adobe De prefer\u00eancia cursando entre o segundo e o quarto per\u00edodo. Interessados encaminhar e-mail para\u00a0rh@jotacomunicacao.com.br<\/p>\n","protected":false},"author":35,"featured_media":0,"comment_status":"closed","ping_status":"closed","sticky":false,"template":"","format":"standard","meta":{"footnotes":""},"categories":[1],"tags":[],"class_list":["post-3811","post","type-post","status-publish","format-standard","hentry","category-sem-categoria"],"_links":{"self":[{"href":"https:\/\/utfpr.curitiba.br\/dadin\/index.php?rest_route=\/wp\/v2\/posts\/3811","targetHints":{"allow":["GET"]}}],"collection":[{"href":"https:\/\/utfpr.curitiba.br\/dadin\/index.php?rest_route=\/wp\/v2\/posts"}],"about":[{"href":"https:\/\/utfpr.curitiba.br\/dadin\/index.php?rest_route=\/wp\/v2\/types\/post"}],"author":[{"embeddable":true,"href":"https:\/\/utfpr.curitiba.br\/dadin\/index.php?rest_route=\/wp\/v2\/users\/35"}],"replies":[{"embeddable":true,"href":"https:\/\/utfpr.curitiba.br\/dadin\/index.php?rest_route=%2Fwp%2Fv2%2Fcomments&post=3811"}],"version-history":[{"count":1,"href":"https:\/\/utfpr.curitiba.br\/dadin\/index.php?rest_route=\/wp\/v2\/posts\/3811\/revisions"}],"predecessor-version":[{"id":3812,"href":"https:\/\/utfpr.curitiba.br\/dadin\/index.php?rest_route=\/wp\/v2\/posts\/3811\/revisions\/3812"}],"wp:attachment":[{"href":"https:\/\/utfpr.curitiba.br\/dadin\/index.php?rest_route=%2Fwp%2Fv2%2Fmedia&parent=3811"}],"wp:term":[{"taxonomy":"category","embeddable":true,"href":"https:\/\/utfpr.curitiba.br\/dadin\/index.php?rest_route=%2Fwp%2Fv2%2Fcategories&post=3811"},{"taxonomy":"post_tag","embeddable":true,"href":"https:\/\/utfpr.curitiba.br\/dadin\/index.php?rest_route=%2Fwp%2Fv2%2Ftags&post=3811"}],"curies":[{"name":"wp","href":"https:\/\/api.w.org\/{rel}","templated":true}]}}