{"id":3807,"date":"2021-03-05T18:49:29","date_gmt":"2021-03-05T18:49:29","guid":{"rendered":"https:\/\/dadin.ct.utfpr.edu.br\/?p=3807"},"modified":"2021-03-05T18:49:29","modified_gmt":"2021-03-05T18:49:29","slug":"nova-vaga-auxiliar-de-design","status":"publish","type":"post","link":"https:\/\/utfpr.curitiba.br\/dadin\/?p=3807","title":{"rendered":"Nova Vaga: Auxiliar de Design"},"content":{"rendered":"<p>Suas principais atividades ser\u00e3o:<br \/>\nDesenvolvimento de Embalagens, Manuais, Apresenta\u00e7\u00f5es e Cat\u00e1logos;<br \/>\nPesquisa de Tend\u00eancias e Benchmarking;<br \/>\nTestes de Usabilidade e Customiza\u00e7\u00e3o de Produtos;<br \/>\nSuporte em treinamentos e Workshops utilizando Design Thinking;<br \/>\nPesquisa com foco na Experi\u00eancia e Jornada do Usu\u00e1rio.<\/p>\n<p>Requisitos<br \/>\nGradua\u00e7\u00e3o completa ou cursando em Gradua\u00e7\u00e3o em Design, Marketing, Publicidade e Propaganda ou \u00e1reas relacionadas;<br \/>\nConhecimento em Pacote Office;<br \/>\nConhecimento em Pacote Adobe (Illustrator, Photoshop e Indesign);<br \/>\nSer\u00e1 um diferencial conhecimento em Fotografia e Edi\u00e7\u00e3o de v\u00eddeos;<br \/>\nSer\u00e1 um diferencial Ingl\u00eas intermedi\u00e1rio.<\/p>\n<p>Benef\u00edcios<br \/>\nPlano de Sa\u00fade<br \/>\nPlano Odontol\u00f3gico<br \/>\nTransporte Fretado ou Vale Transporte ou Estacionamento<br \/>\nRefei\u00e7\u00e3o no local (caf\u00e9 e almo\u00e7o)<br \/>\nSeguro de Vida<br \/>\nVale Alimenta\u00e7\u00e3o<br \/>\nPrevid\u00eancia Privada<br \/>\nPremia\u00e7\u00e3o trimestral por resultados<br \/>\nPremia\u00e7\u00e3o anual por resultados<br \/>\nEmpr\u00e9stimo Consignado<br \/>\nDay Off (Folga dia de anivers\u00e1rio)<br \/>\nRede de parceiros com descontos diferenciados<br \/>\nPrograma de Bolsa de Estudos<br \/>\nEntre outros&#8230;<\/p>\n<p>Interessados dever\u00e3o se candidatar no link:\u00a0<a href=\"https:\/\/lnkd.in\/dA4wSP2\">https:\/\/lnkd.in\/dA4wSP2<\/a><\/p>\n<p>&nbsp;<\/p>\n<p><img fetchpriority=\"high\" decoding=\"async\" class=\"aligncenter wp-image-3808 size-full\" src=\"https:\/\/utfpr-ct-static-content.s3.amazonaws.com\/utfpr.curitiba.br\/wp-content\/uploads\/sites\/62\/2021\/03\/WhatsApp-Image-2021-03-05-at-15.43.14.jpeg\" alt=\"\" width=\"800\" height=\"800\" srcset=\"https:\/\/utfpr-ct-static-content.s3.amazonaws.com\/utfpr.curitiba.br\/wp-content\/uploads\/sites\/62\/2021\/03\/WhatsApp-Image-2021-03-05-at-15.43.14.jpeg 800w, https:\/\/utfpr-ct-static-content.s3.amazonaws.com\/utfpr.curitiba.br\/wp-content\/uploads\/sites\/62\/2021\/03\/WhatsApp-Image-2021-03-05-at-15.43.14-300x300.jpeg 300w, https:\/\/utfpr-ct-static-content.s3.amazonaws.com\/utfpr.curitiba.br\/wp-content\/uploads\/sites\/62\/2021\/03\/WhatsApp-Image-2021-03-05-at-15.43.14-150x150.jpeg 150w, https:\/\/utfpr-ct-static-content.s3.amazonaws.com\/utfpr.curitiba.br\/wp-content\/uploads\/sites\/62\/2021\/03\/WhatsApp-Image-2021-03-05-at-15.43.14-768x768.jpeg 768w, https:\/\/utfpr-ct-static-content.s3.amazonaws.com\/utfpr.curitiba.br\/wp-content\/uploads\/sites\/62\/2021\/03\/WhatsApp-Image-2021-03-05-at-15.43.14-100x100.jpeg 100w\" sizes=\"(max-width: 767px) 89vw, (max-width: 1000px) 54vw, (max-width: 1071px) 543px, 580px\" \/><\/p>\n","protected":false},"excerpt":{"rendered":"<p>Suas principais atividades ser\u00e3o: Desenvolvimento de Embalagens, Manuais, Apresenta\u00e7\u00f5es e Cat\u00e1logos; Pesquisa de Tend\u00eancias e Benchmarking; Testes de Usabilidade e Customiza\u00e7\u00e3o de Produtos; Suporte em treinamentos e Workshops utilizando Design Thinking; Pesquisa com foco na Experi\u00eancia e Jornada do Usu\u00e1rio. Requisitos Gradua\u00e7\u00e3o completa ou cursando em Gradua\u00e7\u00e3o em Design, Marketing, Publicidade e Propaganda ou \u00e1reas &hellip; <\/p>\n<p class=\"link-more\"><a href=\"https:\/\/utfpr.curitiba.br\/dadin\/?p=3807\" class=\"more-link\">Continue lendo<span class=\"screen-reader-text\"> &#8220;Nova Vaga: Auxiliar de Design&#8221;<\/span><\/a><\/p>\n","protected":false},"author":35,"featured_media":0,"comment_status":"closed","ping_status":"closed","sticky":false,"template":"","format":"standard","meta":{"footnotes":""},"categories":[1],"tags":[],"class_list":["post-3807","post","type-post","status-publish","format-standard","hentry","category-sem-categoria"],"_links":{"self":[{"href":"https:\/\/utfpr.curitiba.br\/dadin\/index.php?rest_route=\/wp\/v2\/posts\/3807","targetHints":{"allow":["GET"]}}],"collection":[{"href":"https:\/\/utfpr.curitiba.br\/dadin\/index.php?rest_route=\/wp\/v2\/posts"}],"about":[{"href":"https:\/\/utfpr.curitiba.br\/dadin\/index.php?rest_route=\/wp\/v2\/types\/post"}],"author":[{"embeddable":true,"href":"https:\/\/utfpr.curitiba.br\/dadin\/index.php?rest_route=\/wp\/v2\/users\/35"}],"replies":[{"embeddable":true,"href":"https:\/\/utfpr.curitiba.br\/dadin\/index.php?rest_route=%2Fwp%2Fv2%2Fcomments&post=3807"}],"version-history":[{"count":2,"href":"https:\/\/utfpr.curitiba.br\/dadin\/index.php?rest_route=\/wp\/v2\/posts\/3807\/revisions"}],"predecessor-version":[{"id":3810,"href":"https:\/\/utfpr.curitiba.br\/dadin\/index.php?rest_route=\/wp\/v2\/posts\/3807\/revisions\/3810"}],"wp:attachment":[{"href":"https:\/\/utfpr.curitiba.br\/dadin\/index.php?rest_route=%2Fwp%2Fv2%2Fmedia&parent=3807"}],"wp:term":[{"taxonomy":"category","embeddable":true,"href":"https:\/\/utfpr.curitiba.br\/dadin\/index.php?rest_route=%2Fwp%2Fv2%2Fcategories&post=3807"},{"taxonomy":"post_tag","embeddable":true,"href":"https:\/\/utfpr.curitiba.br\/dadin\/index.php?rest_route=%2Fwp%2Fv2%2Ftags&post=3807"}],"curies":[{"name":"wp","href":"https:\/\/api.w.org\/{rel}","templated":true}]}}