{"id":3728,"date":"2020-11-06T20:08:50","date_gmt":"2020-11-06T20:08:50","guid":{"rendered":"https:\/\/dadin.ct.utfpr.edu.br\/?p=3728"},"modified":"2020-11-06T20:08:50","modified_gmt":"2020-11-06T20:08:50","slug":"vagas-edital-48-2020","status":"publish","type":"post","link":"https:\/\/utfpr.curitiba.br\/dadin\/?p=3728","title":{"rendered":"Vagas Edital 48\/2020"},"content":{"rendered":"<p>Esta aberto o Edital 61\/2020 para sele\u00e7\u00e3o de bolsistas e volunt\u00e1rios para o Edital 48\/2020 &#8211; PROGRAMA DE APOIO AO DESENVOLVIMENTO DE RECURSOS EDUCACIONAIS ABERTOS DA UTFPR -CAMPUS CURITIBA (PRADREA-CT). Nele, o Departamento de Desenho Industrial conta com uma vaga de bolsista.<\/p>\n<p>Participem!<\/p>\n<p>Mais informa\u00e7\u00f5es no endere\u00e7o pelo\u00a0<a href=\"http:\/\/portal.utfpr.edu.br\/editais\/graduacao-e-educacao-profissional\/curitiba\/selecao-de-estudantes-bolsistas-e-voluntarios-para-o-edital-048-2020-programa-de-apoio-ao-desenvolvimento-de-recursos-educacionais-abertos-da-utfpr-campus-curitiba-pradrea-ct-na-graduacao-e-no-ensino-tecnico-de-nivel-medio?_authenticator=e1d9fead2b5dfe04dd3acb8fb0b31a79c019d0c9\" target=\"_blank\" rel=\"noopener noreferrer\" data-saferedirecturl=\"https:\/\/www.google.com\/url?q=http:\/\/portal.utfpr.edu.br\/editais\/graduacao-e-educacao-profissional\/curitiba\/selecao-de-estudantes-bolsistas-e-voluntarios-para-o-edital-048-2020-programa-de-apoio-ao-desenvolvimento-de-recursos-educacionais-abertos-da-utfpr-campus-curitiba-pradrea-ct-na-graduacao-e-no-ensino-tecnico-de-nivel-medio?_authenticator%3De1d9fead2b5dfe04dd3acb8fb0b31a79c019d0c9&amp;source=gmail&amp;ust=1604769717894000&amp;usg=AOvVaw1RL4BNWCOlCpT_HLc31ej9\">link<\/a>.<\/p>\n","protected":false},"excerpt":{"rendered":"<p>Esta aberto o Edital 61\/2020 para sele\u00e7\u00e3o de bolsistas e volunt\u00e1rios para o Edital 48\/2020 &#8211; PROGRAMA DE APOIO AO DESENVOLVIMENTO DE RECURSOS EDUCACIONAIS ABERTOS DA UTFPR -CAMPUS CURITIBA (PRADREA-CT). Nele, o Departamento de Desenho Industrial conta com uma vaga de bolsista. Participem! Mais informa\u00e7\u00f5es no endere\u00e7o pelo\u00a0link.<\/p>\n","protected":false},"author":35,"featured_media":0,"comment_status":"closed","ping_status":"closed","sticky":false,"template":"","format":"standard","meta":{"footnotes":""},"categories":[1],"tags":[],"class_list":["post-3728","post","type-post","status-publish","format-standard","hentry","category-sem-categoria"],"_links":{"self":[{"href":"https:\/\/utfpr.curitiba.br\/dadin\/index.php?rest_route=\/wp\/v2\/posts\/3728","targetHints":{"allow":["GET"]}}],"collection":[{"href":"https:\/\/utfpr.curitiba.br\/dadin\/index.php?rest_route=\/wp\/v2\/posts"}],"about":[{"href":"https:\/\/utfpr.curitiba.br\/dadin\/index.php?rest_route=\/wp\/v2\/types\/post"}],"author":[{"embeddable":true,"href":"https:\/\/utfpr.curitiba.br\/dadin\/index.php?rest_route=\/wp\/v2\/users\/35"}],"replies":[{"embeddable":true,"href":"https:\/\/utfpr.curitiba.br\/dadin\/index.php?rest_route=%2Fwp%2Fv2%2Fcomments&post=3728"}],"version-history":[{"count":1,"href":"https:\/\/utfpr.curitiba.br\/dadin\/index.php?rest_route=\/wp\/v2\/posts\/3728\/revisions"}],"predecessor-version":[{"id":3729,"href":"https:\/\/utfpr.curitiba.br\/dadin\/index.php?rest_route=\/wp\/v2\/posts\/3728\/revisions\/3729"}],"wp:attachment":[{"href":"https:\/\/utfpr.curitiba.br\/dadin\/index.php?rest_route=%2Fwp%2Fv2%2Fmedia&parent=3728"}],"wp:term":[{"taxonomy":"category","embeddable":true,"href":"https:\/\/utfpr.curitiba.br\/dadin\/index.php?rest_route=%2Fwp%2Fv2%2Fcategories&post=3728"},{"taxonomy":"post_tag","embeddable":true,"href":"https:\/\/utfpr.curitiba.br\/dadin\/index.php?rest_route=%2Fwp%2Fv2%2Ftags&post=3728"}],"curies":[{"name":"wp","href":"https:\/\/api.w.org\/{rel}","templated":true}]}}