{"id":3725,"date":"2020-11-06T19:52:19","date_gmt":"2020-11-06T19:52:19","guid":{"rendered":"https:\/\/dadin.ct.utfpr.edu.br\/?p=3725"},"modified":"2020-11-06T19:52:19","modified_gmt":"2020-11-06T19:52:19","slug":"exposicao-graf21","status":"publish","type":"post","link":"https:\/\/utfpr.curitiba.br\/dadin\/?p=3725","title":{"rendered":"Exposi\u00e7\u00e3o GRAF21"},"content":{"rendered":"<p>Visite a GRAF21: Exposi\u00e7\u00e3o de fotos e v\u00eddeos em comemora\u00e7\u00e3o aos 21 anos do curso de Tecnologia em Artes Gr\u00e1ficas\/Design Gr\u00e1fico da UTFPR. A GRAF21 \u00e9 uma exposi\u00e7\u00e3o sobre pessoas, mem\u00f3rias e afetos! \u2764<\/p>\n<p>https:\/\/expodesigngrafico.ct.utfpr.edu.br\/<\/p>\n","protected":false},"excerpt":{"rendered":"<p>Visite a GRAF21: Exposi\u00e7\u00e3o de fotos e v\u00eddeos em comemora\u00e7\u00e3o aos 21 anos do curso de Tecnologia em Artes Gr\u00e1ficas\/Design Gr\u00e1fico da UTFPR. A GRAF21 \u00e9 uma exposi\u00e7\u00e3o sobre pessoas, mem\u00f3rias e afetos! \u2764 https:\/\/expodesigngrafico.ct.utfpr.edu.br\/<\/p>\n","protected":false},"author":35,"featured_media":0,"comment_status":"closed","ping_status":"closed","sticky":false,"template":"","format":"standard","meta":{"footnotes":""},"categories":[1],"tags":[],"class_list":["post-3725","post","type-post","status-publish","format-standard","hentry","category-sem-categoria"],"_links":{"self":[{"href":"https:\/\/utfpr.curitiba.br\/dadin\/index.php?rest_route=\/wp\/v2\/posts\/3725","targetHints":{"allow":["GET"]}}],"collection":[{"href":"https:\/\/utfpr.curitiba.br\/dadin\/index.php?rest_route=\/wp\/v2\/posts"}],"about":[{"href":"https:\/\/utfpr.curitiba.br\/dadin\/index.php?rest_route=\/wp\/v2\/types\/post"}],"author":[{"embeddable":true,"href":"https:\/\/utfpr.curitiba.br\/dadin\/index.php?rest_route=\/wp\/v2\/users\/35"}],"replies":[{"embeddable":true,"href":"https:\/\/utfpr.curitiba.br\/dadin\/index.php?rest_route=%2Fwp%2Fv2%2Fcomments&post=3725"}],"version-history":[{"count":1,"href":"https:\/\/utfpr.curitiba.br\/dadin\/index.php?rest_route=\/wp\/v2\/posts\/3725\/revisions"}],"predecessor-version":[{"id":3727,"href":"https:\/\/utfpr.curitiba.br\/dadin\/index.php?rest_route=\/wp\/v2\/posts\/3725\/revisions\/3727"}],"wp:attachment":[{"href":"https:\/\/utfpr.curitiba.br\/dadin\/index.php?rest_route=%2Fwp%2Fv2%2Fmedia&parent=3725"}],"wp:term":[{"taxonomy":"category","embeddable":true,"href":"https:\/\/utfpr.curitiba.br\/dadin\/index.php?rest_route=%2Fwp%2Fv2%2Fcategories&post=3725"},{"taxonomy":"post_tag","embeddable":true,"href":"https:\/\/utfpr.curitiba.br\/dadin\/index.php?rest_route=%2Fwp%2Fv2%2Ftags&post=3725"}],"curies":[{"name":"wp","href":"https:\/\/api.w.org\/{rel}","templated":true}]}}