{"id":3717,"date":"2020-10-23T14:42:32","date_gmt":"2020-10-23T14:42:32","guid":{"rendered":"https:\/\/dadin.ct.utfpr.edu.br\/?p=3717"},"modified":"2020-10-23T14:42:32","modified_gmt":"2020-10-23T14:42:32","slug":"fotografia-de-teatro","status":"publish","type":"post","link":"https:\/\/utfpr.curitiba.br\/dadin\/?p=3717","title":{"rendered":"Fotografia de Teatro"},"content":{"rendered":"<p><img fetchpriority=\"high\" decoding=\"async\" class=\" wp-image-3718 aligncenter\" src=\"https:\/\/utfpr-ct-static-content.s3.amazonaws.com\/utfpr.curitiba.br\/wp-content\/uploads\/sites\/62\/2020\/10\/WhatsApp-Image-2020-10-23-at-08.29.53-300x300.jpeg\" alt=\"\" width=\"585\" height=\"585\" srcset=\"https:\/\/utfpr-ct-static-content.s3.amazonaws.com\/utfpr.curitiba.br\/wp-content\/uploads\/sites\/62\/2020\/10\/WhatsApp-Image-2020-10-23-at-08.29.53-300x300.jpeg 300w, https:\/\/utfpr-ct-static-content.s3.amazonaws.com\/utfpr.curitiba.br\/wp-content\/uploads\/sites\/62\/2020\/10\/WhatsApp-Image-2020-10-23-at-08.29.53-150x150.jpeg 150w, https:\/\/utfpr-ct-static-content.s3.amazonaws.com\/utfpr.curitiba.br\/wp-content\/uploads\/sites\/62\/2020\/10\/WhatsApp-Image-2020-10-23-at-08.29.53-100x100.jpeg 100w, https:\/\/utfpr-ct-static-content.s3.amazonaws.com\/utfpr.curitiba.br\/wp-content\/uploads\/sites\/62\/2020\/10\/WhatsApp-Image-2020-10-23-at-08.29.53.jpeg 744w\" sizes=\"(max-width: 585px) 100vw, 585px\" \/><\/p>\n<p>Nesta sexta-feira, dia 23\/10, das 16h30 \u00e0s 18h:<\/p>\n<p>Fotografia de espet\u00e1culos e ensaios<\/p>\n<p>Com Marcelo Ab\u00edlio P\u00fablio, Daniel Faria Patire e Ismael Scheffler<\/p>\n<p>A fotografia de ensaios e de espet\u00e1culos exigem certas especificidades t\u00e9cnicas dos fot\u00f3grafos e precisa abranger certos temas\/enquadramentos caracter\u00edsticos de espet\u00e1culos teatrais. Al\u00e9m de aspectos gerais, ser\u00e1 discutida a fotografia de ensaios e apresenta\u00e7\u00f5es do espet\u00e1culo OCO, produzida pelo TUT em 2019, e fotografado por P\u00fablio e Patire.<\/p>\n<p>Trasmiss\u00e3o:\u00a0<a href=\"https:\/\/www.youtube.com\/watch?v=HhDYORWuF-Y\">https:\/\/www.youtube.com\/watch?v=HhDYORWuF-Y<\/a><\/p>\n","protected":false},"excerpt":{"rendered":"<p>Nesta sexta-feira, dia 23\/10, das 16h30 \u00e0s 18h: Fotografia de espet\u00e1culos e ensaios Com Marcelo Ab\u00edlio P\u00fablio, Daniel Faria Patire e Ismael Scheffler A fotografia de ensaios e de espet\u00e1culos exigem certas especificidades t\u00e9cnicas dos fot\u00f3grafos e precisa abranger certos temas\/enquadramentos caracter\u00edsticos de espet\u00e1culos teatrais. Al\u00e9m de aspectos gerais, ser\u00e1 discutida a fotografia de ensaios &hellip; <\/p>\n<p class=\"link-more\"><a href=\"https:\/\/utfpr.curitiba.br\/dadin\/?p=3717\" class=\"more-link\">Continue lendo<span class=\"screen-reader-text\"> &#8220;Fotografia de Teatro&#8221;<\/span><\/a><\/p>\n","protected":false},"author":35,"featured_media":0,"comment_status":"closed","ping_status":"closed","sticky":false,"template":"","format":"standard","meta":{"footnotes":""},"categories":[1],"tags":[],"class_list":["post-3717","post","type-post","status-publish","format-standard","hentry","category-sem-categoria"],"_links":{"self":[{"href":"https:\/\/utfpr.curitiba.br\/dadin\/index.php?rest_route=\/wp\/v2\/posts\/3717","targetHints":{"allow":["GET"]}}],"collection":[{"href":"https:\/\/utfpr.curitiba.br\/dadin\/index.php?rest_route=\/wp\/v2\/posts"}],"about":[{"href":"https:\/\/utfpr.curitiba.br\/dadin\/index.php?rest_route=\/wp\/v2\/types\/post"}],"author":[{"embeddable":true,"href":"https:\/\/utfpr.curitiba.br\/dadin\/index.php?rest_route=\/wp\/v2\/users\/35"}],"replies":[{"embeddable":true,"href":"https:\/\/utfpr.curitiba.br\/dadin\/index.php?rest_route=%2Fwp%2Fv2%2Fcomments&post=3717"}],"version-history":[{"count":1,"href":"https:\/\/utfpr.curitiba.br\/dadin\/index.php?rest_route=\/wp\/v2\/posts\/3717\/revisions"}],"predecessor-version":[{"id":3719,"href":"https:\/\/utfpr.curitiba.br\/dadin\/index.php?rest_route=\/wp\/v2\/posts\/3717\/revisions\/3719"}],"wp:attachment":[{"href":"https:\/\/utfpr.curitiba.br\/dadin\/index.php?rest_route=%2Fwp%2Fv2%2Fmedia&parent=3717"}],"wp:term":[{"taxonomy":"category","embeddable":true,"href":"https:\/\/utfpr.curitiba.br\/dadin\/index.php?rest_route=%2Fwp%2Fv2%2Fcategories&post=3717"},{"taxonomy":"post_tag","embeddable":true,"href":"https:\/\/utfpr.curitiba.br\/dadin\/index.php?rest_route=%2Fwp%2Fv2%2Ftags&post=3717"}],"curies":[{"name":"wp","href":"https:\/\/api.w.org\/{rel}","templated":true}]}}