{"id":3638,"date":"2020-10-02T21:39:52","date_gmt":"2020-10-02T21:39:52","guid":{"rendered":"https:\/\/dadin.ct.utfpr.edu.br\/?p=3638"},"modified":"2020-10-02T21:44:06","modified_gmt":"2020-10-02T21:44:06","slug":"3638","status":"publish","type":"post","link":"https:\/\/utfpr.curitiba.br\/dadin\/?p=3638","title":{"rendered":"T\u00e3o Longe, T\u00e3o Perto: Confira a programa\u00e7\u00e3o da semana 05\/10 a 09\/10"},"content":{"rendered":"<p>A partir de segunda (05), novas atividades com conte\u00fados incr\u00edveis sobre design, tipografia, bordado e audiovisual agitam o T\u00e3o longe, t\u00e3o perto, e contam com a sua participa\u00e7\u00e3o! Tudo aberto e gratuito, para continuarmos unidos mesmo com a dist\u00e2ncia f\u00edsica da quarentena!<\/p>\n<p><a href=\"https:\/\/taolongetaoperto.com\/programacao-e-inscricoes\/\" target=\"_blank\" rel=\"noopener noreferrer\" data-saferedirecturl=\"https:\/\/www.google.com\/url?q=https:\/\/taolongetaoperto.com\/programacao-e-inscricoes\/&amp;source=gmail&amp;ust=1601760548851000&amp;usg=AFQjCNGe3cQHg71D7S-9pwRtCJbvJZyxpQ\">Confira a programa\u00e7\u00e3o completa e inscreva-se!<\/a><\/p>\n<p><strong>SEGUNDA (05\/10)<\/strong><\/p>\n<p>19 \u00e0s 20h: Vivendo da fotografia<br \/>\nO fot\u00f3grafo Deniclei Veiga vem dedicando mais de 20 anos \u00e0 essa profiss\u00e3o t\u00e3o importante de registrar mem\u00f3rias e contar hist\u00f3rias. Nesse curso de 4 encontros, ele ir\u00e1 te mostrar um pouco da hist\u00f3ria, equipamentos e t\u00e9cnicas da fotografia, indo desde o princ\u00edpio b\u00e1sico at\u00e9 algumas t\u00e9cnicas mais avan\u00e7adas.<\/p>\n<p>18h30 \u00e0s 19h30: GIFs animados no Photoshop<br \/>\nQue tal aprender a fazer seus pr\u00f3prios GIFs? N\u00e3o perca essa oportunidade de aprender utilizando o Photoshop!<\/p>\n<p><strong>TER\u00c7A (06\/10)<\/strong><\/p>\n<p>*19 \u00e0s 20h: Vivendo da fotografia<\/p>\n<p>19h \u00e0s 20h30: Storyboards &#8211; planejamento visual para audiovisual<br \/>\nTudo o que voc\u00ea precisa saber sobre planos e enquadramentos\u00a0 para planejar melhor seus projetos de audiovisual. Se voc\u00ea curte esse assunto, n\u00e3o pode perder essa oportunidade!<\/p>\n<p><strong>QUARTA (07\/10)<\/strong><\/p>\n<p>*19 \u00e0s 20h: Vivendo da fotografia<\/p>\n<p>18h30 \u00e0s 19h30: Por Tr\u00e1s do Produto &#8211; Os bastidores de um projeto de design de produto<br \/>\nVeja na pr\u00e1tica o desenvolvimento de um projeto de produto, exemplificado com um\u00a0<em>case\u00a0<\/em>real da Sol\u00favel Design.<\/p>\n<p>19h \u00e0s 19h45: Dicas r\u00e1pidas de tipografia<br \/>\nO professor Marco Mazzarotto ir\u00e1 dar dicas de tipografia que ele gostaria de ter descoberto antes. Participe dos encontros para descobrir quais s\u00e3o!<\/p>\n<p><strong>QUINTA (08\/10)<\/strong><\/p>\n<p>14h \u00e0s 15h: Roda de Conversa do N\u00facleo de Design de Anima\u00e7\u00e3o da UTFPR<br \/>\nProfessores dos cursos de anima\u00e7\u00e3o de algumas universidades brasileiras ir\u00e3o ministrar essa roda de conversa sobre o assunto. Venha tirar suas d\u00favidas sobre anima\u00e7\u00e3o e saber no que voc\u00ea pode melhorar!<\/p>\n<p>16 \u00e0s 17h30: T\u00e3o perto de novo &#8211; Do bordado \u00e0 trama oculta: reflex\u00f5es sobre educa\u00e7\u00e3o em design<br \/>\nAcompanhe esse encontro em que as professoras Ana L\u00facia e Cl\u00e1udia Bordin v\u00e3o conversar sobre a educa\u00e7\u00e3o em design e relacionar com o bordado.<\/p>\n<p>*19 \u00e0s 20h: Vivendo da fotografia<\/p>\n<p>18 \u00e0s 19h: &#8220;O que eu gostaria de ter aprendido antes sobre Identidade Visual&#8221;<br \/>\nO professor Marco Mazzarotto ir\u00e1 te contar tudo o que aprendeu com os erros dele para voc\u00ea n\u00e3o precisar passar pelo mesmo caminho.<\/p>\n<p>19 \u00e0s 21h: Em casa: o design no espa\u00e7o dom\u00e9stico &#8211; Pr\u00e1ticas de consumo e recortes de classe e g\u00eanero na decora\u00e7\u00e3o de interiores<br \/>\nNeste encontro, ser\u00e1 debatido as pr\u00e1ticas de consumo e recortes de classe e g\u00eanero na decora\u00e7\u00e3o de interiores, com as professoras Claudia Zacar e Luciana Martha Silveira.<\/p>\n<p><strong>SEXTA (09\/10)<\/strong><\/p>\n<p>16 \u00e0s 17h30: Rela\u00e7\u00f5es entre a pintura e a literatura a partir da po\u00e9tica do espa\u00e7o de Gaston Bachelard<br \/>\nA live consiste em uma discuss\u00e3o sobre a po\u00e9tica do espa\u00e7o do Gaston Bachelard, e a obra do cr\u00edtico americano Mayer Schapiro, tentando fazer um paralelo entre a literatura e as artes pl\u00e1sticas.<\/p>\n<p>16h30 as 18h: M\u00e1scaras teatrais: aspectos pedag\u00f3gicos de Jacques Lecoq com estudo de caso do espet\u00e1culo OCO<br \/>\nUma live sobre a utiliza\u00e7\u00e3o de m\u00e1scaras no teatro, considerando os diferentes tipos, objetivos, materiais e uso.<\/p>\n<p>18h15 \u00e0s 19h: Dicas r\u00e1pidas de tipografia<br \/>\nO Marco Mazzarotto vai dar dicas de tipografia que ele queria que tivessem falado para ele antes. Participe dos encontros para descobrir quais s\u00e3o!<\/p>\n<p>19 \u00e0s 20h30: Conhe\u00e7a a TECSOL, incubadora de economia solid\u00e1ria da UTFPR<br \/>\nUma roda de conversa sobre a TECSOL, um projeto de extens\u00e3o da UTFPR, explicando o que eles fazem e o que \u00e9 economia solid\u00e1ria.<\/p>\n<p><strong>Nesta semana tamb\u00e9m temos v\u00e1rias atividades em andamento, com as turmas j\u00e1 fechadas:<\/strong><\/p>\n<p>SEGUNDA (05\/10)<\/p>\n<p>19h30 \u00e0s 20h30: Como divulgar minha marca na internet?<\/p>\n<p>QUARTA (07\/10)<\/p>\n<p>16 \u00e0s 17h: Ilustrar numa viagem entre cores e estilos.<\/p>\n<div id='gallery-1' class='gallery galleryid-3638 gallery-columns-2 gallery-size-medium'><figure class='gallery-item'>\n\t\t\t<div class='gallery-icon landscape'>\n\t\t\t\t<a href='https:\/\/utfpr-ct-static-content.s3.amazonaws.com\/utfpr.curitiba.br\/wp-content\/uploads\/sites\/62\/2020\/10\/dia-5mdpi.png'><img fetchpriority=\"high\" decoding=\"async\" width=\"300\" height=\"300\" src=\"https:\/\/utfpr-ct-static-content.s3.amazonaws.com\/utfpr.curitiba.br\/wp-content\/uploads\/sites\/62\/2020\/10\/dia-5mdpi-300x300.png\" class=\"attachment-medium size-medium\" alt=\"\" srcset=\"https:\/\/utfpr-ct-static-content.s3.amazonaws.com\/utfpr.curitiba.br\/wp-content\/uploads\/sites\/62\/2020\/10\/dia-5mdpi-300x300.png 300w, https:\/\/utfpr-ct-static-content.s3.amazonaws.com\/utfpr.curitiba.br\/wp-content\/uploads\/sites\/62\/2020\/10\/dia-5mdpi-1024x1024.png 1024w, https:\/\/utfpr-ct-static-content.s3.amazonaws.com\/utfpr.curitiba.br\/wp-content\/uploads\/sites\/62\/2020\/10\/dia-5mdpi-150x150.png 150w, https:\/\/utfpr-ct-static-content.s3.amazonaws.com\/utfpr.curitiba.br\/wp-content\/uploads\/sites\/62\/2020\/10\/dia-5mdpi-768x768.png 768w, https:\/\/utfpr-ct-static-content.s3.amazonaws.com\/utfpr.curitiba.br\/wp-content\/uploads\/sites\/62\/2020\/10\/dia-5mdpi-100x100.png 100w, https:\/\/utfpr-ct-static-content.s3.amazonaws.com\/utfpr.curitiba.br\/wp-content\/uploads\/sites\/62\/2020\/10\/dia-5mdpi.png 1081w\" sizes=\"100vw\" \/><\/a>\n\t\t\t<\/div><\/figure><figure class='gallery-item'>\n\t\t\t<div class='gallery-icon landscape'>\n\t\t\t\t<a href='https:\/\/utfpr-ct-static-content.s3.amazonaws.com\/utfpr.curitiba.br\/wp-content\/uploads\/sites\/62\/2020\/10\/dia-6mdpi.png'><img decoding=\"async\" width=\"300\" height=\"300\" src=\"https:\/\/utfpr-ct-static-content.s3.amazonaws.com\/utfpr.curitiba.br\/wp-content\/uploads\/sites\/62\/2020\/10\/dia-6mdpi-300x300.png\" class=\"attachment-medium size-medium\" alt=\"\" srcset=\"https:\/\/utfpr-ct-static-content.s3.amazonaws.com\/utfpr.curitiba.br\/wp-content\/uploads\/sites\/62\/2020\/10\/dia-6mdpi-300x300.png 300w, https:\/\/utfpr-ct-static-content.s3.amazonaws.com\/utfpr.curitiba.br\/wp-content\/uploads\/sites\/62\/2020\/10\/dia-6mdpi-1024x1024.png 1024w, https:\/\/utfpr-ct-static-content.s3.amazonaws.com\/utfpr.curitiba.br\/wp-content\/uploads\/sites\/62\/2020\/10\/dia-6mdpi-150x150.png 150w, https:\/\/utfpr-ct-static-content.s3.amazonaws.com\/utfpr.curitiba.br\/wp-content\/uploads\/sites\/62\/2020\/10\/dia-6mdpi-768x768.png 768w, https:\/\/utfpr-ct-static-content.s3.amazonaws.com\/utfpr.curitiba.br\/wp-content\/uploads\/sites\/62\/2020\/10\/dia-6mdpi-100x100.png 100w, https:\/\/utfpr-ct-static-content.s3.amazonaws.com\/utfpr.curitiba.br\/wp-content\/uploads\/sites\/62\/2020\/10\/dia-6mdpi.png 1081w\" sizes=\"100vw\" \/><\/a>\n\t\t\t<\/div><\/figure><figure class='gallery-item'>\n\t\t\t<div class='gallery-icon landscape'>\n\t\t\t\t<a href='https:\/\/utfpr-ct-static-content.s3.amazonaws.com\/utfpr.curitiba.br\/wp-content\/uploads\/sites\/62\/2020\/10\/dia-7mdpi.png'><img decoding=\"async\" width=\"300\" height=\"300\" src=\"https:\/\/utfpr-ct-static-content.s3.amazonaws.com\/utfpr.curitiba.br\/wp-content\/uploads\/sites\/62\/2020\/10\/dia-7mdpi-300x300.png\" class=\"attachment-medium size-medium\" alt=\"\" srcset=\"https:\/\/utfpr-ct-static-content.s3.amazonaws.com\/utfpr.curitiba.br\/wp-content\/uploads\/sites\/62\/2020\/10\/dia-7mdpi-300x300.png 300w, https:\/\/utfpr-ct-static-content.s3.amazonaws.com\/utfpr.curitiba.br\/wp-content\/uploads\/sites\/62\/2020\/10\/dia-7mdpi-1024x1024.png 1024w, https:\/\/utfpr-ct-static-content.s3.amazonaws.com\/utfpr.curitiba.br\/wp-content\/uploads\/sites\/62\/2020\/10\/dia-7mdpi-150x150.png 150w, https:\/\/utfpr-ct-static-content.s3.amazonaws.com\/utfpr.curitiba.br\/wp-content\/uploads\/sites\/62\/2020\/10\/dia-7mdpi-768x768.png 768w, https:\/\/utfpr-ct-static-content.s3.amazonaws.com\/utfpr.curitiba.br\/wp-content\/uploads\/sites\/62\/2020\/10\/dia-7mdpi-100x100.png 100w, https:\/\/utfpr-ct-static-content.s3.amazonaws.com\/utfpr.curitiba.br\/wp-content\/uploads\/sites\/62\/2020\/10\/dia-7mdpi.png 1081w\" sizes=\"100vw\" \/><\/a>\n\t\t\t<\/div><\/figure><figure class='gallery-item'>\n\t\t\t<div class='gallery-icon landscape'>\n\t\t\t\t<a href='https:\/\/utfpr-ct-static-content.s3.amazonaws.com\/utfpr.curitiba.br\/wp-content\/uploads\/sites\/62\/2020\/10\/dia-8mdpi.png'><img loading=\"lazy\" decoding=\"async\" width=\"300\" height=\"300\" src=\"https:\/\/utfpr-ct-static-content.s3.amazonaws.com\/utfpr.curitiba.br\/wp-content\/uploads\/sites\/62\/2020\/10\/dia-8mdpi-300x300.png\" class=\"attachment-medium size-medium\" alt=\"\" srcset=\"https:\/\/utfpr-ct-static-content.s3.amazonaws.com\/utfpr.curitiba.br\/wp-content\/uploads\/sites\/62\/2020\/10\/dia-8mdpi-300x300.png 300w, https:\/\/utfpr-ct-static-content.s3.amazonaws.com\/utfpr.curitiba.br\/wp-content\/uploads\/sites\/62\/2020\/10\/dia-8mdpi-1024x1024.png 1024w, https:\/\/utfpr-ct-static-content.s3.amazonaws.com\/utfpr.curitiba.br\/wp-content\/uploads\/sites\/62\/2020\/10\/dia-8mdpi-150x150.png 150w, https:\/\/utfpr-ct-static-content.s3.amazonaws.com\/utfpr.curitiba.br\/wp-content\/uploads\/sites\/62\/2020\/10\/dia-8mdpi-768x768.png 768w, https:\/\/utfpr-ct-static-content.s3.amazonaws.com\/utfpr.curitiba.br\/wp-content\/uploads\/sites\/62\/2020\/10\/dia-8mdpi-100x100.png 100w, https:\/\/utfpr-ct-static-content.s3.amazonaws.com\/utfpr.curitiba.br\/wp-content\/uploads\/sites\/62\/2020\/10\/dia-8mdpi.png 1081w\" sizes=\"100vw\" \/><\/a>\n\t\t\t<\/div><\/figure><figure class='gallery-item'>\n\t\t\t<div class='gallery-icon landscape'>\n\t\t\t\t<a href='https:\/\/utfpr-ct-static-content.s3.amazonaws.com\/utfpr.curitiba.br\/wp-content\/uploads\/sites\/62\/2020\/10\/dia-8-mdpi.png'><img loading=\"lazy\" decoding=\"async\" width=\"300\" height=\"300\" src=\"https:\/\/utfpr-ct-static-content.s3.amazonaws.com\/utfpr.curitiba.br\/wp-content\/uploads\/sites\/62\/2020\/10\/dia-8-mdpi-300x300.png\" class=\"attachment-medium size-medium\" alt=\"\" srcset=\"https:\/\/utfpr-ct-static-content.s3.amazonaws.com\/utfpr.curitiba.br\/wp-content\/uploads\/sites\/62\/2020\/10\/dia-8-mdpi-300x300.png 300w, https:\/\/utfpr-ct-static-content.s3.amazonaws.com\/utfpr.curitiba.br\/wp-content\/uploads\/sites\/62\/2020\/10\/dia-8-mdpi-1024x1024.png 1024w, https:\/\/utfpr-ct-static-content.s3.amazonaws.com\/utfpr.curitiba.br\/wp-content\/uploads\/sites\/62\/2020\/10\/dia-8-mdpi-150x150.png 150w, https:\/\/utfpr-ct-static-content.s3.amazonaws.com\/utfpr.curitiba.br\/wp-content\/uploads\/sites\/62\/2020\/10\/dia-8-mdpi-768x768.png 768w, https:\/\/utfpr-ct-static-content.s3.amazonaws.com\/utfpr.curitiba.br\/wp-content\/uploads\/sites\/62\/2020\/10\/dia-8-mdpi-100x100.png 100w, https:\/\/utfpr-ct-static-content.s3.amazonaws.com\/utfpr.curitiba.br\/wp-content\/uploads\/sites\/62\/2020\/10\/dia-8-mdpi.png 1081w\" sizes=\"100vw\" \/><\/a>\n\t\t\t<\/div><\/figure><figure class='gallery-item'>\n\t\t\t<div class='gallery-icon landscape'>\n\t\t\t\t<a href='https:\/\/utfpr-ct-static-content.s3.amazonaws.com\/utfpr.curitiba.br\/wp-content\/uploads\/sites\/62\/2020\/10\/dia-9mdpi.png'><img loading=\"lazy\" decoding=\"async\" width=\"300\" height=\"300\" src=\"https:\/\/utfpr-ct-static-content.s3.amazonaws.com\/utfpr.curitiba.br\/wp-content\/uploads\/sites\/62\/2020\/10\/dia-9mdpi-300x300.png\" class=\"attachment-medium size-medium\" alt=\"\" srcset=\"https:\/\/utfpr-ct-static-content.s3.amazonaws.com\/utfpr.curitiba.br\/wp-content\/uploads\/sites\/62\/2020\/10\/dia-9mdpi-300x300.png 300w, https:\/\/utfpr-ct-static-content.s3.amazonaws.com\/utfpr.curitiba.br\/wp-content\/uploads\/sites\/62\/2020\/10\/dia-9mdpi-1024x1024.png 1024w, https:\/\/utfpr-ct-static-content.s3.amazonaws.com\/utfpr.curitiba.br\/wp-content\/uploads\/sites\/62\/2020\/10\/dia-9mdpi-150x150.png 150w, https:\/\/utfpr-ct-static-content.s3.amazonaws.com\/utfpr.curitiba.br\/wp-content\/uploads\/sites\/62\/2020\/10\/dia-9mdpi-768x768.png 768w, https:\/\/utfpr-ct-static-content.s3.amazonaws.com\/utfpr.curitiba.br\/wp-content\/uploads\/sites\/62\/2020\/10\/dia-9mdpi-100x100.png 100w, https:\/\/utfpr-ct-static-content.s3.amazonaws.com\/utfpr.curitiba.br\/wp-content\/uploads\/sites\/62\/2020\/10\/dia-9mdpi.png 1081w\" sizes=\"100vw\" \/><\/a>\n\t\t\t<\/div><\/figure><figure class='gallery-item'>\n\t\t\t<div class='gallery-icon landscape'>\n\t\t\t\t<a href='https:\/\/utfpr-ct-static-content.s3.amazonaws.com\/utfpr.curitiba.br\/wp-content\/uploads\/sites\/62\/2020\/10\/Artboard-8mdpi.png'><img loading=\"lazy\" decoding=\"async\" width=\"300\" height=\"300\" src=\"https:\/\/utfpr-ct-static-content.s3.amazonaws.com\/utfpr.curitiba.br\/wp-content\/uploads\/sites\/62\/2020\/10\/Artboard-8mdpi-300x300.png\" class=\"attachment-medium size-medium\" alt=\"\" srcset=\"https:\/\/utfpr-ct-static-content.s3.amazonaws.com\/utfpr.curitiba.br\/wp-content\/uploads\/sites\/62\/2020\/10\/Artboard-8mdpi-300x300.png 300w, https:\/\/utfpr-ct-static-content.s3.amazonaws.com\/utfpr.curitiba.br\/wp-content\/uploads\/sites\/62\/2020\/10\/Artboard-8mdpi-1024x1024.png 1024w, https:\/\/utfpr-ct-static-content.s3.amazonaws.com\/utfpr.curitiba.br\/wp-content\/uploads\/sites\/62\/2020\/10\/Artboard-8mdpi-150x150.png 150w, https:\/\/utfpr-ct-static-content.s3.amazonaws.com\/utfpr.curitiba.br\/wp-content\/uploads\/sites\/62\/2020\/10\/Artboard-8mdpi-768x768.png 768w, https:\/\/utfpr-ct-static-content.s3.amazonaws.com\/utfpr.curitiba.br\/wp-content\/uploads\/sites\/62\/2020\/10\/Artboard-8mdpi-100x100.png 100w, https:\/\/utfpr-ct-static-content.s3.amazonaws.com\/utfpr.curitiba.br\/wp-content\/uploads\/sites\/62\/2020\/10\/Artboard-8mdpi.png 1081w\" sizes=\"100vw\" \/><\/a>\n\t\t\t<\/div><\/figure>\n\t\t<\/div>\n\n","protected":false},"excerpt":{"rendered":"<p>A partir de segunda (05), novas atividades com conte\u00fados incr\u00edveis sobre design, tipografia, bordado e audiovisual agitam o T\u00e3o longe, t\u00e3o perto, e contam com a sua participa\u00e7\u00e3o! Tudo aberto e gratuito, para continuarmos unidos mesmo com a dist\u00e2ncia f\u00edsica da quarentena! Confira a programa\u00e7\u00e3o completa e inscreva-se! SEGUNDA (05\/10) 19 \u00e0s 20h: Vivendo da &hellip; <\/p>\n<p class=\"link-more\"><a href=\"https:\/\/utfpr.curitiba.br\/dadin\/?p=3638\" class=\"more-link\">Continue lendo<span class=\"screen-reader-text\"> &#8220;T\u00e3o Longe, T\u00e3o Perto: Confira a programa\u00e7\u00e3o da semana 05\/10 a 09\/10&#8221;<\/span><\/a><\/p>\n","protected":false},"author":35,"featured_media":0,"comment_status":"closed","ping_status":"closed","sticky":false,"template":"","format":"standard","meta":{"footnotes":""},"categories":[1],"tags":[],"class_list":["post-3638","post","type-post","status-publish","format-standard","hentry","category-sem-categoria"],"_links":{"self":[{"href":"https:\/\/utfpr.curitiba.br\/dadin\/index.php?rest_route=\/wp\/v2\/posts\/3638","targetHints":{"allow":["GET"]}}],"collection":[{"href":"https:\/\/utfpr.curitiba.br\/dadin\/index.php?rest_route=\/wp\/v2\/posts"}],"about":[{"href":"https:\/\/utfpr.curitiba.br\/dadin\/index.php?rest_route=\/wp\/v2\/types\/post"}],"author":[{"embeddable":true,"href":"https:\/\/utfpr.curitiba.br\/dadin\/index.php?rest_route=\/wp\/v2\/users\/35"}],"replies":[{"embeddable":true,"href":"https:\/\/utfpr.curitiba.br\/dadin\/index.php?rest_route=%2Fwp%2Fv2%2Fcomments&post=3638"}],"version-history":[{"count":3,"href":"https:\/\/utfpr.curitiba.br\/dadin\/index.php?rest_route=\/wp\/v2\/posts\/3638\/revisions"}],"predecessor-version":[{"id":3648,"href":"https:\/\/utfpr.curitiba.br\/dadin\/index.php?rest_route=\/wp\/v2\/posts\/3638\/revisions\/3648"}],"wp:attachment":[{"href":"https:\/\/utfpr.curitiba.br\/dadin\/index.php?rest_route=%2Fwp%2Fv2%2Fmedia&parent=3638"}],"wp:term":[{"taxonomy":"category","embeddable":true,"href":"https:\/\/utfpr.curitiba.br\/dadin\/index.php?rest_route=%2Fwp%2Fv2%2Fcategories&post=3638"},{"taxonomy":"post_tag","embeddable":true,"href":"https:\/\/utfpr.curitiba.br\/dadin\/index.php?rest_route=%2Fwp%2Fv2%2Ftags&post=3638"}],"curies":[{"name":"wp","href":"https:\/\/api.w.org\/{rel}","templated":true}]}}