{"id":3630,"date":"2020-09-26T00:09:32","date_gmt":"2020-09-26T00:09:32","guid":{"rendered":"https:\/\/dadin.ct.utfpr.edu.br\/?p=3630"},"modified":"2020-09-26T00:09:32","modified_gmt":"2020-09-26T00:09:32","slug":"tao-longe-tao-perto-confira-a-programacao-da-semana-28-09-a-02-10","status":"publish","type":"post","link":"https:\/\/utfpr.curitiba.br\/dadin\/?p=3630","title":{"rendered":"T\u00e3o Longe, T\u00e3o Perto: Confira a programa\u00e7\u00e3o da semana 28\/09 a 02\/10"},"content":{"rendered":"<p><span style=\"font-weight: 400;\">A partir de segunda (28), novas atividades com conte\u00fados incr\u00edveis sobre design, tipografia, cer\u00e2mica e artes visuais agitam o T\u00e3o longe, t\u00e3o perto, e contam com a sua participa\u00e7\u00e3o! Tudo aberto e gratuito, para continuarmos unidos mesmo com a dist\u00e2ncia f\u00edsica da quarentena!<\/span><\/p>\n<p><a href=\"https:\/\/taolongetaoperto.com\/programacao-e-inscricoes\/\"><span style=\"font-weight: 400;\">Confira a programa\u00e7\u00e3o completa e inscreva-se!<\/span><\/a><\/p>\n<p>&nbsp;<\/p>\n<p><span style=\"font-weight: 600;\">SEGUNDA (28\/9)<\/span><\/p>\n<p><span style=\"font-weight: 500;\">15 \u00e0s 17h: Clarice e a Pandemia &#8211; A hora da estrela<\/span><\/p>\n<p><span style=\"font-weight: 400;\">Uma conversa profunda e interpessoal relacionando a literatura de Clarice Lispector com os sentimentos e significa\u00e7\u00f5es que a pandemia nos trouxe!<\/span><\/p>\n<p><span style=\"font-weight: 600;\">TER\u00c7A (29\/9)<\/span><\/p>\n<p><span style=\"font-weight: 500;\">19 \u00e0s 20h: Quais as suas habilidades<\/span><\/p>\n<p><span style=\"font-weight: 400;\">Quais s\u00e3o as habilidades que voc\u00ea possui e como \u00e9 poss\u00edvel potencializ\u00e1-las? Caso n\u00e3o saiba quais s\u00e3o, venha conhecer o caminho para descobrir!<\/span><\/p>\n<p><span style=\"font-weight: 500;\">20 \u00e0s 21h30: Somente em Cores-Luz: Visita guiada a uma exposi\u00e7\u00e3o\u00a0 que n\u00e3o aconteceu<\/span><\/p>\n<p><span style=\"font-weight: 400;\">Acompanhe, de maneira virtual, a Exposi\u00e7\u00e3o Afluxos da professora Luciana Silveira que, por causa da pandemia, n\u00e3o pode ser exposta no MUMA (Museu Municipal de Arte).<\/span><\/p>\n<p><span style=\"font-weight: 600;\">QUARTA (30\/9)<\/span><\/p>\n<p><span style=\"font-weight: 500;\">18h30 \u00e0s 19h30: GIFs animados no Photoshop<\/span><\/p>\n<p><span style=\"font-weight: 400;\">Que tal aprender a fazer seus pr\u00f3prios GIFs? N\u00e3o perca essa oportunidade de aprender utilizando o Photoshop!<\/span><\/p>\n<p><span style=\"font-weight: 600;\">QUINTA (01\/10)<\/span><\/p>\n<p><span style=\"font-weight: 500;\">16 \u00e0s 17h30: T\u00e3o perto, de novo: O Design e a Cer\u00e2mica<\/span><\/p>\n<p><span style=\"font-weight: 400;\">No encontro desta semana, a professora Marilzete Basso do Nascimento falar\u00e1 sobre sua trajet\u00f3ria do design \u00e0 cer\u00e2mica.<\/span><\/p>\n<p><span style=\"font-weight: 500;\">19 \u00e0s 21h: Em casa: o design no espa\u00e7o dom\u00e9stico- Cultura material e narrativas sobre masculinidades<\/span><\/p>\n<p><span style=\"font-weight: 400;\">O \u201cEm Casa\u201d \u00e9 um ciclo de palestras que fala sobre a participa\u00e7\u00e3o do design no cotidiano dom\u00e9stico em v\u00e1rios aspectos. Neste encontro, ser\u00e1 debatido cultura material e narrativas sobre masculinidades.<\/span><\/p>\n<p><span style=\"font-weight: 600;\">SEXTA (02\/10)<\/span><\/p>\n<p><span style=\"font-weight: 500;\">18h15 \u00e0s 19h: Dicas r\u00e1pidas de tipografia<\/span><\/p>\n<p><span style=\"font-weight: 400;\">Todo designer sabe a import\u00e2ncia da tipografia e de aplicar o texto de modo que fique de acordo com a mensagem transmitida e com os demais elementos gr\u00e1ficos, mas que tal aprender algumas dicas r\u00e1pidas sobre o assunto? Vem conferir essa live!<\/span><\/p>\n<p><span style=\"font-weight: 500;\">19 \u00e0s 20h30: Sou Visto Enquanto Vejo Onde N\u00e3o Estou: um projeto em quarentena &#8211; <\/span><span style=\"font-weight: 400;\">\u00a0<\/span><span style=\"font-weight: 500;\">Grupo Em-Cadeia\u00a0<\/span><\/p>\n<p><span style=\"font-weight: 400;\">Venha descobrir mais sobre o projeto de artes visuais \u201cSou visto enquanto vejo onde n\u00e3o estou\u201d, que levanta quest\u00f5es do atual contexto gerado pela pandemia da COVID-19 e pelo isolamento social.<\/span><\/p>\n<p>&nbsp;<\/p>\n<p><span style=\"font-weight: 600;\">Nesta semana tamb\u00e9m temos v\u00e1rias atividades em andamento, com as turmas j\u00e1 fechadas:<\/span><\/p>\n<p><span style=\"font-weight: 600;\">SEGUNDA (28\/9)<\/span><\/p>\n<p><span style=\"font-weight: 500;\">16 \u00e0s 18h30<\/span><span style=\"font-weight: 400;\">: Confronta! Laborat\u00f3rio de Interven\u00e7\u00f5es Visuais.<\/span><\/p>\n<p><span style=\"font-weight: 400;\">19h30 \u00e0s 20h30: Como divulgar minha marca na internet?<\/span><\/p>\n<p><span style=\"font-weight: 600;\">QUARTA (30\/9)<\/span><\/p>\n<p><span style=\"font-weight: 500;\">16 \u00e0s 17h:<\/span><span style=\"font-weight: 400;\"> Ilustrar numa viagem entre cores e estilos.<\/span><\/p>\n<p><span style=\"font-weight: 500;\">16 \u00e0s 17h30:<\/span><span style=\"font-weight: 400;\"> Mapeando o Arco-\u00cdris: Introdu\u00e7\u00e3o \u00e0 Teoria da Cor<\/span><\/p>\n<p><span style=\"font-weight: 500;\">19h30 \u00e0s 21h:<\/span><span style=\"font-weight: 400;\"> O Segredo dos Seus Olhos: Aspectos Fisiol\u00f3gicos da Teoria da Cor<\/span><\/p>\n<p><span style=\"font-weight: 600;\">QUINTA (01\/10)<\/span><\/p>\n<p><span style=\"font-weight: 500;\">16 \u00e0s 18h30<\/span><span style=\"font-weight: 400;\">: Confronta! Laborat\u00f3rio de Interven\u00e7\u00f5es Visuais<\/span><\/p>\n<p><span style=\"font-weight: 500;\">19 \u00e0s 21h:<\/span><span style=\"font-weight: 400;\"> Grupo de estudos em Game Design<\/span><\/p>\n<div id='gallery-1' class='gallery galleryid-3630 gallery-columns-2 gallery-size-medium'><figure class='gallery-item'>\n\t\t\t<div class='gallery-icon portrait'>\n\t\t\t\t<a href='https:\/\/utfpr-ct-static-content.s3.amazonaws.com\/utfpr.curitiba.br\/wp-content\/uploads\/sites\/62\/2020\/09\/28mdpi.png'><img fetchpriority=\"high\" decoding=\"async\" width=\"300\" height=\"300\" src=\"https:\/\/utfpr-ct-static-content.s3.amazonaws.com\/utfpr.curitiba.br\/wp-content\/uploads\/sites\/62\/2020\/09\/28mdpi-300x300.png\" class=\"attachment-medium size-medium\" alt=\"\" srcset=\"https:\/\/utfpr-ct-static-content.s3.amazonaws.com\/utfpr.curitiba.br\/wp-content\/uploads\/sites\/62\/2020\/09\/28mdpi-300x300.png 300w, https:\/\/utfpr-ct-static-content.s3.amazonaws.com\/utfpr.curitiba.br\/wp-content\/uploads\/sites\/62\/2020\/09\/28mdpi-1024x1024.png 1024w, https:\/\/utfpr-ct-static-content.s3.amazonaws.com\/utfpr.curitiba.br\/wp-content\/uploads\/sites\/62\/2020\/09\/28mdpi-150x150.png 150w, https:\/\/utfpr-ct-static-content.s3.amazonaws.com\/utfpr.curitiba.br\/wp-content\/uploads\/sites\/62\/2020\/09\/28mdpi-768x769.png 768w, https:\/\/utfpr-ct-static-content.s3.amazonaws.com\/utfpr.curitiba.br\/wp-content\/uploads\/sites\/62\/2020\/09\/28mdpi-100x100.png 100w, https:\/\/utfpr-ct-static-content.s3.amazonaws.com\/utfpr.curitiba.br\/wp-content\/uploads\/sites\/62\/2020\/09\/28mdpi.png 1080w\" sizes=\"100vw\" \/><\/a>\n\t\t\t<\/div><\/figure><figure class='gallery-item'>\n\t\t\t<div class='gallery-icon portrait'>\n\t\t\t\t<a href='https:\/\/utfpr-ct-static-content.s3.amazonaws.com\/utfpr.curitiba.br\/wp-content\/uploads\/sites\/62\/2020\/09\/29mdpi.png'><img decoding=\"async\" width=\"300\" height=\"300\" src=\"https:\/\/utfpr-ct-static-content.s3.amazonaws.com\/utfpr.curitiba.br\/wp-content\/uploads\/sites\/62\/2020\/09\/29mdpi-300x300.png\" class=\"attachment-medium size-medium\" alt=\"\" srcset=\"https:\/\/utfpr-ct-static-content.s3.amazonaws.com\/utfpr.curitiba.br\/wp-content\/uploads\/sites\/62\/2020\/09\/29mdpi-300x300.png 300w, https:\/\/utfpr-ct-static-content.s3.amazonaws.com\/utfpr.curitiba.br\/wp-content\/uploads\/sites\/62\/2020\/09\/29mdpi-1024x1024.png 1024w, https:\/\/utfpr-ct-static-content.s3.amazonaws.com\/utfpr.curitiba.br\/wp-content\/uploads\/sites\/62\/2020\/09\/29mdpi-150x150.png 150w, https:\/\/utfpr-ct-static-content.s3.amazonaws.com\/utfpr.curitiba.br\/wp-content\/uploads\/sites\/62\/2020\/09\/29mdpi-768x769.png 768w, https:\/\/utfpr-ct-static-content.s3.amazonaws.com\/utfpr.curitiba.br\/wp-content\/uploads\/sites\/62\/2020\/09\/29mdpi-100x100.png 100w, https:\/\/utfpr-ct-static-content.s3.amazonaws.com\/utfpr.curitiba.br\/wp-content\/uploads\/sites\/62\/2020\/09\/29mdpi.png 1080w\" sizes=\"100vw\" \/><\/a>\n\t\t\t<\/div><\/figure><figure class='gallery-item'>\n\t\t\t<div class='gallery-icon portrait'>\n\t\t\t\t<a href='https:\/\/utfpr-ct-static-content.s3.amazonaws.com\/utfpr.curitiba.br\/wp-content\/uploads\/sites\/62\/2020\/09\/30mdpi.png'><img decoding=\"async\" width=\"300\" height=\"300\" src=\"https:\/\/utfpr-ct-static-content.s3.amazonaws.com\/utfpr.curitiba.br\/wp-content\/uploads\/sites\/62\/2020\/09\/30mdpi-300x300.png\" class=\"attachment-medium size-medium\" alt=\"\" srcset=\"https:\/\/utfpr-ct-static-content.s3.amazonaws.com\/utfpr.curitiba.br\/wp-content\/uploads\/sites\/62\/2020\/09\/30mdpi-300x300.png 300w, https:\/\/utfpr-ct-static-content.s3.amazonaws.com\/utfpr.curitiba.br\/wp-content\/uploads\/sites\/62\/2020\/09\/30mdpi-1024x1024.png 1024w, https:\/\/utfpr-ct-static-content.s3.amazonaws.com\/utfpr.curitiba.br\/wp-content\/uploads\/sites\/62\/2020\/09\/30mdpi-150x150.png 150w, https:\/\/utfpr-ct-static-content.s3.amazonaws.com\/utfpr.curitiba.br\/wp-content\/uploads\/sites\/62\/2020\/09\/30mdpi-768x769.png 768w, https:\/\/utfpr-ct-static-content.s3.amazonaws.com\/utfpr.curitiba.br\/wp-content\/uploads\/sites\/62\/2020\/09\/30mdpi-100x100.png 100w, https:\/\/utfpr-ct-static-content.s3.amazonaws.com\/utfpr.curitiba.br\/wp-content\/uploads\/sites\/62\/2020\/09\/30mdpi.png 1080w\" sizes=\"100vw\" \/><\/a>\n\t\t\t<\/div><\/figure><figure class='gallery-item'>\n\t\t\t<div class='gallery-icon portrait'>\n\t\t\t\t<a href='https:\/\/utfpr-ct-static-content.s3.amazonaws.com\/utfpr.curitiba.br\/wp-content\/uploads\/sites\/62\/2020\/09\/01mdpi.png'><img loading=\"lazy\" decoding=\"async\" width=\"300\" height=\"300\" src=\"https:\/\/utfpr-ct-static-content.s3.amazonaws.com\/utfpr.curitiba.br\/wp-content\/uploads\/sites\/62\/2020\/09\/01mdpi-300x300.png\" class=\"attachment-medium size-medium\" alt=\"\" srcset=\"https:\/\/utfpr-ct-static-content.s3.amazonaws.com\/utfpr.curitiba.br\/wp-content\/uploads\/sites\/62\/2020\/09\/01mdpi-300x300.png 300w, https:\/\/utfpr-ct-static-content.s3.amazonaws.com\/utfpr.curitiba.br\/wp-content\/uploads\/sites\/62\/2020\/09\/01mdpi-1024x1024.png 1024w, https:\/\/utfpr-ct-static-content.s3.amazonaws.com\/utfpr.curitiba.br\/wp-content\/uploads\/sites\/62\/2020\/09\/01mdpi-150x150.png 150w, https:\/\/utfpr-ct-static-content.s3.amazonaws.com\/utfpr.curitiba.br\/wp-content\/uploads\/sites\/62\/2020\/09\/01mdpi-768x769.png 768w, https:\/\/utfpr-ct-static-content.s3.amazonaws.com\/utfpr.curitiba.br\/wp-content\/uploads\/sites\/62\/2020\/09\/01mdpi-100x100.png 100w, https:\/\/utfpr-ct-static-content.s3.amazonaws.com\/utfpr.curitiba.br\/wp-content\/uploads\/sites\/62\/2020\/09\/01mdpi.png 1080w\" sizes=\"100vw\" \/><\/a>\n\t\t\t<\/div><\/figure><figure class='gallery-item'>\n\t\t\t<div class='gallery-icon portrait'>\n\t\t\t\t<a href='https:\/\/utfpr-ct-static-content.s3.amazonaws.com\/utfpr.curitiba.br\/wp-content\/uploads\/sites\/62\/2020\/09\/02mdpi.png'><img loading=\"lazy\" decoding=\"async\" width=\"300\" height=\"300\" src=\"https:\/\/utfpr-ct-static-content.s3.amazonaws.com\/utfpr.curitiba.br\/wp-content\/uploads\/sites\/62\/2020\/09\/02mdpi-300x300.png\" class=\"attachment-medium size-medium\" alt=\"\" srcset=\"https:\/\/utfpr-ct-static-content.s3.amazonaws.com\/utfpr.curitiba.br\/wp-content\/uploads\/sites\/62\/2020\/09\/02mdpi-300x300.png 300w, https:\/\/utfpr-ct-static-content.s3.amazonaws.com\/utfpr.curitiba.br\/wp-content\/uploads\/sites\/62\/2020\/09\/02mdpi-1024x1024.png 1024w, https:\/\/utfpr-ct-static-content.s3.amazonaws.com\/utfpr.curitiba.br\/wp-content\/uploads\/sites\/62\/2020\/09\/02mdpi-150x150.png 150w, https:\/\/utfpr-ct-static-content.s3.amazonaws.com\/utfpr.curitiba.br\/wp-content\/uploads\/sites\/62\/2020\/09\/02mdpi-768x769.png 768w, https:\/\/utfpr-ct-static-content.s3.amazonaws.com\/utfpr.curitiba.br\/wp-content\/uploads\/sites\/62\/2020\/09\/02mdpi-100x100.png 100w, https:\/\/utfpr-ct-static-content.s3.amazonaws.com\/utfpr.curitiba.br\/wp-content\/uploads\/sites\/62\/2020\/09\/02mdpi.png 1080w\" sizes=\"100vw\" \/><\/a>\n\t\t\t<\/div><\/figure>\n\t\t<\/div>\n\n","protected":false},"excerpt":{"rendered":"<p>A partir de segunda (28), novas atividades com conte\u00fados incr\u00edveis sobre design, tipografia, cer\u00e2mica e artes visuais agitam o T\u00e3o longe, t\u00e3o perto, e contam com a sua participa\u00e7\u00e3o! Tudo aberto e gratuito, para continuarmos unidos mesmo com a dist\u00e2ncia f\u00edsica da quarentena! Confira a programa\u00e7\u00e3o completa e inscreva-se! &nbsp; SEGUNDA (28\/9) 15 \u00e0s 17h: &hellip; <\/p>\n<p class=\"link-more\"><a href=\"https:\/\/utfpr.curitiba.br\/dadin\/?p=3630\" class=\"more-link\">Continue lendo<span class=\"screen-reader-text\"> &#8220;T\u00e3o Longe, T\u00e3o Perto: Confira a programa\u00e7\u00e3o da semana 28\/09 a 02\/10&#8221;<\/span><\/a><\/p>\n","protected":false},"author":35,"featured_media":0,"comment_status":"closed","ping_status":"closed","sticky":false,"template":"","format":"standard","meta":{"footnotes":""},"categories":[1],"tags":[],"class_list":["post-3630","post","type-post","status-publish","format-standard","hentry","category-sem-categoria"],"_links":{"self":[{"href":"https:\/\/utfpr.curitiba.br\/dadin\/index.php?rest_route=\/wp\/v2\/posts\/3630","targetHints":{"allow":["GET"]}}],"collection":[{"href":"https:\/\/utfpr.curitiba.br\/dadin\/index.php?rest_route=\/wp\/v2\/posts"}],"about":[{"href":"https:\/\/utfpr.curitiba.br\/dadin\/index.php?rest_route=\/wp\/v2\/types\/post"}],"author":[{"embeddable":true,"href":"https:\/\/utfpr.curitiba.br\/dadin\/index.php?rest_route=\/wp\/v2\/users\/35"}],"replies":[{"embeddable":true,"href":"https:\/\/utfpr.curitiba.br\/dadin\/index.php?rest_route=%2Fwp%2Fv2%2Fcomments&post=3630"}],"version-history":[{"count":1,"href":"https:\/\/utfpr.curitiba.br\/dadin\/index.php?rest_route=\/wp\/v2\/posts\/3630\/revisions"}],"predecessor-version":[{"id":3636,"href":"https:\/\/utfpr.curitiba.br\/dadin\/index.php?rest_route=\/wp\/v2\/posts\/3630\/revisions\/3636"}],"wp:attachment":[{"href":"https:\/\/utfpr.curitiba.br\/dadin\/index.php?rest_route=%2Fwp%2Fv2%2Fmedia&parent=3630"}],"wp:term":[{"taxonomy":"category","embeddable":true,"href":"https:\/\/utfpr.curitiba.br\/dadin\/index.php?rest_route=%2Fwp%2Fv2%2Fcategories&post=3630"},{"taxonomy":"post_tag","embeddable":true,"href":"https:\/\/utfpr.curitiba.br\/dadin\/index.php?rest_route=%2Fwp%2Fv2%2Ftags&post=3630"}],"curies":[{"name":"wp","href":"https:\/\/api.w.org\/{rel}","templated":true}]}}