{"id":3625,"date":"2020-09-18T20:34:50","date_gmt":"2020-09-18T20:34:50","guid":{"rendered":"https:\/\/dadin.ct.utfpr.edu.br\/?p=3625"},"modified":"2020-09-18T20:34:50","modified_gmt":"2020-09-18T20:34:50","slug":"tao-longe-tao-perto-confira-a-programacao-da-semana-2","status":"publish","type":"post","link":"https:\/\/utfpr.curitiba.br\/dadin\/?p=3625","title":{"rendered":"T\u00e3o Longe, T\u00e3o Perto: Confira a programa\u00e7\u00e3o da semana!"},"content":{"rendered":"<header class=\"entry-header\">\n<div class=\"entry-meta\"><\/div>\n<\/header>\n<div class=\"entry-content\">\n<p>21 a 25 de setembro: confira a programa\u00e7\u00e3o da semana!<\/p>\n<p>A partir de segunda (21), novas atividades com conte\u00fados incr\u00edveis sobre design, sa\u00fade, arquitetura, anima\u00e7\u00e3o e ilustra\u00e7\u00e3o agitam o\u00a0<b>T\u00e3o longe, t\u00e3o perto<\/b>, e contam com a sua participa\u00e7\u00e3o! Tudo aberto e gratuito, para continuarmos unidos mesmo com a dist\u00e2ncia f\u00edsica da quarentena!<\/p>\n<p>&nbsp;<\/p>\n<p><a href=\"https:\/\/taolongetaoperto.com\/programacao-e-inscricoes\/\">CLIQUE AQUI PARA CONFERIR A PROGRAMA\u00c7\u00c3O COMPLETA E FAZER SUAS INSCRI\u00c7\u00d5ES<\/p>\n<p><\/a><\/p>\n<p><b>CONFIRA AS ATIVIDADES QUE V\u00c3O ROLAR NA SEMANA:<\/b><\/p>\n<p>&nbsp;<\/p>\n<p><b>SEGUNDA (21\/9)<\/b><\/p>\n<p><b>15 \u00e0s 17h: Intera\u00e7\u00e3o no Cotidiano\u00a0<\/b><\/p>\n<p>Nessa atividade, rolam v\u00e1rias conversas descontra\u00eddas sobre o design de intera\u00e7\u00e3o no cotidiano.<\/p>\n<p><b>17 \u00e0s 18h: Design e Sa\u00fade: Reflex\u00f5es sobre o impacto do Parkinson na rotina<\/b><\/p>\n<p>O Projeto Est\u00edmulo, que visa pensar o Parkinson no \u00e2mbito familiar e social, convida Onacir Bueno para compartilhar sua experi\u00eancia sobre o assunto.<\/p>\n<p><b>19h30 \u00e0s 20h30: Como divulgar a minha marca na internet?<\/b><b><br \/>\n<\/b>Neste curso de tr\u00eas dias com v\u00e1rias atividades pr\u00e1ticas, voc\u00ea vai aprender um passo a passo de como divulgar produtos e servi\u00e7os pela internet. N\u00e3o perca o primeiro encontro!<\/p>\n<p>&nbsp;<\/p>\n<p><b>TE<\/b><b>R\u00c7A (22\/9)<\/b><\/p>\n<p><b>14 \u00e0s 15h: Momento Anima\u00e7\u00e3o: Anima\u00e7\u00e3o 3D e Realidade Aumentada<\/b><\/p>\n<p>Vem aprender um pouco sobre Anima\u00e7\u00e3o 3D e Realidade Aumentada neste curso! O evento \u00e9 promovido pelo N\u00facleo Design de Anima\u00e7\u00e3o UTFPR.<\/p>\n<p><b>16 \u00e0s 17h: Momento Anima\u00e7\u00e3o: Pintura Digital<\/b><b><br \/>\n<\/b>Toda ter\u00e7a voc\u00ea pode matar a curiosidade sobre a Pintura Digital neste evento do N\u00facleo Design de Anima\u00e7\u00e3o UTFPR!<\/p>\n<p>&nbsp;<\/p>\n<p><b>QUARTA (23\/9)<\/b><\/p>\n<p><b>18 \u00e0s 19h: Momento Anima\u00e7\u00e3o: Anima\u00e7\u00e3o Contempor\u00e2nea<\/b><\/p>\n<p>O que \u00e9 Anima\u00e7\u00e3o Contempor\u00e2nea? Vem descobrir!<br \/>\n<b>19 \u00e0s 20h: Momento Anima\u00e7\u00e3o: Stopmotion<\/b><\/p>\n<p>Se voc\u00ea curte Stopmotion, toda quarta rola o \u201cMomento Anima\u00e7\u00e3o: Stopmotion\u201d, com muita coisa bacana sobre o assunto.<\/p>\n<p><b>18h30 a 20h30: Mem\u00f3rias do Confinamento<\/b><\/p>\n<p>Conhe\u00e7a o projeto Mem\u00f3rias do Confinamento, que busca registrar a experi\u00eancia do isolamento social na perspectiva de estudantes e professores atrav\u00e9s de textos, imagens e v\u00eddeos.<\/p>\n<p>&nbsp;<\/p>\n<p><b>QUINTA (24\/9)<\/b><\/p>\n<p><b>16 \u00e0s 17h30: T\u00e3o perto de novo: Alguns passos iniciais para estudantes de design e arquitetura<\/b><\/p>\n<p>No segundo encontro do projeto \u201cT\u00e3o perto, de novo\u201d, voc\u00ea vai conferir um pouco sobre o que os professores Toshiyuki Sawada, Anna V\u00f6r\u00f6s e Heverson Akira Tamashiro tem a dizer sobre design e arquitetura.<\/p>\n<p><b>19 \u00e0s 21h: Em casa: o design no espa\u00e7o dom\u00e9stico | Design pop e narrativas sobre modernidade e futuro, com Marin\u00eas Ribeiro dos Santos e Pamela Bostelmman<\/b><\/p>\n<p>O \u201cEm Casa\u201d \u00e9 um ciclo de palestras que fala sobre a participa\u00e7\u00e3o do design no cotidiano dom\u00e9stico em v\u00e1rios aspectos. Neste encontro, ser\u00e1 debatido o Design pop, modernidade e futuro.<\/p>\n<p>&nbsp;<\/p>\n<p><b>SEXTA (25\/9)<\/b><\/p>\n<p><b>10 \u00e0s 11h30: Livros: Aprendendo a aprender a desenhar<\/b><\/p>\n<p>Nessa live, os professores Erick Kampa, Jos\u00e9 Marconi e Estev\u00e3o Chromiec ir\u00e3o conversar sobre os\u00a0 seis livros que mais influenciaram a aprendizagem deles sobre desenho.<\/p>\n<p><b>14 \u00e0s 15h: Momento Anima\u00e7\u00e3o: Cenografia e Dire\u00e7\u00e3o de Arte<\/b><\/p>\n<p>Qual a liga\u00e7\u00e3o entre Cenografia e Dire\u00e7\u00e3o de Arte e Anima\u00e7\u00e3o? Vem descobrir nessa s\u00e9rie de encontros!<\/p>\n<p><b>16h30 \u00e0s 18h: Teatro em pauta \u2013 TUT 2020\u00a0 | Produ\u00e7\u00e3o teatral: quem faz o qu\u00ea?<\/b><\/p>\n<p>O Teatro em Pauta \u2013 TUT 2020 \u00e9 um projeto de estudos sobre diversos temas teatrais. Neste encontro, voc\u00ea ir\u00e1 entender um pouco mais sobre produ\u00e7\u00e3o teatral.<\/p>\n<p><b>19 \u00e0s 20h: Desmistificando o instrumento de Contrato<\/b><\/p>\n<p>Vem aprender, sem \u201cjurisdiqu\u00eas\u201d, o que \u00e9 o instrumento do Contrato, para que serve, quais os principais aspectos que deve conter e como deve ser pensado na hora da contrata\u00e7\u00e3o, seja com um cliente ou com um fornecedor.<\/p>\n<p>&nbsp;<\/p>\n<p>Nesta semana tamb\u00e9m temos v\u00e1rias atividades em andamento, com as turmas j\u00e1 fechadas:<\/p>\n<p><b>SEGUNDA (21) e QUINTA (24\/9)<\/b><\/p>\n<p>16 \u00e0s 18:30: Confronta! Laborat\u00f3rio de Interven\u00e7\u00f5es Visuais<\/p>\n<p><b>QUARTA (23\/9)<\/b><\/p>\n<p>16 \u00e0s 17h: Ilustrar numa viagem entre cores e estilos<br \/>\n16 \u00e0s 17h30: Mapeando o Arco-\u00cdris: Introdu\u00e7\u00e3o \u00e0 Teoria da Cor<\/p>\n<p>19h30 \u00e0s 21h: O segredo dos seus olhos: Aspectos fisiol\u00f3gicos da teoria da cor<\/p>\n<p><b>QUINTA (24\/9)<\/b><br \/>\n19 \u00e0s 21: Grupo de estudos em Game Design<\/p>\n<div id='gallery-1' class='gallery galleryid-3625 gallery-columns-2 gallery-size-medium'><figure class='gallery-item'>\n\t\t\t<div class='gallery-icon portrait'>\n\t\t\t\t<a href='https:\/\/utfpr-ct-static-content.s3.amazonaws.com\/utfpr.curitiba.br\/wp-content\/uploads\/sites\/62\/2020\/09\/21.png'><img fetchpriority=\"high\" decoding=\"async\" width=\"300\" height=\"300\" src=\"https:\/\/utfpr-ct-static-content.s3.amazonaws.com\/utfpr.curitiba.br\/wp-content\/uploads\/sites\/62\/2020\/09\/21-300x300.png\" class=\"attachment-medium size-medium\" alt=\"\" srcset=\"https:\/\/utfpr-ct-static-content.s3.amazonaws.com\/utfpr.curitiba.br\/wp-content\/uploads\/sites\/62\/2020\/09\/21-300x300.png 300w, https:\/\/utfpr-ct-static-content.s3.amazonaws.com\/utfpr.curitiba.br\/wp-content\/uploads\/sites\/62\/2020\/09\/21-1024x1024.png 1024w, https:\/\/utfpr-ct-static-content.s3.amazonaws.com\/utfpr.curitiba.br\/wp-content\/uploads\/sites\/62\/2020\/09\/21-150x150.png 150w, https:\/\/utfpr-ct-static-content.s3.amazonaws.com\/utfpr.curitiba.br\/wp-content\/uploads\/sites\/62\/2020\/09\/21-768x769.png 768w, https:\/\/utfpr-ct-static-content.s3.amazonaws.com\/utfpr.curitiba.br\/wp-content\/uploads\/sites\/62\/2020\/09\/21-100x100.png 100w, https:\/\/utfpr-ct-static-content.s3.amazonaws.com\/utfpr.curitiba.br\/wp-content\/uploads\/sites\/62\/2020\/09\/21.png 1080w\" sizes=\"100vw\" \/><\/a>\n\t\t\t<\/div><\/figure><figure class='gallery-item'>\n\t\t\t<div class='gallery-icon portrait'>\n\t\t\t\t<a href='https:\/\/utfpr-ct-static-content.s3.amazonaws.com\/utfpr.curitiba.br\/wp-content\/uploads\/sites\/62\/2020\/09\/22.png'><img decoding=\"async\" width=\"300\" height=\"300\" src=\"https:\/\/utfpr-ct-static-content.s3.amazonaws.com\/utfpr.curitiba.br\/wp-content\/uploads\/sites\/62\/2020\/09\/22-300x300.png\" class=\"attachment-medium size-medium\" alt=\"\" srcset=\"https:\/\/utfpr-ct-static-content.s3.amazonaws.com\/utfpr.curitiba.br\/wp-content\/uploads\/sites\/62\/2020\/09\/22-300x300.png 300w, https:\/\/utfpr-ct-static-content.s3.amazonaws.com\/utfpr.curitiba.br\/wp-content\/uploads\/sites\/62\/2020\/09\/22-1024x1024.png 1024w, https:\/\/utfpr-ct-static-content.s3.amazonaws.com\/utfpr.curitiba.br\/wp-content\/uploads\/sites\/62\/2020\/09\/22-150x150.png 150w, https:\/\/utfpr-ct-static-content.s3.amazonaws.com\/utfpr.curitiba.br\/wp-content\/uploads\/sites\/62\/2020\/09\/22-768x769.png 768w, https:\/\/utfpr-ct-static-content.s3.amazonaws.com\/utfpr.curitiba.br\/wp-content\/uploads\/sites\/62\/2020\/09\/22-100x100.png 100w, https:\/\/utfpr-ct-static-content.s3.amazonaws.com\/utfpr.curitiba.br\/wp-content\/uploads\/sites\/62\/2020\/09\/22.png 1080w\" sizes=\"100vw\" \/><\/a>\n\t\t\t<\/div><\/figure><figure class='gallery-item'>\n\t\t\t<div class='gallery-icon portrait'>\n\t\t\t\t<a href='https:\/\/utfpr-ct-static-content.s3.amazonaws.com\/utfpr.curitiba.br\/wp-content\/uploads\/sites\/62\/2020\/09\/23.png'><img decoding=\"async\" width=\"300\" height=\"300\" src=\"https:\/\/utfpr-ct-static-content.s3.amazonaws.com\/utfpr.curitiba.br\/wp-content\/uploads\/sites\/62\/2020\/09\/23-300x300.png\" class=\"attachment-medium size-medium\" alt=\"\" srcset=\"https:\/\/utfpr-ct-static-content.s3.amazonaws.com\/utfpr.curitiba.br\/wp-content\/uploads\/sites\/62\/2020\/09\/23-300x300.png 300w, https:\/\/utfpr-ct-static-content.s3.amazonaws.com\/utfpr.curitiba.br\/wp-content\/uploads\/sites\/62\/2020\/09\/23-1024x1024.png 1024w, https:\/\/utfpr-ct-static-content.s3.amazonaws.com\/utfpr.curitiba.br\/wp-content\/uploads\/sites\/62\/2020\/09\/23-150x150.png 150w, https:\/\/utfpr-ct-static-content.s3.amazonaws.com\/utfpr.curitiba.br\/wp-content\/uploads\/sites\/62\/2020\/09\/23-768x769.png 768w, https:\/\/utfpr-ct-static-content.s3.amazonaws.com\/utfpr.curitiba.br\/wp-content\/uploads\/sites\/62\/2020\/09\/23-100x100.png 100w, https:\/\/utfpr-ct-static-content.s3.amazonaws.com\/utfpr.curitiba.br\/wp-content\/uploads\/sites\/62\/2020\/09\/23.png 1080w\" sizes=\"100vw\" \/><\/a>\n\t\t\t<\/div><\/figure><figure class='gallery-item'>\n\t\t\t<div class='gallery-icon portrait'>\n\t\t\t\t<a href='https:\/\/utfpr-ct-static-content.s3.amazonaws.com\/utfpr.curitiba.br\/wp-content\/uploads\/sites\/62\/2020\/09\/24.png'><img loading=\"lazy\" decoding=\"async\" width=\"300\" height=\"300\" src=\"https:\/\/utfpr-ct-static-content.s3.amazonaws.com\/utfpr.curitiba.br\/wp-content\/uploads\/sites\/62\/2020\/09\/24-300x300.png\" class=\"attachment-medium size-medium\" alt=\"\" srcset=\"https:\/\/utfpr-ct-static-content.s3.amazonaws.com\/utfpr.curitiba.br\/wp-content\/uploads\/sites\/62\/2020\/09\/24-300x300.png 300w, https:\/\/utfpr-ct-static-content.s3.amazonaws.com\/utfpr.curitiba.br\/wp-content\/uploads\/sites\/62\/2020\/09\/24-1024x1024.png 1024w, https:\/\/utfpr-ct-static-content.s3.amazonaws.com\/utfpr.curitiba.br\/wp-content\/uploads\/sites\/62\/2020\/09\/24-150x150.png 150w, https:\/\/utfpr-ct-static-content.s3.amazonaws.com\/utfpr.curitiba.br\/wp-content\/uploads\/sites\/62\/2020\/09\/24-768x769.png 768w, https:\/\/utfpr-ct-static-content.s3.amazonaws.com\/utfpr.curitiba.br\/wp-content\/uploads\/sites\/62\/2020\/09\/24-100x100.png 100w, https:\/\/utfpr-ct-static-content.s3.amazonaws.com\/utfpr.curitiba.br\/wp-content\/uploads\/sites\/62\/2020\/09\/24.png 1080w\" sizes=\"100vw\" \/><\/a>\n\t\t\t<\/div><\/figure><figure class='gallery-item'>\n\t\t\t<div class='gallery-icon portrait'>\n\t\t\t\t<a href='https:\/\/utfpr-ct-static-content.s3.amazonaws.com\/utfpr.curitiba.br\/wp-content\/uploads\/sites\/62\/2020\/09\/25.png'><img loading=\"lazy\" decoding=\"async\" width=\"300\" height=\"300\" src=\"https:\/\/utfpr-ct-static-content.s3.amazonaws.com\/utfpr.curitiba.br\/wp-content\/uploads\/sites\/62\/2020\/09\/25-300x300.png\" class=\"attachment-medium size-medium\" alt=\"\" srcset=\"https:\/\/utfpr-ct-static-content.s3.amazonaws.com\/utfpr.curitiba.br\/wp-content\/uploads\/sites\/62\/2020\/09\/25-300x300.png 300w, https:\/\/utfpr-ct-static-content.s3.amazonaws.com\/utfpr.curitiba.br\/wp-content\/uploads\/sites\/62\/2020\/09\/25-1024x1024.png 1024w, https:\/\/utfpr-ct-static-content.s3.amazonaws.com\/utfpr.curitiba.br\/wp-content\/uploads\/sites\/62\/2020\/09\/25-150x150.png 150w, https:\/\/utfpr-ct-static-content.s3.amazonaws.com\/utfpr.curitiba.br\/wp-content\/uploads\/sites\/62\/2020\/09\/25-768x769.png 768w, https:\/\/utfpr-ct-static-content.s3.amazonaws.com\/utfpr.curitiba.br\/wp-content\/uploads\/sites\/62\/2020\/09\/25-100x100.png 100w, https:\/\/utfpr-ct-static-content.s3.amazonaws.com\/utfpr.curitiba.br\/wp-content\/uploads\/sites\/62\/2020\/09\/25.png 1080w\" sizes=\"100vw\" \/><\/a>\n\t\t\t<\/div><\/figure>\n\t\t<\/div>\n\n<\/div>\n","protected":false},"excerpt":{"rendered":"<p>21 a 25 de setembro: confira a programa\u00e7\u00e3o da semana! A partir de segunda (21), novas atividades com conte\u00fados incr\u00edveis sobre design, sa\u00fade, arquitetura, anima\u00e7\u00e3o e ilustra\u00e7\u00e3o agitam o\u00a0T\u00e3o longe, t\u00e3o perto, e contam com a sua participa\u00e7\u00e3o! Tudo aberto e gratuito, para continuarmos unidos mesmo com a dist\u00e2ncia f\u00edsica da quarentena! &nbsp; CLIQUE AQUI &hellip; <\/p>\n<p class=\"link-more\"><a href=\"https:\/\/utfpr.curitiba.br\/dadin\/?p=3625\" class=\"more-link\">Continue lendo<span class=\"screen-reader-text\"> &#8220;T\u00e3o Longe, T\u00e3o Perto: Confira a programa\u00e7\u00e3o da semana!&#8221;<\/span><\/a><\/p>\n","protected":false},"author":35,"featured_media":0,"comment_status":"closed","ping_status":"closed","sticky":false,"template":"","format":"standard","meta":{"footnotes":""},"categories":[1],"tags":[],"class_list":["post-3625","post","type-post","status-publish","format-standard","hentry","category-sem-categoria"],"_links":{"self":[{"href":"https:\/\/utfpr.curitiba.br\/dadin\/index.php?rest_route=\/wp\/v2\/posts\/3625","targetHints":{"allow":["GET"]}}],"collection":[{"href":"https:\/\/utfpr.curitiba.br\/dadin\/index.php?rest_route=\/wp\/v2\/posts"}],"about":[{"href":"https:\/\/utfpr.curitiba.br\/dadin\/index.php?rest_route=\/wp\/v2\/types\/post"}],"author":[{"embeddable":true,"href":"https:\/\/utfpr.curitiba.br\/dadin\/index.php?rest_route=\/wp\/v2\/users\/35"}],"replies":[{"embeddable":true,"href":"https:\/\/utfpr.curitiba.br\/dadin\/index.php?rest_route=%2Fwp%2Fv2%2Fcomments&post=3625"}],"version-history":[{"count":1,"href":"https:\/\/utfpr.curitiba.br\/dadin\/index.php?rest_route=\/wp\/v2\/posts\/3625\/revisions"}],"predecessor-version":[{"id":3626,"href":"https:\/\/utfpr.curitiba.br\/dadin\/index.php?rest_route=\/wp\/v2\/posts\/3625\/revisions\/3626"}],"wp:attachment":[{"href":"https:\/\/utfpr.curitiba.br\/dadin\/index.php?rest_route=%2Fwp%2Fv2%2Fmedia&parent=3625"}],"wp:term":[{"taxonomy":"category","embeddable":true,"href":"https:\/\/utfpr.curitiba.br\/dadin\/index.php?rest_route=%2Fwp%2Fv2%2Fcategories&post=3625"},{"taxonomy":"post_tag","embeddable":true,"href":"https:\/\/utfpr.curitiba.br\/dadin\/index.php?rest_route=%2Fwp%2Fv2%2Ftags&post=3625"}],"curies":[{"name":"wp","href":"https:\/\/api.w.org\/{rel}","templated":true}]}}