{"id":3561,"date":"2020-09-11T22:30:59","date_gmt":"2020-09-11T22:30:59","guid":{"rendered":"https:\/\/dadin.ct.utfpr.edu.br\/?p=3561"},"modified":"2020-09-11T22:30:59","modified_gmt":"2020-09-11T22:30:59","slug":"tao-longe-tao-perto-confira-as-proximas-atividades-e-inscreva-se-2","status":"publish","type":"post","link":"https:\/\/utfpr.curitiba.br\/dadin\/?p=3561","title":{"rendered":"T\u00e3o longe, t\u00e3o perto: confira as pr\u00f3ximas atividades e inscreva-se!"},"content":{"rendered":"<p><span style=\"font-weight: 400;\">A programa\u00e7\u00e3o da pr\u00f3xima semana do <\/span><b>T\u00e3o Longe, t\u00e3o perto<\/b><span style=\"font-weight: 400;\"> j\u00e1 saiu! Clique no link para ver nossas atividades e se inscrever: <\/span><a href=\"https:\/\/www.even3.com.br\/taolongetaoperto\/\"><span style=\"font-weight: 400;\">https:\/\/www.even3.com.br\/taolongetaoperto\/<\/span><\/a><\/p>\n<p><span style=\"font-weight: 400;\">A partir de segunda (14), novas atividades com conte\u00fados incr\u00edveis sobre design, anima\u00e7\u00e3o, ilustra\u00e7\u00e3o, teoria da cor e game design contam com a sua participa\u00e7\u00e3o! Tudo aberto e gratuito, para continuarmos unidos mesmo com a dist\u00e2ncia da quarentena.<\/span><\/p>\n<p><span style=\"font-weight: 400;\">Quer saber mais sobre o TLTP? Siga-nos no Instagram e fique ligado em tudo o que est\u00e1 rolando: <\/span><a href=\"https:\/\/www.instagram.com\/taolonge.taoperto\/\"><span style=\"font-weight: 400;\">https:\/\/www.instagram.com\/taolonge.taoperto\/<\/span><\/a><\/p>\n<p>&nbsp;<\/p>\n<p><b>CONFIRA TODAS AS ATIVIDADES QUE V\u00c3O ROLAR NA SEMANA:<\/b><\/p>\n<p>&nbsp;<\/p>\n<p><b>SEGUNDA (14\/9)<\/b><\/p>\n<p><span style=\"font-weight: 400;\">10 \u00e0s 12: Workshop de Design Editorial e InDesign<\/span><\/p>\n<p><span style=\"font-weight: 400;\">15 \u00e0s 17: Clarice e a Pandemia &#8211; A hora da estrela<\/span><\/p>\n<p><span style=\"font-weight: 400;\">16 \u00e0s 18:30: Confronta! Laborat\u00f3rio de Interven\u00e7\u00f5es Visuais<\/span><\/p>\n<p>&nbsp;<\/p>\n<p><b>TE<\/b><b>R\u00c7A (15\/9)<\/b><\/p>\n<p><span style=\"font-weight: 400;\">14 \u00e0s 15: Momento Anima\u00e7\u00e3o: Anima\u00e7\u00e3o 3D e Realidade Aumentada<\/span><\/p>\n<p><span style=\"font-weight: 400;\">16 \u00e0s 17: Momento Anima\u00e7\u00e3o: Pintura Digital<\/span><\/p>\n<p><span style=\"font-weight: 400;\">19 \u00e0s 20: Qual a diferen\u00e7a entre mentorship e sponsorship e por que os dois s\u00e3o importantes para a sua carreira?<\/span><\/p>\n<p>&nbsp;<\/p>\n<p><b>QUARTA (16\/9)<\/b><\/p>\n<p><span style=\"font-weight: 400;\">10 \u00e0s 12: Workshop de Design Editorial e InDesign<\/span><\/p>\n<p><span style=\"font-weight: 400;\">16 \u00e0s 17: Ilustrar numa viagem entre cores e estilos<\/span><\/p>\n<p><span style=\"font-weight: 400;\">16 \u00e0s 17:30: Mapeando o Arco-\u00cdris: Introdu\u00e7\u00e3o \u00e0 Teoria da Cor<\/span><\/p>\n<p><span style=\"font-weight: 400;\">18 \u00e0s 19: Momento Anima\u00e7\u00e3o: Anima\u00e7\u00e3o Contempor\u00e2nea<\/span><\/p>\n<p><span style=\"font-weight: 400;\">18 \u00e0s 20: Covid-19: mitos e verdades sobre sistemas de descontamina\u00e7\u00e3o<\/span><\/p>\n<p><span style=\"font-weight: 400;\">19 \u00e0s 20: Momento Anima\u00e7\u00e3o: Stopmotion<\/span><\/p>\n<p><span style=\"font-weight: 400;\">19 \u00e0s 20:30: Roda de conversa Paulo Freire e Design<\/span><\/p>\n<p><span style=\"font-weight: 400;\">19:30 \u00e0s 21: O segredo dos seus olhos: Aspectos fisiol\u00f3gicos da teoria da cor<\/span><\/p>\n<p>&nbsp;<\/p>\n<p><b>QUINTA (17\/9)<\/b><\/p>\n<p><span style=\"font-weight: 400;\">16 \u00e0s 17:30: T\u00e3o perto, de novo: Design e artes em multimeios<\/span><\/p>\n<p><span style=\"font-weight: 400;\">16 \u00e0s 18:30: Confronta! Laborat\u00f3rio de Interven\u00e7\u00f5es Visuais<\/span><\/p>\n<p><span style=\"font-weight: 400;\">19 \u00e0s 21: Em casa: o design no espa\u00e7o dom\u00e9stico<\/span><\/p>\n<p><span style=\"font-weight: 400;\">19 \u00e0s 21: Grupo de estudos em Game Design<\/span><\/p>\n<p>&nbsp;<\/p>\n<p><b>SEXTA (18\/9)<\/b><\/p>\n<p><span style=\"font-weight: 400;\">10 \u00e0s 12: Workshop de Design Editorial e InDesign<\/span><\/p>\n<p><span style=\"font-weight: 400;\">14 \u00e0s 15: Momento Anima\u00e7\u00e3o: Cenografia e Dire\u00e7\u00e3o de Arte<\/span><\/p>\n<p><span style=\"font-weight: 400;\">18:30 \u00e0s 19:30: Arroz, Feij\u00e3o e Design: o basic\u00e3o da comunica\u00e7\u00e3o visual<\/span><\/p>\n<p><span style=\"font-weight: 400;\">19:30 \u00e0s 20:30: Psicologia das cores<\/span><\/p>\n<p>&nbsp;<\/p>\n<p><b>Ofere\u00e7a uma atividade<\/b><\/p>\n<p><span style=\"font-weight: 400;\">Todas as atividades do TLTP s\u00e3o oferecidas por volunt\u00e1rios. Por isso, para nosso projeto continuar funcionando, precisamos da sua ajuda. No\u0301s temos certeza que voce\u0302 sabe alguma coisa muito legal que gostaria de compartilhar com mais gente! Ofere\u00e7a uma fala sobre isso, um curso, ou qualquer outra atividade que voce\u0302 ache legal. Tem uma ideia? Envie ela por aqui: <\/span><a href=\"https:\/\/bit.ly\/taolonge-taoperto-proposta-de-atividade\"><span style=\"font-weight: 400;\">https:\/\/bit.ly\/taolonge-taoperto-proposta-de-atividade<\/span><\/a><\/p>\n<p><span style=\"font-weight: 400;\">Vale tudo! Dan\u00e7a, ilustra\u00e7\u00e3o, oficina de softwares, artesanato, medita\u00e7\u00e3o, conversas sobre design ou at\u00e9, quem sabe, um projeto bacana que voc\u00ea esteja desenvolvendo na sua \u00e1rea! O c\u00e9u \u00e9 o limite \ud83d\ude42\u00a0<\/span><\/p>\n<p>&nbsp;<\/p>\n<p><b>SOBRE O T\u00c3O LONGE, T\u00c3O PERTO<\/b><\/p>\n<p><span style=\"font-weight: 400;\">Diverso, aberto, org\u00e2nico, colaborativo. Esses s\u00e3o os princ\u00edpios que nos guiam na constru\u00e7\u00e3o do &#8220;T\u00e3o longe, t\u00e3o perto&#8221;, movimento criado na UTFPR como um catalisador de atividades e experi\u00eancias ligadas ao design durante o per\u00edodo de pandemia. Somos muitos: professores, t\u00e9cnicos administrativos, estudantes e interessados em design da comunidade externa, construindo juntos um espa\u00e7o de reflex\u00e3o, conhecimento e pluralidade.<\/span><\/p>\n<p><span style=\"font-weight: 400;\">Nosso movimento \u00e9 horizontal, dial\u00f3gico e colaborativo. Qualquer pessoa pode ajudar na organiza\u00e7\u00e3o, oferecer e participar das atividades. Somos um movimento vivo, com novas atividades surgindo a todo momento. Crescemos \u00e0 medida que mais pessoas se unem a n\u00f3s. A diversidade \u00e9 for\u00e7a que nos move: nosso movimento abra\u00e7a a pluralidade de temas e vis\u00f5es de mundo, sem opress\u00f5es e sem preconceitos. Una-se a n\u00f3s e fa\u00e7a parte deste movimento!<\/span><\/p>\n<p><b>Vamos trocar ideia no whats? <\/b><span style=\"font-weight: 400;\">Nosso movimento \u00e9 colaborativo, com uma pessoa ajudando a outra. No grupo do whats temos lembretes das atividades e troca de ideias para propor novas. T\u00e1 em d\u00favida sobre o melhor formato ou tema para o que voc\u00ea quer oferecer? L\u00e1 \u00e9 o lugar para pedir opini\u00e3o! Entre aqui: <\/span><a href=\"https:\/\/chat.whatsapp.com\/FgvHVoeaADf0jqg6RJrTjA\"><span style=\"font-weight: 400;\">https:\/\/chat.whatsapp.com\/FgvHVoeaADf0jqg6RJrTjA<\/span><\/a><\/p>\n<div id='gallery-1' class='gallery galleryid-3561 gallery-columns-2 gallery-size-medium'><figure class='gallery-item'>\n\t\t\t<div class='gallery-icon portrait'>\n\t\t\t\t<a href='https:\/\/utfpr-ct-static-content.s3.amazonaws.com\/utfpr.curitiba.br\/wp-content\/uploads\/sites\/62\/2020\/09\/dia-14_1mdpi.png'><img fetchpriority=\"high\" decoding=\"async\" width=\"300\" height=\"300\" src=\"https:\/\/utfpr-ct-static-content.s3.amazonaws.com\/utfpr.curitiba.br\/wp-content\/uploads\/sites\/62\/2020\/09\/dia-14_1mdpi-300x300.png\" class=\"attachment-medium size-medium\" alt=\"\" srcset=\"https:\/\/utfpr-ct-static-content.s3.amazonaws.com\/utfpr.curitiba.br\/wp-content\/uploads\/sites\/62\/2020\/09\/dia-14_1mdpi-300x300.png 300w, https:\/\/utfpr-ct-static-content.s3.amazonaws.com\/utfpr.curitiba.br\/wp-content\/uploads\/sites\/62\/2020\/09\/dia-14_1mdpi-1024x1024.png 1024w, https:\/\/utfpr-ct-static-content.s3.amazonaws.com\/utfpr.curitiba.br\/wp-content\/uploads\/sites\/62\/2020\/09\/dia-14_1mdpi-150x150.png 150w, https:\/\/utfpr-ct-static-content.s3.amazonaws.com\/utfpr.curitiba.br\/wp-content\/uploads\/sites\/62\/2020\/09\/dia-14_1mdpi-768x769.png 768w, https:\/\/utfpr-ct-static-content.s3.amazonaws.com\/utfpr.curitiba.br\/wp-content\/uploads\/sites\/62\/2020\/09\/dia-14_1mdpi-100x100.png 100w, https:\/\/utfpr-ct-static-content.s3.amazonaws.com\/utfpr.curitiba.br\/wp-content\/uploads\/sites\/62\/2020\/09\/dia-14_1mdpi.png 1080w\" sizes=\"100vw\" \/><\/a>\n\t\t\t<\/div><\/figure><figure class='gallery-item'>\n\t\t\t<div class='gallery-icon portrait'>\n\t\t\t\t<a href='https:\/\/utfpr-ct-static-content.s3.amazonaws.com\/utfpr.curitiba.br\/wp-content\/uploads\/sites\/62\/2020\/09\/dia-15_2mdpi.png'><img decoding=\"async\" width=\"300\" height=\"300\" src=\"https:\/\/utfpr-ct-static-content.s3.amazonaws.com\/utfpr.curitiba.br\/wp-content\/uploads\/sites\/62\/2020\/09\/dia-15_2mdpi-300x300.png\" class=\"attachment-medium size-medium\" alt=\"\" srcset=\"https:\/\/utfpr-ct-static-content.s3.amazonaws.com\/utfpr.curitiba.br\/wp-content\/uploads\/sites\/62\/2020\/09\/dia-15_2mdpi-300x300.png 300w, https:\/\/utfpr-ct-static-content.s3.amazonaws.com\/utfpr.curitiba.br\/wp-content\/uploads\/sites\/62\/2020\/09\/dia-15_2mdpi-1024x1024.png 1024w, https:\/\/utfpr-ct-static-content.s3.amazonaws.com\/utfpr.curitiba.br\/wp-content\/uploads\/sites\/62\/2020\/09\/dia-15_2mdpi-150x150.png 150w, https:\/\/utfpr-ct-static-content.s3.amazonaws.com\/utfpr.curitiba.br\/wp-content\/uploads\/sites\/62\/2020\/09\/dia-15_2mdpi-768x769.png 768w, https:\/\/utfpr-ct-static-content.s3.amazonaws.com\/utfpr.curitiba.br\/wp-content\/uploads\/sites\/62\/2020\/09\/dia-15_2mdpi-100x100.png 100w, https:\/\/utfpr-ct-static-content.s3.amazonaws.com\/utfpr.curitiba.br\/wp-content\/uploads\/sites\/62\/2020\/09\/dia-15_2mdpi.png 1080w\" sizes=\"100vw\" \/><\/a>\n\t\t\t<\/div><\/figure><figure class='gallery-item'>\n\t\t\t<div class='gallery-icon portrait'>\n\t\t\t\t<a href='https:\/\/utfpr-ct-static-content.s3.amazonaws.com\/utfpr.curitiba.br\/wp-content\/uploads\/sites\/62\/2020\/09\/dia-16mdpi.png'><img decoding=\"async\" width=\"300\" height=\"300\" src=\"https:\/\/utfpr-ct-static-content.s3.amazonaws.com\/utfpr.curitiba.br\/wp-content\/uploads\/sites\/62\/2020\/09\/dia-16mdpi-300x300.png\" class=\"attachment-medium size-medium\" alt=\"\" srcset=\"https:\/\/utfpr-ct-static-content.s3.amazonaws.com\/utfpr.curitiba.br\/wp-content\/uploads\/sites\/62\/2020\/09\/dia-16mdpi-300x300.png 300w, https:\/\/utfpr-ct-static-content.s3.amazonaws.com\/utfpr.curitiba.br\/wp-content\/uploads\/sites\/62\/2020\/09\/dia-16mdpi-1024x1024.png 1024w, https:\/\/utfpr-ct-static-content.s3.amazonaws.com\/utfpr.curitiba.br\/wp-content\/uploads\/sites\/62\/2020\/09\/dia-16mdpi-150x150.png 150w, https:\/\/utfpr-ct-static-content.s3.amazonaws.com\/utfpr.curitiba.br\/wp-content\/uploads\/sites\/62\/2020\/09\/dia-16mdpi-768x769.png 768w, https:\/\/utfpr-ct-static-content.s3.amazonaws.com\/utfpr.curitiba.br\/wp-content\/uploads\/sites\/62\/2020\/09\/dia-16mdpi-100x100.png 100w, https:\/\/utfpr-ct-static-content.s3.amazonaws.com\/utfpr.curitiba.br\/wp-content\/uploads\/sites\/62\/2020\/09\/dia-16mdpi.png 1080w\" sizes=\"100vw\" \/><\/a>\n\t\t\t<\/div><\/figure><figure class='gallery-item'>\n\t\t\t<div class='gallery-icon portrait'>\n\t\t\t\t<a href='https:\/\/utfpr-ct-static-content.s3.amazonaws.com\/utfpr.curitiba.br\/wp-content\/uploads\/sites\/62\/2020\/09\/dia-17_1mdpi.png'><img loading=\"lazy\" decoding=\"async\" width=\"300\" height=\"300\" src=\"https:\/\/utfpr-ct-static-content.s3.amazonaws.com\/utfpr.curitiba.br\/wp-content\/uploads\/sites\/62\/2020\/09\/dia-17_1mdpi-300x300.png\" class=\"attachment-medium size-medium\" alt=\"\" srcset=\"https:\/\/utfpr-ct-static-content.s3.amazonaws.com\/utfpr.curitiba.br\/wp-content\/uploads\/sites\/62\/2020\/09\/dia-17_1mdpi-300x300.png 300w, https:\/\/utfpr-ct-static-content.s3.amazonaws.com\/utfpr.curitiba.br\/wp-content\/uploads\/sites\/62\/2020\/09\/dia-17_1mdpi-1024x1024.png 1024w, https:\/\/utfpr-ct-static-content.s3.amazonaws.com\/utfpr.curitiba.br\/wp-content\/uploads\/sites\/62\/2020\/09\/dia-17_1mdpi-150x150.png 150w, https:\/\/utfpr-ct-static-content.s3.amazonaws.com\/utfpr.curitiba.br\/wp-content\/uploads\/sites\/62\/2020\/09\/dia-17_1mdpi-768x769.png 768w, https:\/\/utfpr-ct-static-content.s3.amazonaws.com\/utfpr.curitiba.br\/wp-content\/uploads\/sites\/62\/2020\/09\/dia-17_1mdpi-100x100.png 100w, https:\/\/utfpr-ct-static-content.s3.amazonaws.com\/utfpr.curitiba.br\/wp-content\/uploads\/sites\/62\/2020\/09\/dia-17_1mdpi.png 1080w\" sizes=\"100vw\" \/><\/a>\n\t\t\t<\/div><\/figure><figure class='gallery-item'>\n\t\t\t<div class='gallery-icon portrait'>\n\t\t\t\t<a href='https:\/\/utfpr-ct-static-content.s3.amazonaws.com\/utfpr.curitiba.br\/wp-content\/uploads\/sites\/62\/2020\/09\/dia-18_1mdpi.png'><img loading=\"lazy\" decoding=\"async\" width=\"300\" height=\"300\" src=\"https:\/\/utfpr-ct-static-content.s3.amazonaws.com\/utfpr.curitiba.br\/wp-content\/uploads\/sites\/62\/2020\/09\/dia-18_1mdpi-300x300.png\" class=\"attachment-medium size-medium\" alt=\"\" srcset=\"https:\/\/utfpr-ct-static-content.s3.amazonaws.com\/utfpr.curitiba.br\/wp-content\/uploads\/sites\/62\/2020\/09\/dia-18_1mdpi-300x300.png 300w, https:\/\/utfpr-ct-static-content.s3.amazonaws.com\/utfpr.curitiba.br\/wp-content\/uploads\/sites\/62\/2020\/09\/dia-18_1mdpi-1024x1024.png 1024w, https:\/\/utfpr-ct-static-content.s3.amazonaws.com\/utfpr.curitiba.br\/wp-content\/uploads\/sites\/62\/2020\/09\/dia-18_1mdpi-150x150.png 150w, https:\/\/utfpr-ct-static-content.s3.amazonaws.com\/utfpr.curitiba.br\/wp-content\/uploads\/sites\/62\/2020\/09\/dia-18_1mdpi-768x769.png 768w, https:\/\/utfpr-ct-static-content.s3.amazonaws.com\/utfpr.curitiba.br\/wp-content\/uploads\/sites\/62\/2020\/09\/dia-18_1mdpi-100x100.png 100w, https:\/\/utfpr-ct-static-content.s3.amazonaws.com\/utfpr.curitiba.br\/wp-content\/uploads\/sites\/62\/2020\/09\/dia-18_1mdpi.png 1080w\" sizes=\"100vw\" \/><\/a>\n\t\t\t<\/div><\/figure>\n\t\t<\/div>\n\n","protected":false},"excerpt":{"rendered":"<p>A programa\u00e7\u00e3o da pr\u00f3xima semana do T\u00e3o Longe, t\u00e3o perto j\u00e1 saiu! Clique no link para ver nossas atividades e se inscrever: https:\/\/www.even3.com.br\/taolongetaoperto\/ A partir de segunda (14), novas atividades com conte\u00fados incr\u00edveis sobre design, anima\u00e7\u00e3o, ilustra\u00e7\u00e3o, teoria da cor e game design contam com a sua participa\u00e7\u00e3o! Tudo aberto e gratuito, para continuarmos unidos &hellip; <\/p>\n<p class=\"link-more\"><a href=\"https:\/\/utfpr.curitiba.br\/dadin\/?p=3561\" class=\"more-link\">Continue lendo<span class=\"screen-reader-text\"> &#8220;T\u00e3o longe, t\u00e3o perto: confira as pr\u00f3ximas atividades e inscreva-se!&#8221;<\/span><\/a><\/p>\n","protected":false},"author":35,"featured_media":0,"comment_status":"closed","ping_status":"closed","sticky":false,"template":"","format":"standard","meta":{"footnotes":""},"categories":[1],"tags":[],"class_list":["post-3561","post","type-post","status-publish","format-standard","hentry","category-sem-categoria"],"_links":{"self":[{"href":"https:\/\/utfpr.curitiba.br\/dadin\/index.php?rest_route=\/wp\/v2\/posts\/3561","targetHints":{"allow":["GET"]}}],"collection":[{"href":"https:\/\/utfpr.curitiba.br\/dadin\/index.php?rest_route=\/wp\/v2\/posts"}],"about":[{"href":"https:\/\/utfpr.curitiba.br\/dadin\/index.php?rest_route=\/wp\/v2\/types\/post"}],"author":[{"embeddable":true,"href":"https:\/\/utfpr.curitiba.br\/dadin\/index.php?rest_route=\/wp\/v2\/users\/35"}],"replies":[{"embeddable":true,"href":"https:\/\/utfpr.curitiba.br\/dadin\/index.php?rest_route=%2Fwp%2Fv2%2Fcomments&post=3561"}],"version-history":[{"count":2,"href":"https:\/\/utfpr.curitiba.br\/dadin\/index.php?rest_route=\/wp\/v2\/posts\/3561\/revisions"}],"predecessor-version":[{"id":3568,"href":"https:\/\/utfpr.curitiba.br\/dadin\/index.php?rest_route=\/wp\/v2\/posts\/3561\/revisions\/3568"}],"wp:attachment":[{"href":"https:\/\/utfpr.curitiba.br\/dadin\/index.php?rest_route=%2Fwp%2Fv2%2Fmedia&parent=3561"}],"wp:term":[{"taxonomy":"category","embeddable":true,"href":"https:\/\/utfpr.curitiba.br\/dadin\/index.php?rest_route=%2Fwp%2Fv2%2Fcategories&post=3561"},{"taxonomy":"post_tag","embeddable":true,"href":"https:\/\/utfpr.curitiba.br\/dadin\/index.php?rest_route=%2Fwp%2Fv2%2Ftags&post=3561"}],"curies":[{"name":"wp","href":"https:\/\/api.w.org\/{rel}","templated":true}]}}