{"id":3520,"date":"2020-09-04T17:05:39","date_gmt":"2020-09-04T17:05:39","guid":{"rendered":"https:\/\/dadin.ct.utfpr.edu.br\/?p=3520"},"modified":"2020-09-04T19:27:19","modified_gmt":"2020-09-04T19:27:19","slug":"tao-longe-tao-perto-confira-as-proximas-atividades-e-inscreva-se","status":"publish","type":"post","link":"https:\/\/utfpr.curitiba.br\/dadin\/?p=3520","title":{"rendered":"T\u00e3o longe, t\u00e3o perto: confira as pr\u00f3ximas atividades e inscreva-se!"},"content":{"rendered":"<p><span style=\"font-weight: 400;\">Na pr\u00f3xima ter\u00e7a (8), vai rolar o primeiro encontro do <\/span><b>Workshop de Design Editorial e InDesign<\/b><span style=\"font-weight: 400;\"> com o professor Marco Mazzarotto. Ele vai falar sobre os conceitos b\u00e1sicos do Design Editorial e como aplic\u00e1-los em um projeto final usando o InDesign! Ser\u00e3o sete encontros e, para aproveitar bem as aulas, \u00e9 legal voc\u00ea ter no m\u00ednimo 5 horas dispon\u00edveis por semana para fazer as atividades pr\u00e1ticas. N\u00e3o perca esse curso, fa\u00e7a sua inscri\u00e7\u00e3o pelo Even <\/span><a href=\"https:\/\/www.even3.com.br\/taolongetaoperto\/\"><span style=\"font-weight: 400;\">clicando aqui!<\/span><\/a><\/p>\n<p><span style=\"font-weight: 400;\">E essa \u00e9 apenas uma das v\u00e1rias atividades abertas e gratuitas do <\/span><a href=\"https:\/\/dadin.ct.utfpr.edu.br\/tao-longe-tao-perto\/\"><span style=\"font-weight: 400;\">T\u00e3o longe, t\u00e3o perto<\/span><\/a><span style=\"font-weight: 400;\"> que v\u00e3o agitar a pr\u00f3xima semana.&nbsp;<\/span><\/p>\n<p><a href=\"https:\/\/taolongetaoperto.com\/programacao-e-inscricoes\/\"><b>Clique aqui para conferir os links para inscri\u00e7\u00f5es, lista de materiais e mais informa\u00e7\u00f5es sobre cada uma das atividades<\/b><\/a><b>.&nbsp;<\/b><\/p>\n<p>&nbsp;<\/p>\n<p><b>TE<\/b><b>R\u00c7A (8\/9)<\/b><\/p>\n<p><span style=\"font-weight: 400;\">10 \u00e0s 12h: Workshop de Design Editorial e InDesign<\/span><\/p>\n<p><span style=\"font-weight: 400;\">14 \u00e0s 15h: Momento Anima\u00e7\u00e3o: Anima\u00e7\u00e3o 3D e Realidade Aumentada<\/span><\/p>\n<p><span style=\"font-weight: 400;\">16 \u00e0s 17h: Momento Anima\u00e7\u00e3o: Pintura Digital<\/span><\/p>\n<p><span style=\"font-weight: 400;\">17:30 \u00e0s 19h: ANOTAR&#8230; APONTAR&#8230; APAGAR!!!<\/span><\/p>\n<p>&nbsp;<\/p>\n<p><b>QUARTA (9\/9)<\/b><\/p>\n<p><span style=\"font-weight: 400;\">10 \u00e0s 12h: Workshop de Design Editorial e InDesign<\/span><\/p>\n<p><span style=\"font-weight: 400;\">16 \u00e0s 17h: Ilustrar numa viagem entre cores e estilos<\/span><\/p>\n<p><span style=\"font-weight: 400;\">18 \u00e0s 20h: Design para o Bem Estar<\/span><\/p>\n<p><span style=\"font-weight: 400;\">18 \u00e0s 19h: Momento Anima\u00e7\u00e3o: Anima\u00e7\u00e3o Contempor\u00e2nea<\/span><\/p>\n<p><span style=\"font-weight: 400;\">19 \u00e0s 20h: Momento Anima\u00e7\u00e3o: Stopmotion<\/span><\/p>\n<p><span style=\"font-weight: 400;\">19 \u00e0s 20:30h: Roda de conversa Paulo Freire e Design<\/span><\/p>\n<p><span style=\"font-weight: 400;\">19 \u00e0s 21h: Em casa: o design no espa\u00e7o dom\u00e9stico&nbsp; &nbsp; &nbsp; &nbsp; <\/span><span style=\"font-weight: 400;\">&nbsp;&nbsp;&nbsp;&nbsp;&nbsp;&nbsp;&nbsp;&nbsp;&nbsp;&nbsp;&nbsp;&nbsp;&nbsp;&nbsp;&nbsp;&nbsp;<\/span><\/p>\n<p>&nbsp;<\/p>\n<p><b>QUINTA (10\/9)<\/b><\/p>\n<p><span style=\"font-weight: 400;\">10 \u00e0s 12h: Workshop de Design Editorial e InDesign<\/span><\/p>\n<p><span style=\"font-weight: 400;\">19 \u00e0s 21h: Grupo de estudos em Game Design<\/span><\/p>\n<p>&nbsp;<\/p>\n<p><b>SEXTA (11\/9)<\/b><\/p>\n<p><span style=\"font-weight: 400;\">10 \u00e0s 12h: Workshop de Design Editorial e InDesign<\/span><\/p>\n<p><span style=\"font-weight: 400;\">14 \u00e0s 15h: Momento Anima\u00e7\u00e3o: Cenografia e Dire\u00e7\u00e3o de Arte<\/span><\/p>\n<p><span style=\"font-weight: 400;\">16:30 \u00e0s 18h: Teatro em Pauta &#8211; TUT 2020 &#8211; A adrenalina dos bastidores<\/span><\/p>\n<p><span style=\"font-weight: 400;\">18 \u00e0s 20h: Aula de introdu\u00e7\u00e3o ao Arduino, piscando LED e utilizando bot\u00f5es<\/span><\/p>\n<p>&nbsp;<\/p>\n<div id='gallery-1' class='gallery galleryid-3520 gallery-columns-2 gallery-size-medium'><figure class='gallery-item'>\n\t\t\t<div class='gallery-icon portrait'>\n\t\t\t\t<a href='https:\/\/utfpr-ct-static-content.s3.amazonaws.com\/utfpr.curitiba.br\/wp-content\/uploads\/sites\/62\/2020\/09\/terca-08mdpi.png'><img fetchpriority=\"high\" decoding=\"async\" width=\"300\" height=\"300\" src=\"https:\/\/utfpr-ct-static-content.s3.amazonaws.com\/utfpr.curitiba.br\/wp-content\/uploads\/sites\/62\/2020\/09\/terca-08mdpi-300x300.png\" class=\"attachment-medium size-medium\" alt=\"\" srcset=\"https:\/\/utfpr-ct-static-content.s3.amazonaws.com\/utfpr.curitiba.br\/wp-content\/uploads\/sites\/62\/2020\/09\/terca-08mdpi-300x300.png 300w, https:\/\/utfpr-ct-static-content.s3.amazonaws.com\/utfpr.curitiba.br\/wp-content\/uploads\/sites\/62\/2020\/09\/terca-08mdpi-1024x1024.png 1024w, https:\/\/utfpr-ct-static-content.s3.amazonaws.com\/utfpr.curitiba.br\/wp-content\/uploads\/sites\/62\/2020\/09\/terca-08mdpi-150x150.png 150w, https:\/\/utfpr-ct-static-content.s3.amazonaws.com\/utfpr.curitiba.br\/wp-content\/uploads\/sites\/62\/2020\/09\/terca-08mdpi-768x768.png 768w, https:\/\/utfpr-ct-static-content.s3.amazonaws.com\/utfpr.curitiba.br\/wp-content\/uploads\/sites\/62\/2020\/09\/terca-08mdpi-1536x1536.png 1536w, https:\/\/utfpr-ct-static-content.s3.amazonaws.com\/utfpr.curitiba.br\/wp-content\/uploads\/sites\/62\/2020\/09\/terca-08mdpi-2048x2048.png 2048w, https:\/\/utfpr-ct-static-content.s3.amazonaws.com\/utfpr.curitiba.br\/wp-content\/uploads\/sites\/62\/2020\/09\/terca-08mdpi-100x100.png 100w\" sizes=\"100vw\" \/><\/a>\n\t\t\t<\/div><\/figure><figure class='gallery-item'>\n\t\t\t<div class='gallery-icon portrait'>\n\t\t\t\t<a href='https:\/\/utfpr-ct-static-content.s3.amazonaws.com\/utfpr.curitiba.br\/wp-content\/uploads\/sites\/62\/2020\/09\/quarta-9mdpi.png'><img decoding=\"async\" width=\"300\" height=\"300\" src=\"https:\/\/utfpr-ct-static-content.s3.amazonaws.com\/utfpr.curitiba.br\/wp-content\/uploads\/sites\/62\/2020\/09\/quarta-9mdpi-300x300.png\" class=\"attachment-medium size-medium\" alt=\"\" srcset=\"https:\/\/utfpr-ct-static-content.s3.amazonaws.com\/utfpr.curitiba.br\/wp-content\/uploads\/sites\/62\/2020\/09\/quarta-9mdpi-300x300.png 300w, https:\/\/utfpr-ct-static-content.s3.amazonaws.com\/utfpr.curitiba.br\/wp-content\/uploads\/sites\/62\/2020\/09\/quarta-9mdpi-1024x1024.png 1024w, https:\/\/utfpr-ct-static-content.s3.amazonaws.com\/utfpr.curitiba.br\/wp-content\/uploads\/sites\/62\/2020\/09\/quarta-9mdpi-150x150.png 150w, https:\/\/utfpr-ct-static-content.s3.amazonaws.com\/utfpr.curitiba.br\/wp-content\/uploads\/sites\/62\/2020\/09\/quarta-9mdpi-768x768.png 768w, https:\/\/utfpr-ct-static-content.s3.amazonaws.com\/utfpr.curitiba.br\/wp-content\/uploads\/sites\/62\/2020\/09\/quarta-9mdpi-1536x1536.png 1536w, https:\/\/utfpr-ct-static-content.s3.amazonaws.com\/utfpr.curitiba.br\/wp-content\/uploads\/sites\/62\/2020\/09\/quarta-9mdpi-2048x2048.png 2048w, https:\/\/utfpr-ct-static-content.s3.amazonaws.com\/utfpr.curitiba.br\/wp-content\/uploads\/sites\/62\/2020\/09\/quarta-9mdpi-100x100.png 100w\" sizes=\"100vw\" \/><\/a>\n\t\t\t<\/div><\/figure><figure class='gallery-item'>\n\t\t\t<div class='gallery-icon portrait'>\n\t\t\t\t<a href='https:\/\/utfpr-ct-static-content.s3.amazonaws.com\/utfpr.curitiba.br\/wp-content\/uploads\/sites\/62\/2020\/09\/quinta-10mdpi.png'><img decoding=\"async\" width=\"300\" height=\"300\" src=\"https:\/\/utfpr-ct-static-content.s3.amazonaws.com\/utfpr.curitiba.br\/wp-content\/uploads\/sites\/62\/2020\/09\/quinta-10mdpi-300x300.png\" class=\"attachment-medium size-medium\" alt=\"\" srcset=\"https:\/\/utfpr-ct-static-content.s3.amazonaws.com\/utfpr.curitiba.br\/wp-content\/uploads\/sites\/62\/2020\/09\/quinta-10mdpi-300x300.png 300w, https:\/\/utfpr-ct-static-content.s3.amazonaws.com\/utfpr.curitiba.br\/wp-content\/uploads\/sites\/62\/2020\/09\/quinta-10mdpi-1024x1024.png 1024w, https:\/\/utfpr-ct-static-content.s3.amazonaws.com\/utfpr.curitiba.br\/wp-content\/uploads\/sites\/62\/2020\/09\/quinta-10mdpi-150x150.png 150w, https:\/\/utfpr-ct-static-content.s3.amazonaws.com\/utfpr.curitiba.br\/wp-content\/uploads\/sites\/62\/2020\/09\/quinta-10mdpi-768x768.png 768w, https:\/\/utfpr-ct-static-content.s3.amazonaws.com\/utfpr.curitiba.br\/wp-content\/uploads\/sites\/62\/2020\/09\/quinta-10mdpi-1536x1536.png 1536w, https:\/\/utfpr-ct-static-content.s3.amazonaws.com\/utfpr.curitiba.br\/wp-content\/uploads\/sites\/62\/2020\/09\/quinta-10mdpi-2048x2048.png 2048w, https:\/\/utfpr-ct-static-content.s3.amazonaws.com\/utfpr.curitiba.br\/wp-content\/uploads\/sites\/62\/2020\/09\/quinta-10mdpi-100x100.png 100w\" sizes=\"100vw\" \/><\/a>\n\t\t\t<\/div><\/figure><figure class='gallery-item'>\n\t\t\t<div class='gallery-icon portrait'>\n\t\t\t\t<a href='https:\/\/utfpr-ct-static-content.s3.amazonaws.com\/utfpr.curitiba.br\/wp-content\/uploads\/sites\/62\/2020\/09\/sexta-11mdpi.png'><img loading=\"lazy\" decoding=\"async\" width=\"300\" height=\"300\" src=\"https:\/\/utfpr-ct-static-content.s3.amazonaws.com\/utfpr.curitiba.br\/wp-content\/uploads\/sites\/62\/2020\/09\/sexta-11mdpi-300x300.png\" class=\"attachment-medium size-medium\" alt=\"\" srcset=\"https:\/\/utfpr-ct-static-content.s3.amazonaws.com\/utfpr.curitiba.br\/wp-content\/uploads\/sites\/62\/2020\/09\/sexta-11mdpi-300x300.png 300w, https:\/\/utfpr-ct-static-content.s3.amazonaws.com\/utfpr.curitiba.br\/wp-content\/uploads\/sites\/62\/2020\/09\/sexta-11mdpi-1024x1024.png 1024w, https:\/\/utfpr-ct-static-content.s3.amazonaws.com\/utfpr.curitiba.br\/wp-content\/uploads\/sites\/62\/2020\/09\/sexta-11mdpi-150x150.png 150w, https:\/\/utfpr-ct-static-content.s3.amazonaws.com\/utfpr.curitiba.br\/wp-content\/uploads\/sites\/62\/2020\/09\/sexta-11mdpi-768x768.png 768w, https:\/\/utfpr-ct-static-content.s3.amazonaws.com\/utfpr.curitiba.br\/wp-content\/uploads\/sites\/62\/2020\/09\/sexta-11mdpi-1536x1536.png 1536w, https:\/\/utfpr-ct-static-content.s3.amazonaws.com\/utfpr.curitiba.br\/wp-content\/uploads\/sites\/62\/2020\/09\/sexta-11mdpi-2048x2048.png 2048w, https:\/\/utfpr-ct-static-content.s3.amazonaws.com\/utfpr.curitiba.br\/wp-content\/uploads\/sites\/62\/2020\/09\/sexta-11mdpi-100x100.png 100w\" sizes=\"100vw\" \/><\/a>\n\t\t\t<\/div><\/figure>\n\t\t<\/div>\n\n","protected":false},"excerpt":{"rendered":"<p>Na pr\u00f3xima ter\u00e7a (8), vai rolar o primeiro encontro do Workshop de Design Editorial e InDesign com o professor Marco Mazzarotto. Ele vai falar sobre os conceitos b\u00e1sicos do Design Editorial e como aplic\u00e1-los em um projeto final usando o InDesign! Ser\u00e3o sete encontros e, para aproveitar bem as aulas, \u00e9 legal voc\u00ea ter no &hellip; <\/p>\n<p class=\"link-more\"><a href=\"https:\/\/utfpr.curitiba.br\/dadin\/?p=3520\" class=\"more-link\">Continue lendo<span class=\"screen-reader-text\"> &#8220;T\u00e3o longe, t\u00e3o perto: confira as pr\u00f3ximas atividades e inscreva-se!&#8221;<\/span><\/a><\/p>\n","protected":false},"author":35,"featured_media":0,"comment_status":"closed","ping_status":"closed","sticky":false,"template":"","format":"standard","meta":{"footnotes":""},"categories":[53],"tags":[],"class_list":["post-3520","post","type-post","status-publish","format-standard","hentry","category-eventos-design"],"_links":{"self":[{"href":"https:\/\/utfpr.curitiba.br\/dadin\/index.php?rest_route=\/wp\/v2\/posts\/3520","targetHints":{"allow":["GET"]}}],"collection":[{"href":"https:\/\/utfpr.curitiba.br\/dadin\/index.php?rest_route=\/wp\/v2\/posts"}],"about":[{"href":"https:\/\/utfpr.curitiba.br\/dadin\/index.php?rest_route=\/wp\/v2\/types\/post"}],"author":[{"embeddable":true,"href":"https:\/\/utfpr.curitiba.br\/dadin\/index.php?rest_route=\/wp\/v2\/users\/35"}],"replies":[{"embeddable":true,"href":"https:\/\/utfpr.curitiba.br\/dadin\/index.php?rest_route=%2Fwp%2Fv2%2Fcomments&post=3520"}],"version-history":[{"count":3,"href":"https:\/\/utfpr.curitiba.br\/dadin\/index.php?rest_route=\/wp\/v2\/posts\/3520\/revisions"}],"predecessor-version":[{"id":3527,"href":"https:\/\/utfpr.curitiba.br\/dadin\/index.php?rest_route=\/wp\/v2\/posts\/3520\/revisions\/3527"}],"wp:attachment":[{"href":"https:\/\/utfpr.curitiba.br\/dadin\/index.php?rest_route=%2Fwp%2Fv2%2Fmedia&parent=3520"}],"wp:term":[{"taxonomy":"category","embeddable":true,"href":"https:\/\/utfpr.curitiba.br\/dadin\/index.php?rest_route=%2Fwp%2Fv2%2Fcategories&post=3520"},{"taxonomy":"post_tag","embeddable":true,"href":"https:\/\/utfpr.curitiba.br\/dadin\/index.php?rest_route=%2Fwp%2Fv2%2Ftags&post=3520"}],"curies":[{"name":"wp","href":"https:\/\/api.w.org\/{rel}","templated":true}]}}