{"id":3416,"date":"2020-08-28T21:49:22","date_gmt":"2020-08-28T21:49:22","guid":{"rendered":"https:\/\/dadin.ct.utfpr.edu.br\/?p=3416"},"modified":"2020-08-28T21:58:29","modified_gmt":"2020-08-28T21:58:29","slug":"comeca-essa-semana-momento-animacao-mais-atividades-do-tltp","status":"publish","type":"post","link":"https:\/\/utfpr.curitiba.br\/dadin\/?p=3416","title":{"rendered":"Come\u00e7a essa semana: Momento Anima\u00e7\u00e3o mais atividades do TLTP"},"content":{"rendered":"\t\t<div data-elementor-type=\"wp-post\" data-elementor-id=\"3416\" class=\"elementor elementor-3416\">\n\t\t\t\t\t\t<section class=\"elementor-section elementor-top-section elementor-element elementor-element-1acffc28 elementor-section-boxed elementor-section-height-default elementor-section-height-default\" data-id=\"1acffc28\" data-element_type=\"section\" data-e-type=\"section\">\n\t\t\t\t\t\t<div class=\"elementor-container elementor-column-gap-default\">\n\t\t\t\t\t<div class=\"elementor-column elementor-col-100 elementor-top-column elementor-element elementor-element-29204f69\" data-id=\"29204f69\" data-element_type=\"column\" data-e-type=\"column\">\n\t\t\t<div class=\"elementor-widget-wrap elementor-element-populated\">\n\t\t\t\t\t\t<div class=\"elementor-element elementor-element-4ca13ac4 elementor-widget elementor-widget-text-editor\" data-id=\"4ca13ac4\" data-element_type=\"widget\" data-e-type=\"widget\" data-widget_type=\"text-editor.default\">\n\t\t\t\t<div class=\"elementor-widget-container\">\n\t\t\t\t\t\t\t\t\t<p><span style=\"font-weight: 400;\">O <\/span><b>T\u00e3o longe, t\u00e3o perto<\/b><span style=\"font-weight: 400;\"> est\u00e1 com muitas atividades bacanas na pr\u00f3xima semana! Na ter\u00e7a, quarta e sexta, dias 1, 2 e 4 de setembro, ser\u00e3o realizados os encontros do <\/span><b>Momento Anima\u00e7\u00e3o<\/b><span style=\"font-weight: 400;\">, para deixar voc\u00ea por dentro de tudo que tem de mais legal nessa \u00e1rea!<\/span><\/p><p><span style=\"font-weight: 400;\">Al\u00e9m do <\/span><b>Momento Anima\u00e7\u00e3o<\/b><span style=\"font-weight: 400;\">, na pr\u00f3xima semana o T\u00e3o longe, t\u00e3o perto tamb\u00e9m traz novas atividades com conte\u00fados incr\u00edveis sobre design, anima\u00e7\u00e3o, ilustra\u00e7\u00e3o, game design e teatro. Tudo aberto e gratuito, para continuarmos unidos mesmo com a dist\u00e2ncia da quarentena.<\/span><\/p><p><b>CONFIRA TODAS AS ATIVIDADES QUE V\u00c3O ROLAR NA SEMANA:<\/b><b><br \/><\/b><a href=\"https:\/\/dadin.ct.utfpr.edu.br\/tao-longe-tao-perto\/\"><b>https:\/\/dadin.ct.utfpr.edu.br\/tao-longe-tao-perto\/<\/b><\/a><\/p><p><b><br \/>SEGUNDA (31\/8)\u00a0<\/b><\/p><p><span style=\"font-weight: 400;\">15 \u00e0s 17: Intera\u00e7\u00e3o no Cotidiano<br \/><\/span><span style=\"font-size: 1rem;\">18 \u00e0s 19: Desmistificando Yoga e Medita\u00e7\u00e3o<\/span><\/p><p><b>TER\u00c7A (1\/9)<\/b><\/p><p><span style=\"font-weight: 400;\">14 \u00e0s 15: Momento Anima\u00e7\u00e3o: Anima\u00e7\u00e3o 3D e Realidade Aumentada<br \/><\/span><span style=\"font-size: 1rem;\">14 \u00e0s 15:30: Ca\u00e7adores de mem\u00f3rias<br \/><\/span><span style=\"font-size: 1rem;\">16 \u00e0s 17: Momento Anima\u00e7\u00e3o: Pintura Digital<br \/><\/span><span style=\"font-size: 1rem;\">16 \u00e0s 17: Designer pode ser cientista? Uma conversa informal sobre inicia\u00e7\u00e3o cient\u00edfica<\/span><\/p><p><b>QUARTA (2\/9)<\/b><\/p><p><span style=\"font-weight: 400;\">16 \u00e0s 17: Ilustrar numa viagem entre cores e estilos<\/span><span style=\"font-weight: 400;\"><br \/><\/span><span style=\"font-weight: 400;\">18 \u00e0s 19: Momento Anima\u00e7\u00e3o: Anima\u00e7\u00e3o Contempor\u00e2nea<\/span><span style=\"font-weight: 400;\"><br \/><\/span><span style=\"font-weight: 400;\">19 \u00e0s 20: Momento Anima\u00e7\u00e3o: Stopmotion<\/span><span style=\"font-weight: 400;\"><br \/><\/span><span style=\"font-weight: 400;\">19 \u00e0s 20:30: Roda de conversa Paulo Freire e Design<\/span><\/p><p><b>QUINTA (3\/9)<\/b><\/p><p><span style=\"font-weight: 400;\">18:30 \u00e0s 20:30: Workshop de pintura com tinta acr\u00edlica<\/span><span style=\"font-weight: 400;\"><br \/><\/span><span style=\"font-weight: 400;\">19 \u00e0s 21: Grupo de estudos em Game Design<\/span><\/p><p><b>SEXTA (4\/9)<\/b><\/p><p><span style=\"font-weight: 400;\">14 \u00e0s 15<\/span><span style=\"font-weight: 400;\">: <\/span><span style=\"font-weight: 400;\">Momento Anima\u00e7\u00e3o: Cenografia e Dire\u00e7\u00e3o de Arte<\/span><span style=\"font-weight: 400;\"><br \/><\/span><span style=\"font-weight: 400;\">14 \u00e0s 15:30: ZINES: o que s\u00e3o, como produzir e por que aproveitar o isolamento para publicar?<br \/><\/span><span style=\"font-size: 1rem;\">16:30 \u00e0s 18: Teatro em Pauta &#8211; TUT 2020 &#8211; Ensaios e apresenta\u00e7\u00f5es: segredos do elenco do espet\u00e1culo OCO<\/span><\/p><p><b>S\u00c1BADO (5\/9)<\/b><\/p><p><span style=\"font-weight: 400;\">20 \u00e0s 21: The Impossible Girls &#8211; Clube do livro: Discuss\u00e3o do livro Frankenstein<\/span><\/p><p><b><br \/>Todas as informa\u00e7\u00f5es sobre inscri\u00e7\u00f5es, lista de materiais e mais informa\u00e7\u00f5es sobre as atividades est\u00e3o na nossa p\u00e1gina: <\/b><a href=\"https:\/\/dadin.ct.utfpr.edu.br\/tao-longe-tao-perto\/\"><b>https:\/\/dadin.ct.utfpr.edu.br\/tao-longe-tao-perto\/<\/b><\/a><\/p><p><span style=\"font-weight: 400;\">Quer saber mais sobre o TLTP? Nos siga no Instagram e fique ligado em tudo o que est\u00e1 rolando: <\/span><a href=\"https:\/\/www.instagram.com\/taolonge.taoperto\/\"><span style=\"font-weight: 400;\">https:\/\/www.instagram.com\/taolonge.taoperto\/<\/span><\/a><\/p><p>\u00a0<\/p><p><b>SOBRE O T\u00c3O LONGE, T\u00c3O PERTO<\/b><\/p><p><span style=\"font-weight: 400;\">Diverso, aberto, org\u00e2nico, colaborativo. Esses s\u00e3o os princ\u00edpios que nos guiam na constru\u00e7\u00e3o do &#8220;T\u00e3o longe, t\u00e3o perto&#8221;, movimento criado na UTFPR como um catalisador de atividades e experi\u00eancias ligadas ao design durante o per\u00edodo de pandemia. Somos muitos: professores, estudantes e interessados em design da comunidade externa, construindo juntos um espa\u00e7o de reflex\u00e3o, conhecimento e pluralidade.<\/span><\/p><p><span style=\"font-weight: 400;\">Nosso movimento \u00e9 horizontal, dial\u00f3gico e colaborativo. Qualquer pessoa pode ajudar na organiza\u00e7\u00e3o, oferecer e participar das atividades. Somos um movimento vivo, com novas atividades surgindo a todo momento. Crescemos \u00e0 medida que mais pessoas se unem a n\u00f3s. A diversidade \u00e9 for\u00e7a que nos move: nosso movimento abra\u00e7a a pluralidade de temas e vis\u00f5es de mundo, sem opress\u00f5es e sem preconceitos. Una-se a n\u00f3s e fa\u00e7a parte deste movimento!<\/span><\/p><div id='gallery-1' class='gallery galleryid-3416 gallery-columns-2 gallery-size-medium'><figure class='gallery-item'>\n\t\t\t<div class='gallery-icon portrait'>\n\t\t\t\t<a href='https:\/\/utfpr-ct-static-content.s3.amazonaws.com\/utfpr.curitiba.br\/wp-content\/uploads\/sites\/62\/2020\/08\/1dia-30mdpi.png'><img fetchpriority=\"high\" decoding=\"async\" width=\"300\" height=\"300\" src=\"https:\/\/utfpr-ct-static-content.s3.amazonaws.com\/utfpr.curitiba.br\/wp-content\/uploads\/sites\/62\/2020\/08\/1dia-30mdpi-300x300.png\" class=\"attachment-medium size-medium\" alt=\"\" srcset=\"https:\/\/utfpr-ct-static-content.s3.amazonaws.com\/utfpr.curitiba.br\/wp-content\/uploads\/sites\/62\/2020\/08\/1dia-30mdpi-300x300.png 300w, https:\/\/utfpr-ct-static-content.s3.amazonaws.com\/utfpr.curitiba.br\/wp-content\/uploads\/sites\/62\/2020\/08\/1dia-30mdpi-1024x1024.png 1024w, https:\/\/utfpr-ct-static-content.s3.amazonaws.com\/utfpr.curitiba.br\/wp-content\/uploads\/sites\/62\/2020\/08\/1dia-30mdpi-150x150.png 150w, https:\/\/utfpr-ct-static-content.s3.amazonaws.com\/utfpr.curitiba.br\/wp-content\/uploads\/sites\/62\/2020\/08\/1dia-30mdpi-768x768.png 768w, https:\/\/utfpr-ct-static-content.s3.amazonaws.com\/utfpr.curitiba.br\/wp-content\/uploads\/sites\/62\/2020\/08\/1dia-30mdpi-1536x1536.png 1536w, https:\/\/utfpr-ct-static-content.s3.amazonaws.com\/utfpr.curitiba.br\/wp-content\/uploads\/sites\/62\/2020\/08\/1dia-30mdpi-2048x2048.png 2048w, https:\/\/utfpr-ct-static-content.s3.amazonaws.com\/utfpr.curitiba.br\/wp-content\/uploads\/sites\/62\/2020\/08\/1dia-30mdpi-100x100.png 100w\" sizes=\"100vw\" \/><\/a>\n\t\t\t<\/div><\/figure><figure class='gallery-item'>\n\t\t\t<div class='gallery-icon portrait'>\n\t\t\t\t<a href='https:\/\/utfpr-ct-static-content.s3.amazonaws.com\/utfpr.curitiba.br\/wp-content\/uploads\/sites\/62\/2020\/08\/2dia-01mdpi.png'><img decoding=\"async\" width=\"300\" height=\"300\" src=\"https:\/\/utfpr-ct-static-content.s3.amazonaws.com\/utfpr.curitiba.br\/wp-content\/uploads\/sites\/62\/2020\/08\/2dia-01mdpi-300x300.png\" class=\"attachment-medium size-medium\" alt=\"\" srcset=\"https:\/\/utfpr-ct-static-content.s3.amazonaws.com\/utfpr.curitiba.br\/wp-content\/uploads\/sites\/62\/2020\/08\/2dia-01mdpi-300x300.png 300w, https:\/\/utfpr-ct-static-content.s3.amazonaws.com\/utfpr.curitiba.br\/wp-content\/uploads\/sites\/62\/2020\/08\/2dia-01mdpi-1024x1024.png 1024w, https:\/\/utfpr-ct-static-content.s3.amazonaws.com\/utfpr.curitiba.br\/wp-content\/uploads\/sites\/62\/2020\/08\/2dia-01mdpi-150x150.png 150w, https:\/\/utfpr-ct-static-content.s3.amazonaws.com\/utfpr.curitiba.br\/wp-content\/uploads\/sites\/62\/2020\/08\/2dia-01mdpi-768x768.png 768w, https:\/\/utfpr-ct-static-content.s3.amazonaws.com\/utfpr.curitiba.br\/wp-content\/uploads\/sites\/62\/2020\/08\/2dia-01mdpi-1536x1536.png 1536w, https:\/\/utfpr-ct-static-content.s3.amazonaws.com\/utfpr.curitiba.br\/wp-content\/uploads\/sites\/62\/2020\/08\/2dia-01mdpi-2048x2048.png 2048w, https:\/\/utfpr-ct-static-content.s3.amazonaws.com\/utfpr.curitiba.br\/wp-content\/uploads\/sites\/62\/2020\/08\/2dia-01mdpi-100x100.png 100w\" sizes=\"100vw\" \/><\/a>\n\t\t\t<\/div><\/figure><figure class='gallery-item'>\n\t\t\t<div class='gallery-icon portrait'>\n\t\t\t\t<a href='https:\/\/utfpr-ct-static-content.s3.amazonaws.com\/utfpr.curitiba.br\/wp-content\/uploads\/sites\/62\/2020\/08\/3dia-02mdpi.png'><img decoding=\"async\" width=\"300\" height=\"300\" src=\"https:\/\/utfpr-ct-static-content.s3.amazonaws.com\/utfpr.curitiba.br\/wp-content\/uploads\/sites\/62\/2020\/08\/3dia-02mdpi-300x300.png\" class=\"attachment-medium size-medium\" alt=\"\" srcset=\"https:\/\/utfpr-ct-static-content.s3.amazonaws.com\/utfpr.curitiba.br\/wp-content\/uploads\/sites\/62\/2020\/08\/3dia-02mdpi-300x300.png 300w, https:\/\/utfpr-ct-static-content.s3.amazonaws.com\/utfpr.curitiba.br\/wp-content\/uploads\/sites\/62\/2020\/08\/3dia-02mdpi-1024x1024.png 1024w, https:\/\/utfpr-ct-static-content.s3.amazonaws.com\/utfpr.curitiba.br\/wp-content\/uploads\/sites\/62\/2020\/08\/3dia-02mdpi-150x150.png 150w, https:\/\/utfpr-ct-static-content.s3.amazonaws.com\/utfpr.curitiba.br\/wp-content\/uploads\/sites\/62\/2020\/08\/3dia-02mdpi-768x768.png 768w, https:\/\/utfpr-ct-static-content.s3.amazonaws.com\/utfpr.curitiba.br\/wp-content\/uploads\/sites\/62\/2020\/08\/3dia-02mdpi-1536x1536.png 1536w, https:\/\/utfpr-ct-static-content.s3.amazonaws.com\/utfpr.curitiba.br\/wp-content\/uploads\/sites\/62\/2020\/08\/3dia-02mdpi-2048x2048.png 2048w, https:\/\/utfpr-ct-static-content.s3.amazonaws.com\/utfpr.curitiba.br\/wp-content\/uploads\/sites\/62\/2020\/08\/3dia-02mdpi-100x100.png 100w\" sizes=\"100vw\" \/><\/a>\n\t\t\t<\/div><\/figure><figure class='gallery-item'>\n\t\t\t<div class='gallery-icon portrait'>\n\t\t\t\t<a href='https:\/\/utfpr-ct-static-content.s3.amazonaws.com\/utfpr.curitiba.br\/wp-content\/uploads\/sites\/62\/2020\/08\/4dia-3mdpi.png'><img loading=\"lazy\" decoding=\"async\" width=\"300\" height=\"300\" src=\"https:\/\/utfpr-ct-static-content.s3.amazonaws.com\/utfpr.curitiba.br\/wp-content\/uploads\/sites\/62\/2020\/08\/4dia-3mdpi-300x300.png\" class=\"attachment-medium size-medium\" alt=\"\" srcset=\"https:\/\/utfpr-ct-static-content.s3.amazonaws.com\/utfpr.curitiba.br\/wp-content\/uploads\/sites\/62\/2020\/08\/4dia-3mdpi-300x300.png 300w, https:\/\/utfpr-ct-static-content.s3.amazonaws.com\/utfpr.curitiba.br\/wp-content\/uploads\/sites\/62\/2020\/08\/4dia-3mdpi-1024x1024.png 1024w, https:\/\/utfpr-ct-static-content.s3.amazonaws.com\/utfpr.curitiba.br\/wp-content\/uploads\/sites\/62\/2020\/08\/4dia-3mdpi-150x150.png 150w, https:\/\/utfpr-ct-static-content.s3.amazonaws.com\/utfpr.curitiba.br\/wp-content\/uploads\/sites\/62\/2020\/08\/4dia-3mdpi-768x768.png 768w, https:\/\/utfpr-ct-static-content.s3.amazonaws.com\/utfpr.curitiba.br\/wp-content\/uploads\/sites\/62\/2020\/08\/4dia-3mdpi-1536x1536.png 1536w, https:\/\/utfpr-ct-static-content.s3.amazonaws.com\/utfpr.curitiba.br\/wp-content\/uploads\/sites\/62\/2020\/08\/4dia-3mdpi-2048x2048.png 2048w, https:\/\/utfpr-ct-static-content.s3.amazonaws.com\/utfpr.curitiba.br\/wp-content\/uploads\/sites\/62\/2020\/08\/4dia-3mdpi-100x100.png 100w\" sizes=\"100vw\" \/><\/a>\n\t\t\t<\/div><\/figure><figure class='gallery-item'>\n\t\t\t<div class='gallery-icon portrait'>\n\t\t\t\t<a href='https:\/\/utfpr-ct-static-content.s3.amazonaws.com\/utfpr.curitiba.br\/wp-content\/uploads\/sites\/62\/2020\/08\/5dia-4mdpi.png'><img loading=\"lazy\" decoding=\"async\" width=\"300\" height=\"300\" src=\"https:\/\/utfpr-ct-static-content.s3.amazonaws.com\/utfpr.curitiba.br\/wp-content\/uploads\/sites\/62\/2020\/08\/5dia-4mdpi-300x300.png\" class=\"attachment-medium size-medium\" alt=\"\" srcset=\"https:\/\/utfpr-ct-static-content.s3.amazonaws.com\/utfpr.curitiba.br\/wp-content\/uploads\/sites\/62\/2020\/08\/5dia-4mdpi-300x300.png 300w, https:\/\/utfpr-ct-static-content.s3.amazonaws.com\/utfpr.curitiba.br\/wp-content\/uploads\/sites\/62\/2020\/08\/5dia-4mdpi-1024x1024.png 1024w, https:\/\/utfpr-ct-static-content.s3.amazonaws.com\/utfpr.curitiba.br\/wp-content\/uploads\/sites\/62\/2020\/08\/5dia-4mdpi-150x150.png 150w, https:\/\/utfpr-ct-static-content.s3.amazonaws.com\/utfpr.curitiba.br\/wp-content\/uploads\/sites\/62\/2020\/08\/5dia-4mdpi-768x768.png 768w, https:\/\/utfpr-ct-static-content.s3.amazonaws.com\/utfpr.curitiba.br\/wp-content\/uploads\/sites\/62\/2020\/08\/5dia-4mdpi-1536x1536.png 1536w, https:\/\/utfpr-ct-static-content.s3.amazonaws.com\/utfpr.curitiba.br\/wp-content\/uploads\/sites\/62\/2020\/08\/5dia-4mdpi-2048x2048.png 2048w, https:\/\/utfpr-ct-static-content.s3.amazonaws.com\/utfpr.curitiba.br\/wp-content\/uploads\/sites\/62\/2020\/08\/5dia-4mdpi-100x100.png 100w\" sizes=\"100vw\" \/><\/a>\n\t\t\t<\/div><\/figure><figure class='gallery-item'>\n\t\t\t<div class='gallery-icon portrait'>\n\t\t\t\t<a href='https:\/\/utfpr-ct-static-content.s3.amazonaws.com\/utfpr.curitiba.br\/wp-content\/uploads\/sites\/62\/2020\/08\/6dia-5_1mdpi.png'><img loading=\"lazy\" decoding=\"async\" width=\"300\" height=\"300\" src=\"https:\/\/utfpr-ct-static-content.s3.amazonaws.com\/utfpr.curitiba.br\/wp-content\/uploads\/sites\/62\/2020\/08\/6dia-5_1mdpi-300x300.png\" class=\"attachment-medium size-medium\" alt=\"\" srcset=\"https:\/\/utfpr-ct-static-content.s3.amazonaws.com\/utfpr.curitiba.br\/wp-content\/uploads\/sites\/62\/2020\/08\/6dia-5_1mdpi-300x300.png 300w, https:\/\/utfpr-ct-static-content.s3.amazonaws.com\/utfpr.curitiba.br\/wp-content\/uploads\/sites\/62\/2020\/08\/6dia-5_1mdpi-1024x1024.png 1024w, https:\/\/utfpr-ct-static-content.s3.amazonaws.com\/utfpr.curitiba.br\/wp-content\/uploads\/sites\/62\/2020\/08\/6dia-5_1mdpi-150x150.png 150w, https:\/\/utfpr-ct-static-content.s3.amazonaws.com\/utfpr.curitiba.br\/wp-content\/uploads\/sites\/62\/2020\/08\/6dia-5_1mdpi-768x768.png 768w, https:\/\/utfpr-ct-static-content.s3.amazonaws.com\/utfpr.curitiba.br\/wp-content\/uploads\/sites\/62\/2020\/08\/6dia-5_1mdpi-1536x1536.png 1536w, https:\/\/utfpr-ct-static-content.s3.amazonaws.com\/utfpr.curitiba.br\/wp-content\/uploads\/sites\/62\/2020\/08\/6dia-5_1mdpi-2048x2048.png 2048w, https:\/\/utfpr-ct-static-content.s3.amazonaws.com\/utfpr.curitiba.br\/wp-content\/uploads\/sites\/62\/2020\/08\/6dia-5_1mdpi-100x100.png 100w\" sizes=\"100vw\" \/><\/a>\n\t\t\t<\/div><\/figure>\n\t\t<\/div>\n<p>\u00a0<\/p>\t\t\t\t\t\t\t\t<\/div>\n\t\t\t\t<\/div>\n\t\t\t\t\t<\/div>\n\t\t<\/div>\n\t\t\t\t\t<\/div>\n\t\t<\/section>\n\t\t\t\t<\/div>\n\t\t","protected":false},"excerpt":{"rendered":"<p>O T\u00e3o longe, t\u00e3o perto est\u00e1 com muitas atividades bacanas na pr\u00f3xima semana! Na ter\u00e7a, quarta e sexta, dias 1, 2 e 4 de setembro, ser\u00e3o realizados os encontros do Momento Anima\u00e7\u00e3o, para deixar voc\u00ea por dentro de tudo que tem de mais legal nessa \u00e1rea! Al\u00e9m do Momento Anima\u00e7\u00e3o, na pr\u00f3xima semana o T\u00e3o &hellip; <\/p>\n<p class=\"link-more\"><a href=\"https:\/\/utfpr.curitiba.br\/dadin\/?p=3416\" class=\"more-link\">Continue lendo<span class=\"screen-reader-text\"> &#8220;Come\u00e7a essa semana: Momento Anima\u00e7\u00e3o mais atividades do TLTP&#8221;<\/span><\/a><\/p>\n","protected":false},"author":35,"featured_media":0,"comment_status":"closed","ping_status":"closed","sticky":false,"template":"","format":"standard","meta":{"footnotes":""},"categories":[1],"tags":[],"class_list":["post-3416","post","type-post","status-publish","format-standard","hentry","category-sem-categoria"],"_links":{"self":[{"href":"https:\/\/utfpr.curitiba.br\/dadin\/index.php?rest_route=\/wp\/v2\/posts\/3416","targetHints":{"allow":["GET"]}}],"collection":[{"href":"https:\/\/utfpr.curitiba.br\/dadin\/index.php?rest_route=\/wp\/v2\/posts"}],"about":[{"href":"https:\/\/utfpr.curitiba.br\/dadin\/index.php?rest_route=\/wp\/v2\/types\/post"}],"author":[{"embeddable":true,"href":"https:\/\/utfpr.curitiba.br\/dadin\/index.php?rest_route=\/wp\/v2\/users\/35"}],"replies":[{"embeddable":true,"href":"https:\/\/utfpr.curitiba.br\/dadin\/index.php?rest_route=%2Fwp%2Fv2%2Fcomments&post=3416"}],"version-history":[{"count":12,"href":"https:\/\/utfpr.curitiba.br\/dadin\/index.php?rest_route=\/wp\/v2\/posts\/3416\/revisions"}],"predecessor-version":[{"id":3435,"href":"https:\/\/utfpr.curitiba.br\/dadin\/index.php?rest_route=\/wp\/v2\/posts\/3416\/revisions\/3435"}],"wp:attachment":[{"href":"https:\/\/utfpr.curitiba.br\/dadin\/index.php?rest_route=%2Fwp%2Fv2%2Fmedia&parent=3416"}],"wp:term":[{"taxonomy":"category","embeddable":true,"href":"https:\/\/utfpr.curitiba.br\/dadin\/index.php?rest_route=%2Fwp%2Fv2%2Fcategories&post=3416"},{"taxonomy":"post_tag","embeddable":true,"href":"https:\/\/utfpr.curitiba.br\/dadin\/index.php?rest_route=%2Fwp%2Fv2%2Ftags&post=3416"}],"curies":[{"name":"wp","href":"https:\/\/api.w.org\/{rel}","templated":true}]}}