{"id":3196,"date":"2020-08-15T17:02:37","date_gmt":"2020-08-15T17:02:37","guid":{"rendered":"https:\/\/dadin.ct.utfpr.edu.br\/?p=3196"},"modified":"2020-08-15T17:07:13","modified_gmt":"2020-08-15T17:07:13","slug":"tao-longe-tao-perto-confira-as-atividades-da-semana-e-inscreva-se-3","status":"publish","type":"post","link":"https:\/\/utfpr.curitiba.br\/dadin\/?p=3196","title":{"rendered":"T\u00e3o longe, t\u00e3o perto: confira as atividades da semana e inscreva-se!"},"content":{"rendered":"<p><span style=\"font-weight: 400;\">O <\/span><b>T\u00e3o longe, t\u00e3o perto<\/b><span style=\"font-weight: 400;\"> est\u00e1 com muitas atividades bacanas na pr\u00f3xima semana!<\/span><\/p>\n<p><span style=\"font-weight: 400;\">A partir de segunda (17), novas atividades com conte\u00fados bacanas sobre design, literatura, teatro e artes visuais contam com a sua participa\u00e7\u00e3o. Tudo aberto e gratuito, para continuarmos unidos mesmo com a dist\u00e2ncia da quarentena.<\/span><\/p>\n<p><span style=\"font-weight: 400;\">Convidamos voc\u00ea a compartilhar suas ideias para o evento e contar o que voc\u00ea quer ver por aqui! Inscreva-se: <\/span><a href=\"https:\/\/www.even3.com.br\/taolongetaoperto\/\"><span style=\"font-weight: 400;\">https:\/\/www.even3.com.br\/taolongetaoperto\/<\/span><\/a><\/p>\n<p><b>CONFIRA TODAS AS ATIVIDADES QUE V\u00c3O ROLAR NA SEMANA: <\/b><a href=\"https:\/\/dadin.ct.utfpr.edu.br\/tao-longe-tao-perto\/\"><b>https:\/\/dadin.ct.utfpr.edu.br\/tao-longe-tao-perto\/<\/b><\/a><\/p>\n<p>&nbsp;<\/p>\n<p><b>SEGUNDA (17\/8)&nbsp;<\/b><\/p>\n<p><span style=\"font-weight: 400;\">15 \u00e0s 17h: Intera\u00e7\u00e3o no Cotidiano<\/span><\/p>\n<p><span style=\"font-weight: 400;\">16 \u00e0s 18h30: Confronta! Laborat\u00f3rio de Interven\u00e7\u00f5es Visuais<\/span><\/p>\n<p><span style=\"font-weight: 400;\">19 \u00e0s 20h: <\/span><span style=\"font-weight: 400;\">Impress\u00e3o sua: impress\u00f5es sobre impressos<\/span><\/p>\n<p><span style=\"font-weight: 400;\">19 \u00e0s 20h30: Cer\u00e2mica pl\u00e1stica sem medo de ser feliz<\/span><\/p>\n<p><span style=\"font-weight: 400;\">19 \u00e0s 20:30: Talentos UTFPR: Karen Giraldi | Design Gr\u00e1fico UTFPR 20 anos #nossahist\u00f3ria<\/span><\/p>\n<p>&nbsp;<\/p>\n<p><b>TER\u00c7A (18\/8)<\/b><\/p>\n<p><span style=\"font-weight: 400;\">13:30 \u00e0s 17: Mini Curso ArchiCAD 23&nbsp;<\/span><\/p>\n<p><span style=\"font-weight: 400;\">18 \u00e0s 20: A (in)visibilidade das mulheres no design<\/span><\/p>\n<p><span style=\"font-weight: 400;\">19 \u00e0s 20:30: Talentos UTFPR: Tiago Americo | Design Gr\u00e1fico UTFPR 20 anos #nossahist\u00f3ria<\/span><\/p>\n<p>&nbsp;<\/p>\n<p><b>QUARTA (19\/8)<\/b><\/p>\n<p><span style=\"font-weight: 400;\">14 \u00e0s 15: Design para produ\u00e7\u00e3o e consumo sustent\u00e1veis<\/span><\/p>\n<p><span style=\"font-weight: 400;\">14 \u00e0s 16: Qual pre\u00e7o do meu design? &#8211; como viver (muito bem) de design.<\/span><\/p>\n<p><span style=\"font-weight: 400;\">16 \u00e0s 17: Ilustrar numa viagem entre cores e estilos.<\/span><\/p>\n<p><span style=\"font-weight: 400;\">16 \u00e0s 17:30: Mapeando o Arco-\u00cdris: Introdu\u00e7\u00e3o \u00e0 Teoria da Cor (turma 1)<\/span><\/p>\n<p><span style=\"font-weight: 400;\">18 \u00e0s 19: Manual do app: O que voc\u00ea precisa saber antes de montar o seu aplicativo!<\/span><\/p>\n<p><span style=\"font-weight: 400;\">19 \u00e0s 20:30: Roda de conversa Paulo Freire e Design<\/span><\/p>\n<p><span style=\"font-weight: 400;\">19 \u00e0s 21: Live: A Invisibiliza\u00e7\u00e3o das Mulheres no Design, com Georgia Hauner e a Mobilinea<\/span><\/p>\n<p><span style=\"font-weight: 400;\">19:30 \u00e0s 21: Mapeando o Arco-\u00cdris: Introdu\u00e7\u00e3o \u00e0 Teoria da Cor (turma 2)<\/span><\/p>\n<p>&nbsp;<\/p>\n<p><b>QUINTA (20\/8)<\/b><\/p>\n<p><span style=\"font-weight: 400;\">09 \u00e0s 10: Pr\u00e1tica de Yoga<\/span><\/p>\n<p><span style=\"font-weight: 400;\">13:30 \u00e0s 17: Mini Curso ArchiCAD 23&nbsp;<\/span><\/p>\n<p><span style=\"font-weight: 400;\">16 \u00e0s 18:30: Confronta!: Laborat\u00f3rio de Interven\u00e7\u00f5es Visuais<\/span><\/p>\n<p><span style=\"font-weight: 400;\">18 \u00e0s 20: A (in)visibilidade das mulheres no design<\/span><\/p>\n<p><span style=\"font-weight: 400;\">18 \u00e0s 19: Design de interfaces e linguagens digitais<\/span><\/p>\n<p>&nbsp;<\/p>\n<p><b>SEXTA (21\/8)<\/b><\/p>\n<p><span style=\"font-weight: 400;\">16:30 \u00e0s 18: Teatro em Pauta &#8211; TUT 2020 &#8211; Prepara\u00e7\u00e3o f\u00edsica e dramaturgia corporal nas artes da cena: teatro, dan\u00e7a e circo, estudo de caso em OCO.<\/span><\/p>\n<p><span style=\"font-weight: 400;\">18 \u00e0s 19: Manual do design: O que voc\u00ea precisa saber antes de criar seu app!<\/span><\/p>\n<p><span style=\"font-weight: 400;\">19 \u00e0s 20:30: Talentos UTFPR: Fernando Nogari | Design Gr\u00e1fico UTFPR 20 anos #nossahist\u00f3ria<\/span><\/p>\n<p><span style=\"font-weight: 400;\">19 \u00e0s 20:30: Portfolio: dez coisas que voc\u00ea est\u00e1 fazendo errado.<\/span><\/p>\n<p>&nbsp;<\/p>\n<p><b>Todas as informa\u00e7\u00f5es sobre inscri\u00e7\u00f5es, lista de materiais e mais informa\u00e7\u00f5es sobre as atividades est\u00e3o na nossa p\u00e1gina: <\/b><a href=\"https:\/\/dadin.ct.utfpr.edu.br\/tao-longe-tao-perto\/\"><b>https:\/\/dadin.ct.utfpr.edu.br\/tao-longe-tao-perto\/<\/b><\/a><\/p>\n<p><span style=\"font-weight: 400;\">Quer saber mais sobre o TLTP? Nos siga no Instagram e fique ligado em tudo o que est\u00e1 rolando: <\/span><a href=\"https:\/\/www.instagram.com\/taolonge.taoperto\/\"><span style=\"font-weight: 400;\">https:\/\/www.instagram.com\/taolonge.taoperto\/<\/span><\/a><\/p>\n<p>&nbsp;<\/p>\n<p><b>SOBRE O T\u00c3O LONGE, T\u00c3O PERTO<\/b><\/p>\n<p><span style=\"font-weight: 400;\">Diverso, aberto, org\u00e2nico, colaborativo. Esses s\u00e3o os princ\u00edpios que nos guiam na constru\u00e7\u00e3o do &#8220;T\u00e3o longe, t\u00e3o perto&#8221;, movimento criado na UTFPR como um catalisador de atividades e experi\u00eancias ligadas ao design durante o per\u00edodo de pandemia. Somos muitos: professores, estudantes e interessados em design da comunidade externa, construindo juntos um espa\u00e7o de reflex\u00e3o, conhecimento e pluralidade.<\/span><\/p>\n<p><span style=\"font-weight: 400;\">Nosso movimento \u00e9 horizontal, dial\u00f3gico e colaborativo. Qualquer pessoa pode ajudar na organiza\u00e7\u00e3o, oferecer e participar das atividades. Somos um movimento vivo, com novas atividades surgindo a todo momento. Crescemos \u00e0 medida que mais pessoas se unem a n\u00f3s. A diversidade \u00e9 for\u00e7a que nos move: nosso movimento abra\u00e7a a pluralidade de temas e vis\u00f5es de mundo, sem opress\u00f5es e sem preconceitos. Una-se a n\u00f3s e fa\u00e7a parte deste movimento!<\/span><\/p>\n<div id='gallery-1' class='gallery galleryid-3196 gallery-columns-2 gallery-size-medium'><figure class='gallery-item'>\n\t\t\t<div class='gallery-icon portrait'>\n\t\t\t\t<a href='https:\/\/utfpr-ct-static-content.s3.amazonaws.com\/utfpr.curitiba.br\/wp-content\/uploads\/sites\/62\/2020\/08\/dia-17-0.jpg'><img fetchpriority=\"high\" decoding=\"async\" width=\"300\" height=\"300\" src=\"https:\/\/utfpr-ct-static-content.s3.amazonaws.com\/utfpr.curitiba.br\/wp-content\/uploads\/sites\/62\/2020\/08\/dia-17-0-300x300.jpg\" class=\"attachment-medium size-medium\" alt=\"\" srcset=\"https:\/\/utfpr-ct-static-content.s3.amazonaws.com\/utfpr.curitiba.br\/wp-content\/uploads\/sites\/62\/2020\/08\/dia-17-0-300x300.jpg 300w, https:\/\/utfpr-ct-static-content.s3.amazonaws.com\/utfpr.curitiba.br\/wp-content\/uploads\/sites\/62\/2020\/08\/dia-17-0-1024x1024.jpg 1024w, https:\/\/utfpr-ct-static-content.s3.amazonaws.com\/utfpr.curitiba.br\/wp-content\/uploads\/sites\/62\/2020\/08\/dia-17-0-150x150.jpg 150w, https:\/\/utfpr-ct-static-content.s3.amazonaws.com\/utfpr.curitiba.br\/wp-content\/uploads\/sites\/62\/2020\/08\/dia-17-0-768x769.jpg 768w, https:\/\/utfpr-ct-static-content.s3.amazonaws.com\/utfpr.curitiba.br\/wp-content\/uploads\/sites\/62\/2020\/08\/dia-17-0-100x100.jpg 100w, https:\/\/utfpr-ct-static-content.s3.amazonaws.com\/utfpr.curitiba.br\/wp-content\/uploads\/sites\/62\/2020\/08\/dia-17-0.jpg 1080w\" sizes=\"100vw\" \/><\/a>\n\t\t\t<\/div><\/figure><figure class='gallery-item'>\n\t\t\t<div class='gallery-icon portrait'>\n\t\t\t\t<a href='https:\/\/utfpr-ct-static-content.s3.amazonaws.com\/utfpr.curitiba.br\/wp-content\/uploads\/sites\/62\/2020\/08\/dia-17-1.jpg'><img decoding=\"async\" width=\"300\" height=\"300\" src=\"https:\/\/utfpr-ct-static-content.s3.amazonaws.com\/utfpr.curitiba.br\/wp-content\/uploads\/sites\/62\/2020\/08\/dia-17-1-300x300.jpg\" class=\"attachment-medium size-medium\" alt=\"\" srcset=\"https:\/\/utfpr-ct-static-content.s3.amazonaws.com\/utfpr.curitiba.br\/wp-content\/uploads\/sites\/62\/2020\/08\/dia-17-1-300x300.jpg 300w, https:\/\/utfpr-ct-static-content.s3.amazonaws.com\/utfpr.curitiba.br\/wp-content\/uploads\/sites\/62\/2020\/08\/dia-17-1-1024x1024.jpg 1024w, https:\/\/utfpr-ct-static-content.s3.amazonaws.com\/utfpr.curitiba.br\/wp-content\/uploads\/sites\/62\/2020\/08\/dia-17-1-150x150.jpg 150w, https:\/\/utfpr-ct-static-content.s3.amazonaws.com\/utfpr.curitiba.br\/wp-content\/uploads\/sites\/62\/2020\/08\/dia-17-1-768x769.jpg 768w, https:\/\/utfpr-ct-static-content.s3.amazonaws.com\/utfpr.curitiba.br\/wp-content\/uploads\/sites\/62\/2020\/08\/dia-17-1-100x100.jpg 100w, https:\/\/utfpr-ct-static-content.s3.amazonaws.com\/utfpr.curitiba.br\/wp-content\/uploads\/sites\/62\/2020\/08\/dia-17-1.jpg 1080w\" sizes=\"100vw\" \/><\/a>\n\t\t\t<\/div><\/figure><figure class='gallery-item'>\n\t\t\t<div class='gallery-icon portrait'>\n\t\t\t\t<a href='https:\/\/utfpr-ct-static-content.s3.amazonaws.com\/utfpr.curitiba.br\/wp-content\/uploads\/sites\/62\/2020\/08\/dia-180.jpg'><img decoding=\"async\" width=\"300\" height=\"300\" src=\"https:\/\/utfpr-ct-static-content.s3.amazonaws.com\/utfpr.curitiba.br\/wp-content\/uploads\/sites\/62\/2020\/08\/dia-180-300x300.jpg\" class=\"attachment-medium size-medium\" alt=\"\" srcset=\"https:\/\/utfpr-ct-static-content.s3.amazonaws.com\/utfpr.curitiba.br\/wp-content\/uploads\/sites\/62\/2020\/08\/dia-180-300x300.jpg 300w, https:\/\/utfpr-ct-static-content.s3.amazonaws.com\/utfpr.curitiba.br\/wp-content\/uploads\/sites\/62\/2020\/08\/dia-180-1024x1024.jpg 1024w, https:\/\/utfpr-ct-static-content.s3.amazonaws.com\/utfpr.curitiba.br\/wp-content\/uploads\/sites\/62\/2020\/08\/dia-180-150x150.jpg 150w, https:\/\/utfpr-ct-static-content.s3.amazonaws.com\/utfpr.curitiba.br\/wp-content\/uploads\/sites\/62\/2020\/08\/dia-180-768x769.jpg 768w, https:\/\/utfpr-ct-static-content.s3.amazonaws.com\/utfpr.curitiba.br\/wp-content\/uploads\/sites\/62\/2020\/08\/dia-180-100x100.jpg 100w, https:\/\/utfpr-ct-static-content.s3.amazonaws.com\/utfpr.curitiba.br\/wp-content\/uploads\/sites\/62\/2020\/08\/dia-180.jpg 1080w\" sizes=\"100vw\" \/><\/a>\n\t\t\t<\/div><\/figure><figure class='gallery-item'>\n\t\t\t<div class='gallery-icon portrait'>\n\t\t\t\t<a href='https:\/\/utfpr-ct-static-content.s3.amazonaws.com\/utfpr.curitiba.br\/wp-content\/uploads\/sites\/62\/2020\/08\/dia-19-0.jpg'><img loading=\"lazy\" decoding=\"async\" width=\"300\" height=\"300\" src=\"https:\/\/utfpr-ct-static-content.s3.amazonaws.com\/utfpr.curitiba.br\/wp-content\/uploads\/sites\/62\/2020\/08\/dia-19-0-300x300.jpg\" class=\"attachment-medium size-medium\" alt=\"\" srcset=\"https:\/\/utfpr-ct-static-content.s3.amazonaws.com\/utfpr.curitiba.br\/wp-content\/uploads\/sites\/62\/2020\/08\/dia-19-0-300x300.jpg 300w, https:\/\/utfpr-ct-static-content.s3.amazonaws.com\/utfpr.curitiba.br\/wp-content\/uploads\/sites\/62\/2020\/08\/dia-19-0-1024x1024.jpg 1024w, https:\/\/utfpr-ct-static-content.s3.amazonaws.com\/utfpr.curitiba.br\/wp-content\/uploads\/sites\/62\/2020\/08\/dia-19-0-150x150.jpg 150w, https:\/\/utfpr-ct-static-content.s3.amazonaws.com\/utfpr.curitiba.br\/wp-content\/uploads\/sites\/62\/2020\/08\/dia-19-0-768x769.jpg 768w, https:\/\/utfpr-ct-static-content.s3.amazonaws.com\/utfpr.curitiba.br\/wp-content\/uploads\/sites\/62\/2020\/08\/dia-19-0-100x100.jpg 100w, https:\/\/utfpr-ct-static-content.s3.amazonaws.com\/utfpr.curitiba.br\/wp-content\/uploads\/sites\/62\/2020\/08\/dia-19-0.jpg 1080w\" sizes=\"100vw\" \/><\/a>\n\t\t\t<\/div><\/figure><figure class='gallery-item'>\n\t\t\t<div class='gallery-icon portrait'>\n\t\t\t\t<a href='https:\/\/utfpr-ct-static-content.s3.amazonaws.com\/utfpr.curitiba.br\/wp-content\/uploads\/sites\/62\/2020\/08\/dia-19-1.jpg'><img loading=\"lazy\" decoding=\"async\" width=\"300\" height=\"300\" src=\"https:\/\/utfpr-ct-static-content.s3.amazonaws.com\/utfpr.curitiba.br\/wp-content\/uploads\/sites\/62\/2020\/08\/dia-19-1-300x300.jpg\" class=\"attachment-medium size-medium\" alt=\"\" srcset=\"https:\/\/utfpr-ct-static-content.s3.amazonaws.com\/utfpr.curitiba.br\/wp-content\/uploads\/sites\/62\/2020\/08\/dia-19-1-300x300.jpg 300w, https:\/\/utfpr-ct-static-content.s3.amazonaws.com\/utfpr.curitiba.br\/wp-content\/uploads\/sites\/62\/2020\/08\/dia-19-1-1024x1024.jpg 1024w, https:\/\/utfpr-ct-static-content.s3.amazonaws.com\/utfpr.curitiba.br\/wp-content\/uploads\/sites\/62\/2020\/08\/dia-19-1-150x150.jpg 150w, https:\/\/utfpr-ct-static-content.s3.amazonaws.com\/utfpr.curitiba.br\/wp-content\/uploads\/sites\/62\/2020\/08\/dia-19-1-768x769.jpg 768w, https:\/\/utfpr-ct-static-content.s3.amazonaws.com\/utfpr.curitiba.br\/wp-content\/uploads\/sites\/62\/2020\/08\/dia-19-1-100x100.jpg 100w, https:\/\/utfpr-ct-static-content.s3.amazonaws.com\/utfpr.curitiba.br\/wp-content\/uploads\/sites\/62\/2020\/08\/dia-19-1.jpg 1080w\" sizes=\"100vw\" \/><\/a>\n\t\t\t<\/div><\/figure><figure class='gallery-item'>\n\t\t\t<div class='gallery-icon portrait'>\n\t\t\t\t<a href='https:\/\/utfpr-ct-static-content.s3.amazonaws.com\/utfpr.curitiba.br\/wp-content\/uploads\/sites\/62\/2020\/08\/dia-200.jpg'><img loading=\"lazy\" decoding=\"async\" width=\"300\" height=\"300\" src=\"https:\/\/utfpr-ct-static-content.s3.amazonaws.com\/utfpr.curitiba.br\/wp-content\/uploads\/sites\/62\/2020\/08\/dia-200-300x300.jpg\" class=\"attachment-medium size-medium\" alt=\"\" srcset=\"https:\/\/utfpr-ct-static-content.s3.amazonaws.com\/utfpr.curitiba.br\/wp-content\/uploads\/sites\/62\/2020\/08\/dia-200-300x300.jpg 300w, https:\/\/utfpr-ct-static-content.s3.amazonaws.com\/utfpr.curitiba.br\/wp-content\/uploads\/sites\/62\/2020\/08\/dia-200-1024x1024.jpg 1024w, https:\/\/utfpr-ct-static-content.s3.amazonaws.com\/utfpr.curitiba.br\/wp-content\/uploads\/sites\/62\/2020\/08\/dia-200-150x150.jpg 150w, https:\/\/utfpr-ct-static-content.s3.amazonaws.com\/utfpr.curitiba.br\/wp-content\/uploads\/sites\/62\/2020\/08\/dia-200-768x769.jpg 768w, https:\/\/utfpr-ct-static-content.s3.amazonaws.com\/utfpr.curitiba.br\/wp-content\/uploads\/sites\/62\/2020\/08\/dia-200-100x100.jpg 100w, https:\/\/utfpr-ct-static-content.s3.amazonaws.com\/utfpr.curitiba.br\/wp-content\/uploads\/sites\/62\/2020\/08\/dia-200.jpg 1080w\" sizes=\"100vw\" \/><\/a>\n\t\t\t<\/div><\/figure><figure class='gallery-item'>\n\t\t\t<div class='gallery-icon portrait'>\n\t\t\t\t<a href='https:\/\/utfpr-ct-static-content.s3.amazonaws.com\/utfpr.curitiba.br\/wp-content\/uploads\/sites\/62\/2020\/08\/dia-210.jpg'><img loading=\"lazy\" decoding=\"async\" width=\"300\" height=\"300\" src=\"https:\/\/utfpr-ct-static-content.s3.amazonaws.com\/utfpr.curitiba.br\/wp-content\/uploads\/sites\/62\/2020\/08\/dia-210-300x300.jpg\" class=\"attachment-medium size-medium\" alt=\"\" srcset=\"https:\/\/utfpr-ct-static-content.s3.amazonaws.com\/utfpr.curitiba.br\/wp-content\/uploads\/sites\/62\/2020\/08\/dia-210-300x300.jpg 300w, https:\/\/utfpr-ct-static-content.s3.amazonaws.com\/utfpr.curitiba.br\/wp-content\/uploads\/sites\/62\/2020\/08\/dia-210-1024x1024.jpg 1024w, https:\/\/utfpr-ct-static-content.s3.amazonaws.com\/utfpr.curitiba.br\/wp-content\/uploads\/sites\/62\/2020\/08\/dia-210-150x150.jpg 150w, https:\/\/utfpr-ct-static-content.s3.amazonaws.com\/utfpr.curitiba.br\/wp-content\/uploads\/sites\/62\/2020\/08\/dia-210-768x769.jpg 768w, https:\/\/utfpr-ct-static-content.s3.amazonaws.com\/utfpr.curitiba.br\/wp-content\/uploads\/sites\/62\/2020\/08\/dia-210-100x100.jpg 100w, https:\/\/utfpr-ct-static-content.s3.amazonaws.com\/utfpr.curitiba.br\/wp-content\/uploads\/sites\/62\/2020\/08\/dia-210.jpg 1080w\" sizes=\"100vw\" \/><\/a>\n\t\t\t<\/div><\/figure>\n\t\t<\/div>\n\n<p>&nbsp;<\/p>\n","protected":false},"excerpt":{"rendered":"<p>O T\u00e3o longe, t\u00e3o perto est\u00e1 com muitas atividades bacanas na pr\u00f3xima semana! A partir de segunda (17), novas atividades com conte\u00fados bacanas sobre design, literatura, teatro e artes visuais contam com a sua participa\u00e7\u00e3o. Tudo aberto e gratuito, para continuarmos unidos mesmo com a dist\u00e2ncia da quarentena. Convidamos voc\u00ea a compartilhar suas ideias para &hellip; <\/p>\n<p class=\"link-more\"><a href=\"https:\/\/utfpr.curitiba.br\/dadin\/?p=3196\" class=\"more-link\">Continue lendo<span class=\"screen-reader-text\"> &#8220;T\u00e3o longe, t\u00e3o perto: confira as atividades da semana e inscreva-se!&#8221;<\/span><\/a><\/p>\n","protected":false},"author":35,"featured_media":0,"comment_status":"closed","ping_status":"closed","sticky":false,"template":"","format":"standard","meta":{"footnotes":""},"categories":[1],"tags":[],"class_list":["post-3196","post","type-post","status-publish","format-standard","hentry","category-sem-categoria"],"_links":{"self":[{"href":"https:\/\/utfpr.curitiba.br\/dadin\/index.php?rest_route=\/wp\/v2\/posts\/3196","targetHints":{"allow":["GET"]}}],"collection":[{"href":"https:\/\/utfpr.curitiba.br\/dadin\/index.php?rest_route=\/wp\/v2\/posts"}],"about":[{"href":"https:\/\/utfpr.curitiba.br\/dadin\/index.php?rest_route=\/wp\/v2\/types\/post"}],"author":[{"embeddable":true,"href":"https:\/\/utfpr.curitiba.br\/dadin\/index.php?rest_route=\/wp\/v2\/users\/35"}],"replies":[{"embeddable":true,"href":"https:\/\/utfpr.curitiba.br\/dadin\/index.php?rest_route=%2Fwp%2Fv2%2Fcomments&post=3196"}],"version-history":[{"count":3,"href":"https:\/\/utfpr.curitiba.br\/dadin\/index.php?rest_route=\/wp\/v2\/posts\/3196\/revisions"}],"predecessor-version":[{"id":3200,"href":"https:\/\/utfpr.curitiba.br\/dadin\/index.php?rest_route=\/wp\/v2\/posts\/3196\/revisions\/3200"}],"wp:attachment":[{"href":"https:\/\/utfpr.curitiba.br\/dadin\/index.php?rest_route=%2Fwp%2Fv2%2Fmedia&parent=3196"}],"wp:term":[{"taxonomy":"category","embeddable":true,"href":"https:\/\/utfpr.curitiba.br\/dadin\/index.php?rest_route=%2Fwp%2Fv2%2Fcategories&post=3196"},{"taxonomy":"post_tag","embeddable":true,"href":"https:\/\/utfpr.curitiba.br\/dadin\/index.php?rest_route=%2Fwp%2Fv2%2Ftags&post=3196"}],"curies":[{"name":"wp","href":"https:\/\/api.w.org\/{rel}","templated":true}]}}