{"id":3033,"date":"2020-08-11T13:52:18","date_gmt":"2020-08-11T13:52:18","guid":{"rendered":"https:\/\/dadin.ct.utfpr.edu.br\/?p=3033"},"modified":"2020-08-11T13:52:33","modified_gmt":"2020-08-11T13:52:33","slug":"atividades-complementares-2","status":"publish","type":"post","link":"https:\/\/utfpr.curitiba.br\/dadin\/?p=3033","title":{"rendered":"Atividades Complementares"},"content":{"rendered":"<p>Durante a pandemia, o atendimento de Atividades Complementares ser\u00e1 atrav\u00e9s dos e-mails das professoras respons\u00e1veis, Maria L\u00facia e Daniela Fernanda.&nbsp; E, <span>havendo a necessidade, por plant\u00e3o <\/span><span>online&nbsp;<\/span><span>via plataforma Meet ou similar.&nbsp;<\/span><\/p>\n<p><span>Esta op\u00e7\u00e3o ocorre nas <\/span><span>ter\u00e7as-feiras, de 19h \u00e0s 20h,<\/span>&nbsp;<span>mediante manifesta\u00e7\u00e3o de pelo menos um aluno. Os interessados <\/span><span>devem encaminhar e-mail para <a href=\"mailto:daniffsilva@yahoo.com.br\" target=\"_blank\" rel=\"noopener noreferrer\">daniffsilva@yahoo.com.br<\/a>&nbsp;OU&nbsp;<a href=\"mailto:mlsiebenrok@gmail.com\" target=\"_blank\" rel=\"noopener noreferrer\">mlsiebenrok@gmail.com<\/a> com at\u00e9 30 minutos de anteced\u00eancia do hor\u00e1rio, tendo como assunto&nbsp;<\/span><span>o t\u00edtulo ATIVIDADES COMPLEMENTARES. <\/span><span>Em resposta ser\u00e1 enviado o link da plataforma onde ocorrer\u00e1 o atendimento. <\/span><\/p>\n<p><span class=\"im\"><span>A partir desta ter\u00e7a (11) j\u00e1 \u00e9 poss\u00edvel solicitar o plant\u00e3o<\/span><span>. Caso nenhum aluno se manifeste a tempo o atendimento de ter\u00e7a n\u00e3o acontece, ficando a possibilidade para a pr\u00f3xima semana.<\/span><br \/>\n<\/span><\/p>\n","protected":false},"excerpt":{"rendered":"<p>Durante a pandemia, o atendimento de Atividades Complementares ser\u00e1 atrav\u00e9s dos e-mails das professoras respons\u00e1veis, Maria L\u00facia e Daniela Fernanda.&nbsp; E, havendo a necessidade, por plant\u00e3o online&nbsp;via plataforma Meet ou similar.&nbsp; Esta op\u00e7\u00e3o ocorre nas ter\u00e7as-feiras, de 19h \u00e0s 20h,&nbsp;mediante manifesta\u00e7\u00e3o de pelo menos um aluno. Os interessados devem encaminhar e-mail para daniffsilva@yahoo.com.br&nbsp;OU&nbsp;mlsiebenrok@gmail.com com at\u00e9 &hellip; <\/p>\n<p class=\"link-more\"><a href=\"https:\/\/utfpr.curitiba.br\/dadin\/?p=3033\" class=\"more-link\">Continue lendo<span class=\"screen-reader-text\"> &#8220;Atividades Complementares&#8221;<\/span><\/a><\/p>\n","protected":false},"author":35,"featured_media":0,"comment_status":"closed","ping_status":"closed","sticky":false,"template":"","format":"standard","meta":{"footnotes":""},"categories":[1],"tags":[],"class_list":["post-3033","post","type-post","status-publish","format-standard","hentry","category-sem-categoria"],"_links":{"self":[{"href":"https:\/\/utfpr.curitiba.br\/dadin\/index.php?rest_route=\/wp\/v2\/posts\/3033","targetHints":{"allow":["GET"]}}],"collection":[{"href":"https:\/\/utfpr.curitiba.br\/dadin\/index.php?rest_route=\/wp\/v2\/posts"}],"about":[{"href":"https:\/\/utfpr.curitiba.br\/dadin\/index.php?rest_route=\/wp\/v2\/types\/post"}],"author":[{"embeddable":true,"href":"https:\/\/utfpr.curitiba.br\/dadin\/index.php?rest_route=\/wp\/v2\/users\/35"}],"replies":[{"embeddable":true,"href":"https:\/\/utfpr.curitiba.br\/dadin\/index.php?rest_route=%2Fwp%2Fv2%2Fcomments&post=3033"}],"version-history":[{"count":2,"href":"https:\/\/utfpr.curitiba.br\/dadin\/index.php?rest_route=\/wp\/v2\/posts\/3033\/revisions"}],"predecessor-version":[{"id":3035,"href":"https:\/\/utfpr.curitiba.br\/dadin\/index.php?rest_route=\/wp\/v2\/posts\/3033\/revisions\/3035"}],"wp:attachment":[{"href":"https:\/\/utfpr.curitiba.br\/dadin\/index.php?rest_route=%2Fwp%2Fv2%2Fmedia&parent=3033"}],"wp:term":[{"taxonomy":"category","embeddable":true,"href":"https:\/\/utfpr.curitiba.br\/dadin\/index.php?rest_route=%2Fwp%2Fv2%2Fcategories&post=3033"},{"taxonomy":"post_tag","embeddable":true,"href":"https:\/\/utfpr.curitiba.br\/dadin\/index.php?rest_route=%2Fwp%2Fv2%2Ftags&post=3033"}],"curies":[{"name":"wp","href":"https:\/\/api.w.org\/{rel}","templated":true}]}}