{"id":3015,"date":"2020-08-11T12:27:16","date_gmt":"2020-08-11T12:27:16","guid":{"rendered":"https:\/\/dadin.ct.utfpr.edu.br\/?p=3015"},"modified":"2020-08-15T17:06:03","modified_gmt":"2020-08-15T17:06:03","slug":"tao-longe-tao-perto-confira-as-atividades-da-semana-e-inscreva-se-2","status":"publish","type":"post","link":"https:\/\/utfpr.curitiba.br\/dadin\/?p=3015","title":{"rendered":"T\u00e3o longe, t\u00e3o perto: confira as atividades da semana e inscreva-se!"},"content":{"rendered":"\t\t<div data-elementor-type=\"wp-post\" data-elementor-id=\"3015\" class=\"elementor elementor-3015\">\n\t\t\t\t\t\t<section class=\"elementor-section elementor-top-section elementor-element elementor-element-35827289 elementor-section-boxed elementor-section-height-default elementor-section-height-default\" data-id=\"35827289\" data-element_type=\"section\" data-e-type=\"section\">\n\t\t\t\t\t\t<div class=\"elementor-container elementor-column-gap-default\">\n\t\t\t\t\t<div class=\"elementor-column elementor-col-100 elementor-top-column elementor-element elementor-element-e0d0660\" data-id=\"e0d0660\" data-element_type=\"column\" data-e-type=\"column\">\n\t\t\t<div class=\"elementor-widget-wrap elementor-element-populated\">\n\t\t\t\t\t\t<div class=\"elementor-element elementor-element-209a6f46 elementor-widget elementor-widget-text-editor\" data-id=\"209a6f46\" data-element_type=\"widget\" data-e-type=\"widget\" data-widget_type=\"text-editor.default\">\n\t\t\t\t<div class=\"elementor-widget-container\">\n\t\t\t\t\t\t\t\t\t<div><p>A programa\u00e7\u00e3o da semana do <strong>T\u00e3o Longe, t\u00e3o perto<\/strong>, j\u00e1 est\u00e1 no ar. Confira e inscreva-se:\u00a0<a href=\"https:\/\/www.even3.com.br\/taolongetaoperto\/\" target=\"_blank\" rel=\"noopener noreferrer\" data-saferedirecturl=\"https:\/\/www.google.com\/url?q=https:\/\/www.even3.com.br\/taolongetaoperto\/&amp;source=gmail&amp;ust=1597234897063000&amp;usg=AFQjCNH3wZDMiIuObbxftj4-lSP22u88GA\">https:\/\/www.<wbr \/>even3.com.br\/taolongetaoperto\/<\/a><\/p><p>A partir de segunda (10), teremos novas atividades com conte\u00fados bacanas sobre design, literatura, teatro e artes visuais. Tudo aberto e gratuito, para continuarmos unidos mesmo com a dist\u00e2ncia da quarentena.<\/p><div id='gallery-1' class='gallery galleryid-3015 gallery-columns-2 gallery-size-medium'><figure class='gallery-item'>\n\t\t\t<div class='gallery-icon portrait'>\n\t\t\t\t<a href='https:\/\/utfpr-ct-static-content.s3.amazonaws.com\/utfpr.curitiba.br\/wp-content\/uploads\/sites\/62\/2020\/08\/dia-100.png'><img fetchpriority=\"high\" decoding=\"async\" width=\"300\" height=\"300\" src=\"https:\/\/utfpr-ct-static-content.s3.amazonaws.com\/utfpr.curitiba.br\/wp-content\/uploads\/sites\/62\/2020\/08\/dia-100-300x300.png\" class=\"attachment-medium size-medium\" alt=\"\" srcset=\"https:\/\/utfpr-ct-static-content.s3.amazonaws.com\/utfpr.curitiba.br\/wp-content\/uploads\/sites\/62\/2020\/08\/dia-100-300x300.png 300w, https:\/\/utfpr-ct-static-content.s3.amazonaws.com\/utfpr.curitiba.br\/wp-content\/uploads\/sites\/62\/2020\/08\/dia-100-1024x1024.png 1024w, https:\/\/utfpr-ct-static-content.s3.amazonaws.com\/utfpr.curitiba.br\/wp-content\/uploads\/sites\/62\/2020\/08\/dia-100-150x150.png 150w, https:\/\/utfpr-ct-static-content.s3.amazonaws.com\/utfpr.curitiba.br\/wp-content\/uploads\/sites\/62\/2020\/08\/dia-100-768x769.png 768w, https:\/\/utfpr-ct-static-content.s3.amazonaws.com\/utfpr.curitiba.br\/wp-content\/uploads\/sites\/62\/2020\/08\/dia-100-100x100.png 100w, https:\/\/utfpr-ct-static-content.s3.amazonaws.com\/utfpr.curitiba.br\/wp-content\/uploads\/sites\/62\/2020\/08\/dia-100.png 1080w\" sizes=\"100vw\" \/><\/a>\n\t\t\t<\/div><\/figure><figure class='gallery-item'>\n\t\t\t<div class='gallery-icon portrait'>\n\t\t\t\t<a href='https:\/\/utfpr-ct-static-content.s3.amazonaws.com\/utfpr.curitiba.br\/wp-content\/uploads\/sites\/62\/2020\/08\/dia-110.png'><img decoding=\"async\" width=\"300\" height=\"300\" src=\"https:\/\/utfpr-ct-static-content.s3.amazonaws.com\/utfpr.curitiba.br\/wp-content\/uploads\/sites\/62\/2020\/08\/dia-110-300x300.png\" class=\"attachment-medium size-medium\" alt=\"\" srcset=\"https:\/\/utfpr-ct-static-content.s3.amazonaws.com\/utfpr.curitiba.br\/wp-content\/uploads\/sites\/62\/2020\/08\/dia-110-300x300.png 300w, https:\/\/utfpr-ct-static-content.s3.amazonaws.com\/utfpr.curitiba.br\/wp-content\/uploads\/sites\/62\/2020\/08\/dia-110-1024x1024.png 1024w, https:\/\/utfpr-ct-static-content.s3.amazonaws.com\/utfpr.curitiba.br\/wp-content\/uploads\/sites\/62\/2020\/08\/dia-110-150x150.png 150w, https:\/\/utfpr-ct-static-content.s3.amazonaws.com\/utfpr.curitiba.br\/wp-content\/uploads\/sites\/62\/2020\/08\/dia-110-768x769.png 768w, https:\/\/utfpr-ct-static-content.s3.amazonaws.com\/utfpr.curitiba.br\/wp-content\/uploads\/sites\/62\/2020\/08\/dia-110-100x100.png 100w, https:\/\/utfpr-ct-static-content.s3.amazonaws.com\/utfpr.curitiba.br\/wp-content\/uploads\/sites\/62\/2020\/08\/dia-110.png 1080w\" sizes=\"100vw\" \/><\/a>\n\t\t\t<\/div><\/figure><figure class='gallery-item'>\n\t\t\t<div class='gallery-icon portrait'>\n\t\t\t\t<a href='https:\/\/utfpr-ct-static-content.s3.amazonaws.com\/utfpr.curitiba.br\/wp-content\/uploads\/sites\/62\/2020\/08\/dia-120.png'><img decoding=\"async\" width=\"300\" height=\"300\" src=\"https:\/\/utfpr-ct-static-content.s3.amazonaws.com\/utfpr.curitiba.br\/wp-content\/uploads\/sites\/62\/2020\/08\/dia-120-300x300.png\" class=\"attachment-medium size-medium\" alt=\"\" srcset=\"https:\/\/utfpr-ct-static-content.s3.amazonaws.com\/utfpr.curitiba.br\/wp-content\/uploads\/sites\/62\/2020\/08\/dia-120-300x300.png 300w, https:\/\/utfpr-ct-static-content.s3.amazonaws.com\/utfpr.curitiba.br\/wp-content\/uploads\/sites\/62\/2020\/08\/dia-120-1024x1024.png 1024w, https:\/\/utfpr-ct-static-content.s3.amazonaws.com\/utfpr.curitiba.br\/wp-content\/uploads\/sites\/62\/2020\/08\/dia-120-150x150.png 150w, https:\/\/utfpr-ct-static-content.s3.amazonaws.com\/utfpr.curitiba.br\/wp-content\/uploads\/sites\/62\/2020\/08\/dia-120-768x769.png 768w, https:\/\/utfpr-ct-static-content.s3.amazonaws.com\/utfpr.curitiba.br\/wp-content\/uploads\/sites\/62\/2020\/08\/dia-120-100x100.png 100w, https:\/\/utfpr-ct-static-content.s3.amazonaws.com\/utfpr.curitiba.br\/wp-content\/uploads\/sites\/62\/2020\/08\/dia-120.png 1080w\" sizes=\"100vw\" \/><\/a>\n\t\t\t<\/div><\/figure><figure class='gallery-item'>\n\t\t\t<div class='gallery-icon portrait'>\n\t\t\t\t<a href='https:\/\/utfpr-ct-static-content.s3.amazonaws.com\/utfpr.curitiba.br\/wp-content\/uploads\/sites\/62\/2020\/08\/dia-12-0.png'><img loading=\"lazy\" decoding=\"async\" width=\"300\" height=\"300\" src=\"https:\/\/utfpr-ct-static-content.s3.amazonaws.com\/utfpr.curitiba.br\/wp-content\/uploads\/sites\/62\/2020\/08\/dia-12-0-300x300.png\" class=\"attachment-medium size-medium\" alt=\"\" srcset=\"https:\/\/utfpr-ct-static-content.s3.amazonaws.com\/utfpr.curitiba.br\/wp-content\/uploads\/sites\/62\/2020\/08\/dia-12-0-300x300.png 300w, https:\/\/utfpr-ct-static-content.s3.amazonaws.com\/utfpr.curitiba.br\/wp-content\/uploads\/sites\/62\/2020\/08\/dia-12-0-1024x1024.png 1024w, https:\/\/utfpr-ct-static-content.s3.amazonaws.com\/utfpr.curitiba.br\/wp-content\/uploads\/sites\/62\/2020\/08\/dia-12-0-150x150.png 150w, https:\/\/utfpr-ct-static-content.s3.amazonaws.com\/utfpr.curitiba.br\/wp-content\/uploads\/sites\/62\/2020\/08\/dia-12-0-768x769.png 768w, https:\/\/utfpr-ct-static-content.s3.amazonaws.com\/utfpr.curitiba.br\/wp-content\/uploads\/sites\/62\/2020\/08\/dia-12-0-100x100.png 100w, https:\/\/utfpr-ct-static-content.s3.amazonaws.com\/utfpr.curitiba.br\/wp-content\/uploads\/sites\/62\/2020\/08\/dia-12-0.png 1080w\" sizes=\"100vw\" \/><\/a>\n\t\t\t<\/div><\/figure><figure class='gallery-item'>\n\t\t\t<div class='gallery-icon portrait'>\n\t\t\t\t<a href='https:\/\/utfpr-ct-static-content.s3.amazonaws.com\/utfpr.curitiba.br\/wp-content\/uploads\/sites\/62\/2020\/08\/dia-130.png'><img loading=\"lazy\" decoding=\"async\" width=\"300\" height=\"300\" src=\"https:\/\/utfpr-ct-static-content.s3.amazonaws.com\/utfpr.curitiba.br\/wp-content\/uploads\/sites\/62\/2020\/08\/dia-130-300x300.png\" class=\"attachment-medium size-medium\" alt=\"\" srcset=\"https:\/\/utfpr-ct-static-content.s3.amazonaws.com\/utfpr.curitiba.br\/wp-content\/uploads\/sites\/62\/2020\/08\/dia-130-300x300.png 300w, https:\/\/utfpr-ct-static-content.s3.amazonaws.com\/utfpr.curitiba.br\/wp-content\/uploads\/sites\/62\/2020\/08\/dia-130-1024x1024.png 1024w, https:\/\/utfpr-ct-static-content.s3.amazonaws.com\/utfpr.curitiba.br\/wp-content\/uploads\/sites\/62\/2020\/08\/dia-130-150x150.png 150w, https:\/\/utfpr-ct-static-content.s3.amazonaws.com\/utfpr.curitiba.br\/wp-content\/uploads\/sites\/62\/2020\/08\/dia-130-768x769.png 768w, https:\/\/utfpr-ct-static-content.s3.amazonaws.com\/utfpr.curitiba.br\/wp-content\/uploads\/sites\/62\/2020\/08\/dia-130-100x100.png 100w, https:\/\/utfpr-ct-static-content.s3.amazonaws.com\/utfpr.curitiba.br\/wp-content\/uploads\/sites\/62\/2020\/08\/dia-130.png 1080w\" sizes=\"100vw\" \/><\/a>\n\t\t\t<\/div><\/figure><figure class='gallery-item'>\n\t\t\t<div class='gallery-icon portrait'>\n\t\t\t\t<a href='https:\/\/utfpr-ct-static-content.s3.amazonaws.com\/utfpr.curitiba.br\/wp-content\/uploads\/sites\/62\/2020\/08\/dia-140.png'><img loading=\"lazy\" decoding=\"async\" width=\"300\" height=\"300\" src=\"https:\/\/utfpr-ct-static-content.s3.amazonaws.com\/utfpr.curitiba.br\/wp-content\/uploads\/sites\/62\/2020\/08\/dia-140-300x300.png\" class=\"attachment-medium size-medium\" alt=\"\" srcset=\"https:\/\/utfpr-ct-static-content.s3.amazonaws.com\/utfpr.curitiba.br\/wp-content\/uploads\/sites\/62\/2020\/08\/dia-140-300x300.png 300w, https:\/\/utfpr-ct-static-content.s3.amazonaws.com\/utfpr.curitiba.br\/wp-content\/uploads\/sites\/62\/2020\/08\/dia-140-1024x1024.png 1024w, https:\/\/utfpr-ct-static-content.s3.amazonaws.com\/utfpr.curitiba.br\/wp-content\/uploads\/sites\/62\/2020\/08\/dia-140-150x150.png 150w, https:\/\/utfpr-ct-static-content.s3.amazonaws.com\/utfpr.curitiba.br\/wp-content\/uploads\/sites\/62\/2020\/08\/dia-140-768x769.png 768w, https:\/\/utfpr-ct-static-content.s3.amazonaws.com\/utfpr.curitiba.br\/wp-content\/uploads\/sites\/62\/2020\/08\/dia-140-100x100.png 100w, https:\/\/utfpr-ct-static-content.s3.amazonaws.com\/utfpr.curitiba.br\/wp-content\/uploads\/sites\/62\/2020\/08\/dia-140.png 1080w\" sizes=\"100vw\" \/><\/a>\n\t\t\t<\/div><\/figure><figure class='gallery-item'>\n\t\t\t<div class='gallery-icon portrait'>\n\t\t\t\t<a href='https:\/\/utfpr-ct-static-content.s3.amazonaws.com\/utfpr.curitiba.br\/wp-content\/uploads\/sites\/62\/2020\/08\/dia-15_10.png'><img loading=\"lazy\" decoding=\"async\" width=\"300\" height=\"300\" src=\"https:\/\/utfpr-ct-static-content.s3.amazonaws.com\/utfpr.curitiba.br\/wp-content\/uploads\/sites\/62\/2020\/08\/dia-15_10-300x300.png\" class=\"attachment-medium size-medium\" alt=\"\" srcset=\"https:\/\/utfpr-ct-static-content.s3.amazonaws.com\/utfpr.curitiba.br\/wp-content\/uploads\/sites\/62\/2020\/08\/dia-15_10-300x300.png 300w, https:\/\/utfpr-ct-static-content.s3.amazonaws.com\/utfpr.curitiba.br\/wp-content\/uploads\/sites\/62\/2020\/08\/dia-15_10-1024x1024.png 1024w, https:\/\/utfpr-ct-static-content.s3.amazonaws.com\/utfpr.curitiba.br\/wp-content\/uploads\/sites\/62\/2020\/08\/dia-15_10-150x150.png 150w, https:\/\/utfpr-ct-static-content.s3.amazonaws.com\/utfpr.curitiba.br\/wp-content\/uploads\/sites\/62\/2020\/08\/dia-15_10-768x769.png 768w, https:\/\/utfpr-ct-static-content.s3.amazonaws.com\/utfpr.curitiba.br\/wp-content\/uploads\/sites\/62\/2020\/08\/dia-15_10-100x100.png 100w, https:\/\/utfpr-ct-static-content.s3.amazonaws.com\/utfpr.curitiba.br\/wp-content\/uploads\/sites\/62\/2020\/08\/dia-15_10.png 1080w\" sizes=\"100vw\" \/><\/a>\n\t\t\t<\/div><\/figure>\n\t\t<\/div>\n<p>Quer saber mais sobre o TLTP? Siga-nos no Instagram e fique ligado em tudo o que est\u00e1 rolando:\u00a0<a href=\"https:\/\/www.instagram.com\/taolonge.taoperto\/\" target=\"_blank\" rel=\"noopener noreferrer\" data-saferedirecturl=\"https:\/\/www.google.com\/url?q=https:\/\/www.instagram.com\/taolonge.taoperto\/&amp;source=gmail&amp;ust=1597234897063000&amp;usg=AFQjCNEbPdN9CrhuozldaAA-CRp8XLaZ9Q\">https:\/\/www.<wbr \/>instagram.com\/taolonge.<wbr \/>taoperto\/<\/a><\/p><\/div><div><p><strong>Ofere\u00e7a uma atividade<\/strong><\/p><p>Todas as atividades do TLTP s\u00e3o oferecidas voluntariamente. Por isso, para nosso projeto continuar funcionando, precisamos de volunt\u00e1rios para oferecer atividades. No s temos certeza que voce sabe alguma coisa muito legal que gostaria de compartilhar com mais gente! Ofere\u00e7a uma fala sobre isso, um curso, ou qualquer outra atividade que voce ache legal. Tem uma ideia? Envie ela por aqui:\u00a0<a href=\"https:\/\/bit.ly\/taolonge-taoperto-proposta-de-atividade\" target=\"_blank\" rel=\"noopener noreferrer\" data-saferedirecturl=\"https:\/\/www.google.com\/url?q=https:\/\/bit.ly\/taolonge-taoperto-proposta-de-atividade&amp;source=gmail&amp;ust=1597234897063000&amp;usg=AFQjCNEqun5nanGnjG5Mja1K-8MXVnUqGw\">https:\/\/bit.ly\/taolonge-<wbr \/>taoperto-proposta-de-atividade<\/a><\/p><p>Vale tudo! Dan\u00e7a, ilustra\u00e7\u00e3o, oficina de softwares, artesanato, medita\u00e7\u00e3o, conversas sobre design ou at\u00e9, quem sabe, um projeto bacana que voc\u00ea esteja desenvolvendo na sua \u00e1rea! O c\u00e9u \u00e9 o limite \ud83d\ude42<\/p><p><strong>SOBRE O T\u00c3O LONGE, T\u00c3O PERTO<\/strong><\/p><p>Diverso, aberto, org\u00e2nico, colaborativo. Esses s\u00e3o os princ\u00edpios que nos guiam na constru\u00e7\u00e3o do &#8220;T\u00e3o longe, t\u00e3o perto&#8221;, movimento criado na UTFPR como um catalisador de atividades e experi\u00eancias ligadas ao design durante o per\u00edodo de pandemia. Somos muitos: professores, t\u00e9cnicos administrativos, estudantes e interessados em design da comunidade externa, construindo juntos um espa\u00e7o de reflex\u00e3o, conhecimento e pluralidade.<\/p><p>Nosso movimento \u00e9 horizontal, dial\u00f3gico e colaborativo. Qualquer pessoa pode ajudar na organiza\u00e7\u00e3o, oferecer e participar das atividades. Somos um movimento vivo, com novas atividades surgindo a todo momento. Crescemos \u00e0 medida que mais pessoas se unem a n\u00f3s. A diversidade \u00e9 for\u00e7a que nos move: nosso movimento abra\u00e7a a pluralidade de temas e vis\u00f5es de mundo, sem opress\u00f5es e sem preconceitos. Una-se a n\u00f3s e fa\u00e7a parte deste movimento!<\/p><p><strong>Vamos trocar ideia no whats?\u00a0<\/strong>Nosso movimento \u00e9 colaborativo, com uma pessoa ajudando a outra. No grupo do whats temos lembretes das atividades e troca de ideias para propor novas. T\u00e1 em d\u00favida sobre o melhor formato ou tema para o que voc\u00ea quer oferecer? L\u00e1 \u00e9 o lugar para pedir opini\u00e3o! Entre aqui:\u00a0<a href=\"https:\/\/chat.whatsapp.com\/FgvHVoeaADf0jqg6RJrTjA\" target=\"_blank\" rel=\"noopener noreferrer\" data-saferedirecturl=\"https:\/\/www.google.com\/url?q=https:\/\/chat.whatsapp.com\/FgvHVoeaADf0jqg6RJrTjA&amp;source=gmail&amp;ust=1597234897063000&amp;usg=AFQjCNEC2dqfa6TdwCLYmSrMISLT2ppRtw\">https:\/\/chat.whatsapp.<wbr \/>com\/FgvHVoeaADf0jqg6RJrTjA<\/a><\/p><\/div>\t\t\t\t\t\t\t\t<\/div>\n\t\t\t\t<\/div>\n\t\t\t\t\t<\/div>\n\t\t<\/div>\n\t\t\t\t\t<\/div>\n\t\t<\/section>\n\t\t\t\t<\/div>\n\t\t","protected":false},"excerpt":{"rendered":"<p>A programa\u00e7\u00e3o da semana do T\u00e3o Longe, t\u00e3o perto, j\u00e1 est\u00e1 no ar. Confira e inscreva-se:&nbsp;https:\/\/www.even3.com.br\/taolongetaoperto\/ A partir de segunda (10), teremos novas atividades com conte\u00fados bacanas sobre design, literatura, teatro e artes visuais. Tudo aberto e gratuito, para continuarmos unidos mesmo com a dist\u00e2ncia da quarentena. Quer saber mais sobre o TLTP? Siga-nos no &hellip; <\/p>\n<p class=\"link-more\"><a href=\"https:\/\/utfpr.curitiba.br\/dadin\/?p=3015\" class=\"more-link\">Continue lendo<span class=\"screen-reader-text\"> &#8220;T\u00e3o longe, t\u00e3o perto: confira as atividades da semana e inscreva-se!&#8221;<\/span><\/a><\/p>\n","protected":false},"author":35,"featured_media":0,"comment_status":"closed","ping_status":"closed","sticky":false,"template":"","format":"standard","meta":{"footnotes":""},"categories":[1],"tags":[],"class_list":["post-3015","post","type-post","status-publish","format-standard","hentry","category-sem-categoria"],"_links":{"self":[{"href":"https:\/\/utfpr.curitiba.br\/dadin\/index.php?rest_route=\/wp\/v2\/posts\/3015","targetHints":{"allow":["GET"]}}],"collection":[{"href":"https:\/\/utfpr.curitiba.br\/dadin\/index.php?rest_route=\/wp\/v2\/posts"}],"about":[{"href":"https:\/\/utfpr.curitiba.br\/dadin\/index.php?rest_route=\/wp\/v2\/types\/post"}],"author":[{"embeddable":true,"href":"https:\/\/utfpr.curitiba.br\/dadin\/index.php?rest_route=\/wp\/v2\/users\/35"}],"replies":[{"embeddable":true,"href":"https:\/\/utfpr.curitiba.br\/dadin\/index.php?rest_route=%2Fwp%2Fv2%2Fcomments&post=3015"}],"version-history":[{"count":9,"href":"https:\/\/utfpr.curitiba.br\/dadin\/index.php?rest_route=\/wp\/v2\/posts\/3015\/revisions"}],"predecessor-version":[{"id":3199,"href":"https:\/\/utfpr.curitiba.br\/dadin\/index.php?rest_route=\/wp\/v2\/posts\/3015\/revisions\/3199"}],"wp:attachment":[{"href":"https:\/\/utfpr.curitiba.br\/dadin\/index.php?rest_route=%2Fwp%2Fv2%2Fmedia&parent=3015"}],"wp:term":[{"taxonomy":"category","embeddable":true,"href":"https:\/\/utfpr.curitiba.br\/dadin\/index.php?rest_route=%2Fwp%2Fv2%2Fcategories&post=3015"},{"taxonomy":"post_tag","embeddable":true,"href":"https:\/\/utfpr.curitiba.br\/dadin\/index.php?rest_route=%2Fwp%2Fv2%2Ftags&post=3015"}],"curies":[{"name":"wp","href":"https:\/\/api.w.org\/{rel}","templated":true}]}}