{"id":2916,"date":"2020-08-06T16:59:04","date_gmt":"2020-08-06T16:59:04","guid":{"rendered":"https:\/\/dadin.ct.utfpr.edu.br\/?p=2916"},"modified":"2020-08-06T23:35:28","modified_gmt":"2020-08-06T23:35:28","slug":"design-da-utfpr-sinaliza-a-fazenda-urbana-de-curitiba","status":"publish","type":"post","link":"https:\/\/utfpr.curitiba.br\/dadin\/?p=2916","title":{"rendered":"Design da UTFPR sinaliza a Fazenda Urbana de Curitiba"},"content":{"rendered":"<p>Leia a mat\u00e9ria: <a href=\"_wp_link_placeholder\" data-wplink-edit=\"true\">https:\/\/www.curitiba.pr.gov.br\/noticias\/alunos-da-utfpr-criam-marca-e-sinalizacao-da-fazenda-urbana-de-curitiba\/56782<\/a><\/p>\n<p>Equipe:<\/p>\n<p>Professores:<br \/>\nEunice Liu, @utlabdesign<br \/>\nJos\u00e9 Marconi, @marconi.design, https:\/\/www.facebook.com\/josemarconibezerradesouza<\/p>\n<p>Alunos:<br \/>\nAna Gabriella Medina Barros, Ana Medina, @hellianthus<br \/>\nAndr\u00e9 Pires Faria de Oliveira, @oi.kuro<br \/>\nCarolina Reis, @caps.dsgn<br \/>\nHaruka Ozawa, @fro.d.lotz<br \/>\nKaique Frias, @frskiq<br \/>\nLais Carvalho, @lspcar<br \/>\nLucas Bindewald Maximino de Lima, @maximino.css<br \/>\nMaria Luiza de Carvalho Rodrigues<br \/>\n@ml_crodrigues<br \/>\nMariana Luiza Siqueira, Mariana Siqueira, @siqqmmari<\/p>\n<p>Depoimentos:<\/p>\n<p>&#8220;A Fazenda Urbana \u00e9 um modelo urbano para se repensar o ciclo do alimento, sua produ\u00e7\u00e3o, distribui\u00e7\u00e3o e consumo, na verdade, o ser humano, seus valores de modo de vida. Vinculando produ\u00e7\u00e3o local, com Mercado Municipal, Banco de Alimentos, o centro promove educa\u00e7\u00e3o de plantios e cultivo de esp\u00e9cies, al\u00e9m de tecnologias sustent\u00e1veis, para qualquer cidad\u00e3o. Foi excelente ter a oportunidade de projetar a interface de comunica\u00e7\u00e3o entre o espa\u00e7o e as pessoas, sinalizando, ilustrando, desenhando marcos e esp\u00e9cies. Parab\u00e9ns a todos os envolvidos!&#8221; Profa. Eunice Liu<\/p>\n<p>&#8220;Me senti muito feliz de ter participado e ter compreendido a viabilidade de orientar nossos alunos sobre temas gr\u00e1ficos, mesmo que a dist\u00e2ncia.<br \/>\n@Eunice me ensinou como as ferramentas tecnol\u00f3gicas podem ser um instrumento de acolhimento numa hora de tanto desespero.&#8221; Prof. Jos\u00e9 Marconi<\/p>\n<p>Al\u00e9m da descoberta de diversas esp\u00e9cies, especialmente das PANCS, que foram as que desenvolvi, \u00e0quelas semanas de reuni\u00f5es online, todo processo de desenvolvimento, alinhamento de ideias e tra\u00e7os, foi extremamente necess\u00e1rio e especial, muito por conta do momento que est\u00e1vamos vivendo, todos juntos descobrindo os desafios e maravilhas da ilustra\u00e7\u00e3o.<br \/>\nObrigada professores Eunice e Marconi, pela dedica\u00e7\u00e3o, por compartilhar o conhecimento e por se fazerem t\u00e3o proximos, ainda que distantes!&#8221; La\u00eds Carvalho<\/p>\n<p>&#8220;Esse projeto foi muito interessante para discutir como criar uma linguagem visual homog\u00eanea em um grupo com diversos tra\u00e7os, estilos de desenho e processos criativos. Foi um trabalho que me fez refletir a import\u00e2ncia das conversas em grupo e tamb\u00e9m, o modo como consumo os alimentos. Todo o processo foi muito horizontal, o que me deixou confort\u00e1vel no momento de criar. S\u00f3 tenho a agradecer a todos que participaram, pelas trocas e pela companhia em um momento t\u00e3o conturbado.&#8221; Mariana Siqueira<\/p>\n<p>&#8220;Foi uma experi\u00eancia maravilhosa em que pude acompanhar os diferentes processos e os estilos que cada um tem para criar, al\u00e9m de colocar em pr\u00e1tica algo que gosto muito, a ilustra\u00e7\u00e3o. E como resultado, poder ver o nosso projeto se tornando realidade e sendo aplicado numa horta comunit\u00e1ria \u00e9 muito gratificante!&#8221; Haruka Ozawa<\/p>\n","protected":false},"excerpt":{"rendered":"<p>Leia a mat\u00e9ria: https:\/\/www.curitiba.pr.gov.br\/noticias\/alunos-da-utfpr-criam-marca-e-sinalizacao-da-fazenda-urbana-de-curitiba\/56782 Equipe: Professores: Eunice Liu, @utlabdesign Jos\u00e9 Marconi, @marconi.design, https:\/\/www.facebook.com\/josemarconibezerradesouza Alunos: Ana Gabriella Medina Barros, Ana Medina, @hellianthus Andr\u00e9 Pires Faria de Oliveira, @oi.kuro Carolina Reis, @caps.dsgn Haruka Ozawa, @fro.d.lotz Kaique Frias, @frskiq Lais Carvalho, @lspcar Lucas Bindewald Maximino de Lima, @maximino.css Maria Luiza de Carvalho Rodrigues @ml_crodrigues Mariana Luiza Siqueira, Mariana &hellip; <\/p>\n<p class=\"link-more\"><a href=\"https:\/\/utfpr.curitiba.br\/dadin\/?p=2916\" class=\"more-link\">Continue lendo<span class=\"screen-reader-text\"> &#8220;Design da UTFPR sinaliza a Fazenda Urbana de Curitiba&#8221;<\/span><\/a><\/p>\n","protected":false},"author":32,"featured_media":0,"comment_status":"closed","ping_status":"closed","sticky":false,"template":"","format":"standard","meta":{"footnotes":""},"categories":[1],"tags":[],"class_list":["post-2916","post","type-post","status-publish","format-standard","hentry","category-sem-categoria"],"_links":{"self":[{"href":"https:\/\/utfpr.curitiba.br\/dadin\/index.php?rest_route=\/wp\/v2\/posts\/2916","targetHints":{"allow":["GET"]}}],"collection":[{"href":"https:\/\/utfpr.curitiba.br\/dadin\/index.php?rest_route=\/wp\/v2\/posts"}],"about":[{"href":"https:\/\/utfpr.curitiba.br\/dadin\/index.php?rest_route=\/wp\/v2\/types\/post"}],"author":[{"embeddable":true,"href":"https:\/\/utfpr.curitiba.br\/dadin\/index.php?rest_route=\/wp\/v2\/users\/32"}],"replies":[{"embeddable":true,"href":"https:\/\/utfpr.curitiba.br\/dadin\/index.php?rest_route=%2Fwp%2Fv2%2Fcomments&post=2916"}],"version-history":[{"count":4,"href":"https:\/\/utfpr.curitiba.br\/dadin\/index.php?rest_route=\/wp\/v2\/posts\/2916\/revisions"}],"predecessor-version":[{"id":2923,"href":"https:\/\/utfpr.curitiba.br\/dadin\/index.php?rest_route=\/wp\/v2\/posts\/2916\/revisions\/2923"}],"wp:attachment":[{"href":"https:\/\/utfpr.curitiba.br\/dadin\/index.php?rest_route=%2Fwp%2Fv2%2Fmedia&parent=2916"}],"wp:term":[{"taxonomy":"category","embeddable":true,"href":"https:\/\/utfpr.curitiba.br\/dadin\/index.php?rest_route=%2Fwp%2Fv2%2Fcategories&post=2916"},{"taxonomy":"post_tag","embeddable":true,"href":"https:\/\/utfpr.curitiba.br\/dadin\/index.php?rest_route=%2Fwp%2Fv2%2Ftags&post=2916"}],"curies":[{"name":"wp","href":"https:\/\/api.w.org\/{rel}","templated":true}]}}