{"id":2900,"date":"2020-08-03T16:30:11","date_gmt":"2020-08-03T16:30:11","guid":{"rendered":"https:\/\/dadin.ct.utfpr.edu.br\/?p=2900"},"modified":"2020-08-03T16:30:11","modified_gmt":"2020-08-03T16:30:11","slug":"tao-longe-tao-perto-confira-as-atividades-da-semana-e-inscreva-se","status":"publish","type":"post","link":"https:\/\/utfpr.curitiba.br\/dadin\/?p=2900","title":{"rendered":"T\u00e3o longe, t\u00e3o perto: confira as atividades da semana e inscreva-se!"},"content":{"rendered":"<p><img fetchpriority=\"high\" decoding=\"async\" class=\"aligncenter wp-image-2901 size-large\" src=\"https:\/\/utfpr-ct-static-content.s3.amazonaws.com\/utfpr.curitiba.br\/wp-content\/uploads\/sites\/62\/2020\/08\/WhatsApp-Image-2020-07-08-at-10.28.22-1015x1024.jpeg\" alt=\"\" width=\"525\" height=\"530\" srcset=\"https:\/\/utfpr-ct-static-content.s3.amazonaws.com\/utfpr.curitiba.br\/wp-content\/uploads\/sites\/62\/2020\/08\/WhatsApp-Image-2020-07-08-at-10.28.22-1015x1024.jpeg 1015w, https:\/\/utfpr-ct-static-content.s3.amazonaws.com\/utfpr.curitiba.br\/wp-content\/uploads\/sites\/62\/2020\/08\/WhatsApp-Image-2020-07-08-at-10.28.22-297x300.jpeg 297w, https:\/\/utfpr-ct-static-content.s3.amazonaws.com\/utfpr.curitiba.br\/wp-content\/uploads\/sites\/62\/2020\/08\/WhatsApp-Image-2020-07-08-at-10.28.22-150x150.jpeg 150w, https:\/\/utfpr-ct-static-content.s3.amazonaws.com\/utfpr.curitiba.br\/wp-content\/uploads\/sites\/62\/2020\/08\/WhatsApp-Image-2020-07-08-at-10.28.22-768x775.jpeg 768w, https:\/\/utfpr-ct-static-content.s3.amazonaws.com\/utfpr.curitiba.br\/wp-content\/uploads\/sites\/62\/2020\/08\/WhatsApp-Image-2020-07-08-at-10.28.22-100x100.jpeg 100w, https:\/\/utfpr-ct-static-content.s3.amazonaws.com\/utfpr.curitiba.br\/wp-content\/uploads\/sites\/62\/2020\/08\/WhatsApp-Image-2020-07-08-at-10.28.22.jpeg 1080w\" sizes=\"(max-width: 525px) 100vw, 525px\" \/><\/p>\n<p><span style=\"font-weight: 400;\">Voltamos com as atividades do <\/span><b>T\u00e3o longe, t\u00e3o perto<\/b><span style=\"font-weight: 400;\">! Agora sem data para\u00a0 acabar, para continuarmos unidos enquanto estamos distantes fisicamente.\u00a0<\/span><\/p>\n<p><span style=\"font-weight: 400;\">Hoje (3), \u00e0s 19h, o T\u00e3o longe, t\u00e3o perto abre os trabalhos com uma roda de conversa aberta. Prepara o caf\u00e9, puxa a cadeira e vem conversar com a gente sobre este movimento que est\u00e1 s\u00f3 crescendo!\u00a0<\/span><\/p>\n<p><span style=\"font-weight: 400;\">Vamos explicar o que \u00e9 o TLTP, apresentar a organiza\u00e7\u00e3o e como voc\u00ea pode se unir a n\u00f3s, al\u00e9m de falar um pouquinho sobre todas as atividades incr\u00edveis que vem por a\u00ed. Convidamos voc\u00ea a compartilhar suas ideias para o evento e contar o que voc\u00ea quer ver por aqui! Inscreva-se: <\/span><a href=\"https:\/\/www.even3.com.br\/taolongetaoperto\/\"><span style=\"font-weight: 400;\">https:\/\/www.even3.com.br\/taolongetaoperto\/<\/span><\/a><\/p>\n<p>&nbsp;<\/p>\n<p><b>CONFIRA TODAS AS ATIVIDADES QUE V\u00c3O ROLAR NA SEMANA: <\/b><a href=\"https:\/\/dadin.ct.utfpr.edu.br\/tao-longe-tao-perto\/\"><b>https:\/\/dadin.ct.utfpr.edu.br\/tao-longe-tao-perto\/<\/b><\/a><\/p>\n<p>&nbsp;<\/p>\n<p><b>SEGUNDA (3\/8)\u00a0<\/b><\/p>\n<p><span style=\"font-weight: 400;\">19h: Abertura | Roda de conversa TLTP<\/span><\/p>\n<p>&nbsp;<\/p>\n<p><b>TER\u00c7A (4\/8)<\/b><\/p>\n<p><span style=\"font-weight: 400;\">17h \u00e0s 19h: Encaderna\u00e7\u00e3o artesanal sem sair de casa<\/span><\/p>\n<p><span style=\"font-weight: 400;\">18h30 \u00e0s 20h: B\u00e1sico do b\u00e1sico: ilustra\u00e7\u00e3o digital com Paint Tool Sai<\/span><\/p>\n<p>&nbsp;<\/p>\n<p><b>QUARTA (5\/8)<\/b><\/p>\n<p><span style=\"font-weight: 400;\">16h \u00e0s 17h30: Como n\u00e3o fazer &#8220;boas fotografias&#8221;<\/span><\/p>\n<p><span style=\"font-weight: 400;\">19h \u00e0s 20h30: Grupo de estudo Paulo Freire e Design<\/span><\/p>\n<p>&nbsp;<\/p>\n<p><b>QUINTA (6\/8)<\/b><\/p>\n<p><span style=\"font-weight: 400;\">15h30 \u00e0s 17h: Mulheres do fim do mundo &#8211; uma conversa sobre empreendedorismo feminino<\/span><\/p>\n<p><span style=\"font-weight: 400;\">19h30 \u00e0s 21h &#8211; Design de personagens e caricaturas com massa de modelar<\/span><\/p>\n<p>&nbsp;<\/p>\n<p><b>SEXTA (7\/8)<\/b><\/p>\n<p><span style=\"font-weight: 400;\">16h30 \u00e0s 18h: Teatro em Pauta &#8211; TUT 2020 (1\u00b0 encontro)<\/span><\/p>\n<p><span style=\"font-weight: 400;\">19h \u00e0s 20h30: Portfolio: dez coisas que voc\u00ea est\u00e1 fazendo errado<\/span><\/p>\n<p><b>Todas as informa\u00e7\u00f5es sobre inscri\u00e7\u00f5es, lista de materiais e mais informa\u00e7\u00f5es sobre as atividades est\u00e3o no nosso site: <\/b><a href=\"https:\/\/dadin.ct.utfpr.edu.br\/tao-longe-tao-perto\/\"><b>https:\/\/dadin.ct.utfpr.edu.br\/tao-longe-tao-perto\/<\/b><\/a><\/p>\n<p><span style=\"font-weight: 400;\">Quer saber mais sobre o TLTP? Nos siga no Instagram e fique ligado em tudo o que est\u00e1 rolando: <\/span><a href=\"https:\/\/www.instagram.com\/taolonge.taoperto\/\"><span style=\"font-weight: 400;\">https:\/\/www.instagram.com\/taolonge.taoperto\/<\/span><\/a><\/p>\n<p>&nbsp;<\/p>\n<p><b>SOBRE O T\u00c3O LONGE, T\u00c3O PERTO<\/b><\/p>\n<p><span style=\"font-weight: 400;\">Diverso, aberto, org\u00e2nico, colaborativo. Esses s\u00e3o os princ\u00edpios que nos guiam na constru\u00e7\u00e3o do &#8220;T\u00e3o longe, t\u00e3o perto&#8221;, movimento criado na UTFPR como um catalisador de atividades e experi\u00eancias ligadas ao design durante o per\u00edodo de pandemia. Somos muitos: professores, estudantes e interessados em design da comunidade externa, construindo juntos um espa\u00e7o de reflex\u00e3o, conhecimento e pluralidade.<\/span><\/p>\n<p><span style=\"font-weight: 400;\">Nosso movimento \u00e9 horizontal, dial\u00f3gico e colaborativo. Qualquer pessoa pode ajudar na organiza\u00e7\u00e3o, oferecer e participar das atividades. Somos um movimento vivo, com novas atividades surgindo a todo momento. Crescemos \u00e0 medida que mais pessoas se unem a n\u00f3s. A diversidade \u00e9 for\u00e7a que nos move: nosso movimento abra\u00e7a a pluralidade de temas e vis\u00f5es de mundo, sem opress\u00f5es e sem preconceitos. Una-se a n\u00f3s e fa\u00e7a parte deste movimento!<\/span><\/p>\n","protected":false},"excerpt":{"rendered":"<p>Voltamos com as atividades do T\u00e3o longe, t\u00e3o perto! Agora sem data para\u00a0 acabar, para continuarmos unidos enquanto estamos distantes fisicamente.\u00a0 Hoje (3), \u00e0s 19h, o T\u00e3o longe, t\u00e3o perto abre os trabalhos com uma roda de conversa aberta. Prepara o caf\u00e9, puxa a cadeira e vem conversar com a gente sobre este movimento que &hellip; <\/p>\n<p class=\"link-more\"><a href=\"https:\/\/utfpr.curitiba.br\/dadin\/?p=2900\" class=\"more-link\">Continue lendo<span class=\"screen-reader-text\"> &#8220;T\u00e3o longe, t\u00e3o perto: confira as atividades da semana e inscreva-se!&#8221;<\/span><\/a><\/p>\n","protected":false},"author":35,"featured_media":0,"comment_status":"closed","ping_status":"closed","sticky":false,"template":"","format":"standard","meta":{"footnotes":""},"categories":[1],"tags":[],"class_list":["post-2900","post","type-post","status-publish","format-standard","hentry","category-sem-categoria"],"_links":{"self":[{"href":"https:\/\/utfpr.curitiba.br\/dadin\/index.php?rest_route=\/wp\/v2\/posts\/2900","targetHints":{"allow":["GET"]}}],"collection":[{"href":"https:\/\/utfpr.curitiba.br\/dadin\/index.php?rest_route=\/wp\/v2\/posts"}],"about":[{"href":"https:\/\/utfpr.curitiba.br\/dadin\/index.php?rest_route=\/wp\/v2\/types\/post"}],"author":[{"embeddable":true,"href":"https:\/\/utfpr.curitiba.br\/dadin\/index.php?rest_route=\/wp\/v2\/users\/35"}],"replies":[{"embeddable":true,"href":"https:\/\/utfpr.curitiba.br\/dadin\/index.php?rest_route=%2Fwp%2Fv2%2Fcomments&post=2900"}],"version-history":[{"count":2,"href":"https:\/\/utfpr.curitiba.br\/dadin\/index.php?rest_route=\/wp\/v2\/posts\/2900\/revisions"}],"predecessor-version":[{"id":2903,"href":"https:\/\/utfpr.curitiba.br\/dadin\/index.php?rest_route=\/wp\/v2\/posts\/2900\/revisions\/2903"}],"wp:attachment":[{"href":"https:\/\/utfpr.curitiba.br\/dadin\/index.php?rest_route=%2Fwp%2Fv2%2Fmedia&parent=2900"}],"wp:term":[{"taxonomy":"category","embeddable":true,"href":"https:\/\/utfpr.curitiba.br\/dadin\/index.php?rest_route=%2Fwp%2Fv2%2Fcategories&post=2900"},{"taxonomy":"post_tag","embeddable":true,"href":"https:\/\/utfpr.curitiba.br\/dadin\/index.php?rest_route=%2Fwp%2Fv2%2Ftags&post=2900"}],"curies":[{"name":"wp","href":"https:\/\/api.w.org\/{rel}","templated":true}]}}