{"id":2796,"date":"2020-07-13T23:05:18","date_gmt":"2020-07-13T23:05:18","guid":{"rendered":"https:\/\/dadin.ct.utfpr.edu.br\/?p=2796"},"modified":"2020-07-13T23:05:18","modified_gmt":"2020-07-13T23:05:18","slug":"tao-longe-tao-perto-programacao-da-segunda-semana","status":"publish","type":"post","link":"https:\/\/utfpr.curitiba.br\/dadin\/?p=2796","title":{"rendered":"T\u00e3o longe, t\u00e3o perto: Programa\u00e7\u00e3o da segunda semana"},"content":{"rendered":"<p><img fetchpriority=\"high\" decoding=\"async\" class=\"alignnone wp-image-2703 size-large\" src=\"https:\/\/utfpr-ct-static-content.s3.amazonaws.com\/utfpr.curitiba.br\/wp-content\/uploads\/sites\/62\/2020\/07\/WhatsApp-Image-2020-07-08-at-10.28.22-1015x1024.jpeg\" alt=\"\" width=\"525\" height=\"530\" srcset=\"https:\/\/utfpr-ct-static-content.s3.amazonaws.com\/utfpr.curitiba.br\/wp-content\/uploads\/sites\/62\/2020\/07\/WhatsApp-Image-2020-07-08-at-10.28.22-1015x1024.jpeg 1015w, https:\/\/utfpr-ct-static-content.s3.amazonaws.com\/utfpr.curitiba.br\/wp-content\/uploads\/sites\/62\/2020\/07\/WhatsApp-Image-2020-07-08-at-10.28.22-297x300.jpeg 297w, https:\/\/utfpr-ct-static-content.s3.amazonaws.com\/utfpr.curitiba.br\/wp-content\/uploads\/sites\/62\/2020\/07\/WhatsApp-Image-2020-07-08-at-10.28.22-150x150.jpeg 150w, https:\/\/utfpr-ct-static-content.s3.amazonaws.com\/utfpr.curitiba.br\/wp-content\/uploads\/sites\/62\/2020\/07\/WhatsApp-Image-2020-07-08-at-10.28.22-768x775.jpeg 768w, https:\/\/utfpr-ct-static-content.s3.amazonaws.com\/utfpr.curitiba.br\/wp-content\/uploads\/sites\/62\/2020\/07\/WhatsApp-Image-2020-07-08-at-10.28.22-100x100.jpeg 100w, https:\/\/utfpr-ct-static-content.s3.amazonaws.com\/utfpr.curitiba.br\/wp-content\/uploads\/sites\/62\/2020\/07\/WhatsApp-Image-2020-07-08-at-10.28.22.jpeg 1080w\" sizes=\"(max-width: 525px) 100vw, 525px\" \/><\/p>\n<p>A primeira semana de aquecimento do\u00a0<a href=\"https:\/\/www.instagram.com\/taolonge.taoperto\/\" target=\"_blank\" rel=\"noopener noreferrer\" data-saferedirecturl=\"https:\/\/www.google.com\/url?q=https:\/\/www.instagram.com\/taolonge.taoperto\/&amp;source=gmail&amp;ust=1594767083933000&amp;usg=AFQjCNFV-jcNCIIFAtsYYjS97WtXyZ63pQ\"><strong>T\u00e3o longe, t\u00e3o perto<\/strong><\/a>\u00a0foi um sucesso! As lives, oficinas e bate-papos reuniram mais de 300 de participantes!<\/p>\n<p>A programa\u00e7\u00e3o da segunda semana continua super legal, com direito a conversas sobre t\u00e9cnicas de ilustra\u00e7\u00e3o, cronofotografia, racismo e tecnologia, intelig\u00eancia emocional e muito mais!<\/p>\n<p>Na segunda-feira (13), a live imperd\u00edvel \u00e9 com o designer e professor portugu\u00eas Eduardo Aires. Entre os v\u00e1rios projetos realizados por ele est\u00e1 a identidade visual da cidade do Porto.<\/p>\n<p>Nesta semana tamb\u00e9m t\u00eam novas mini oficinas na \u00e1rea: tie dye, caligrafia e InDesign para iniciantes, al\u00e9m das \u00faltimas aulas de Photoshop sem gambiarras.<\/p>\n<p>Confira a\u00a0<strong>programa\u00e7\u00e3o completa<\/strong>, fa\u00e7a suas inscri\u00e7\u00f5es e j\u00e1 anote na agenda pra n\u00e3o perder suas atividades favoritas:\u00a0<a href=\"https:\/\/dadin.ct.utfpr.edu.br\/tao-longe-tao-perto\/\" target=\"_blank\" rel=\"noopener noreferrer\" data-saferedirecturl=\"https:\/\/www.google.com\/url?q=https:\/\/dadin.ct.utfpr.edu.br\/tao-longe-tao-perto\/&amp;source=gmail&amp;ust=1594767083933000&amp;usg=AFQjCNFoa3SlXBJdFUz8IIE9PkItipM3Gg\">https:\/\/dadin.ct.utfpr.edu.br\/<wbr \/>tao-longe-tao-perto\/<\/a><\/p>\n<p>&nbsp;<\/p>\n<p>__________________<\/p>\n<p>&nbsp;<\/p>\n<p><strong>SOBRE O T\u00c3O LONGE, T\u00c3O PERTO<\/strong><\/p>\n<p>O T\u00e3o longe, t\u00e3o perto \u00e9 um movimento colaborativo para continuarmos juntos, discutindo e aprendendo design durante este per\u00edodo de isolamento social. Participe das lives e oficinas e ajude este movimento a crescer! Confira a programa\u00e7\u00e3o completa desta semana:\u00a0<a href=\"https:\/\/dadin.ct.utfpr.edu.br\/tao-longe-tao-perto\/\" target=\"_blank\" rel=\"noopener noreferrer\" data-saferedirecturl=\"https:\/\/www.google.com\/url?q=https:\/\/dadin.ct.utfpr.edu.br\/tao-longe-tao-perto\/&amp;source=gmail&amp;ust=1594767083933000&amp;usg=AFQjCNFoa3SlXBJdFUz8IIE9PkItipM3Gg\">https:\/\/dadin.ct.utfpr.edu.br\/<wbr \/>tao-longe-tao-perto\/<\/a><\/p>\n<p><strong>Que tal oferecer uma atividade no evento?<\/strong>\u00a0No s temos certeza que voce sabe alguma coisa muito legal que gostaria de compartilhar com mais gente! Ofere\u00e7a uma fala sobre isso, um curso, ou qualquer outra atividade que voce ache legal. Tem uma ideia? Envie ela por aqui:\u00a0<a href=\"https:\/\/bit.ly\/taolonge-taoperto-proposta-de-atividade\" target=\"_blank\" rel=\"noopener noreferrer\" data-saferedirecturl=\"https:\/\/www.google.com\/url?q=https:\/\/bit.ly\/taolonge-taoperto-proposta-de-atividade&amp;source=gmail&amp;ust=1594767083933000&amp;usg=AFQjCNFe4RMaLmgAct5-tG1KbfWLHqhnFA\">https:\/\/bit.ly\/taolonge-<wbr \/>taoperto-proposta-de-atividade<\/a><\/p>\n<p><strong>Siga-nos no Instagram:<\/strong>\u00a0<a href=\"https:\/\/www.instagram.com\/taolonge.taoperto\/\" target=\"_blank\" rel=\"noopener noreferrer\" data-saferedirecturl=\"https:\/\/www.google.com\/url?q=https:\/\/www.instagram.com\/taolonge.taoperto\/&amp;source=gmail&amp;ust=1594767083933000&amp;usg=AFQjCNFV-jcNCIIFAtsYYjS97WtXyZ63pQ\">https:\/\/www.instagram.com\/<wbr \/>taolonge.taoperto\/<\/a><\/p>\n<p>L\u00e1 sempre postaremos a programa\u00e7\u00e3o da semana, atividades em destaque e lembran\u00e7as di\u00e1rias do que est\u00e1 acontecendo!<\/p>\n<p><strong>Vamos trocar ideia no whats?\u00a0<\/strong>Nosso movimento \u00e9 colaborativo, com uma pessoa ajudando a outra. No grupo do whats temos lembretes das atividades e troca de ideias para propor novas. T\u00e1 em d\u00favida sobre o melhor formato ou tema para o que voc\u00ea quer oferecer? L\u00e1 \u00e9 o lugar para pedir opini\u00e3o! Entre aqui:\u00a0<a href=\"https:\/\/chat.whatsapp.com\/FgvHVoeaADf0jqg6RJrTjA\" target=\"_blank\" rel=\"noopener noreferrer\" data-saferedirecturl=\"https:\/\/www.google.com\/url?q=https:\/\/chat.whatsapp.com\/FgvHVoeaADf0jqg6RJrTjA&amp;source=gmail&amp;ust=1594767083933000&amp;usg=AFQjCNG_zqR5FG6n15uOJ1M3w3Sy_9BDXA\">https:\/\/chat.whatsapp.com\/<wbr \/>FgvHVoeaADf0jqg6RJrTjA<\/a><\/p>\n","protected":false},"excerpt":{"rendered":"<p>A primeira semana de aquecimento do\u00a0T\u00e3o longe, t\u00e3o perto\u00a0foi um sucesso! As lives, oficinas e bate-papos reuniram mais de 300 de participantes! A programa\u00e7\u00e3o da segunda semana continua super legal, com direito a conversas sobre t\u00e9cnicas de ilustra\u00e7\u00e3o, cronofotografia, racismo e tecnologia, intelig\u00eancia emocional e muito mais! Na segunda-feira (13), a live imperd\u00edvel \u00e9 com &hellip; <\/p>\n<p class=\"link-more\"><a href=\"https:\/\/utfpr.curitiba.br\/dadin\/?p=2796\" class=\"more-link\">Continue lendo<span class=\"screen-reader-text\"> &#8220;T\u00e3o longe, t\u00e3o perto: Programa\u00e7\u00e3o da segunda semana&#8221;<\/span><\/a><\/p>\n","protected":false},"author":35,"featured_media":0,"comment_status":"closed","ping_status":"closed","sticky":false,"template":"","format":"standard","meta":{"footnotes":""},"categories":[1],"tags":[],"class_list":["post-2796","post","type-post","status-publish","format-standard","hentry","category-sem-categoria"],"_links":{"self":[{"href":"https:\/\/utfpr.curitiba.br\/dadin\/index.php?rest_route=\/wp\/v2\/posts\/2796","targetHints":{"allow":["GET"]}}],"collection":[{"href":"https:\/\/utfpr.curitiba.br\/dadin\/index.php?rest_route=\/wp\/v2\/posts"}],"about":[{"href":"https:\/\/utfpr.curitiba.br\/dadin\/index.php?rest_route=\/wp\/v2\/types\/post"}],"author":[{"embeddable":true,"href":"https:\/\/utfpr.curitiba.br\/dadin\/index.php?rest_route=\/wp\/v2\/users\/35"}],"replies":[{"embeddable":true,"href":"https:\/\/utfpr.curitiba.br\/dadin\/index.php?rest_route=%2Fwp%2Fv2%2Fcomments&post=2796"}],"version-history":[{"count":1,"href":"https:\/\/utfpr.curitiba.br\/dadin\/index.php?rest_route=\/wp\/v2\/posts\/2796\/revisions"}],"predecessor-version":[{"id":2797,"href":"https:\/\/utfpr.curitiba.br\/dadin\/index.php?rest_route=\/wp\/v2\/posts\/2796\/revisions\/2797"}],"wp:attachment":[{"href":"https:\/\/utfpr.curitiba.br\/dadin\/index.php?rest_route=%2Fwp%2Fv2%2Fmedia&parent=2796"}],"wp:term":[{"taxonomy":"category","embeddable":true,"href":"https:\/\/utfpr.curitiba.br\/dadin\/index.php?rest_route=%2Fwp%2Fv2%2Fcategories&post=2796"},{"taxonomy":"post_tag","embeddable":true,"href":"https:\/\/utfpr.curitiba.br\/dadin\/index.php?rest_route=%2Fwp%2Fv2%2Ftags&post=2796"}],"curies":[{"name":"wp","href":"https:\/\/api.w.org\/{rel}","templated":true}]}}